{"id":4796,"date":"2021-02-12T21:42:27","date_gmt":"2021-02-12T21:42:27","guid":{"rendered":"http:\/\/www.fracturaexpuesta.com.ar\/tango\/?p=4796"},"modified":"2021-02-12T22:17:21","modified_gmt":"2021-02-12T22:17:21","slug":"cintia-trigo-aun-persiste-el-machismo-en-algunos-espacios-de-tango","status":"publish","type":"post","link":"https:\/\/www.fracturaexpuesta.com.ar\/tango\/cintia-trigo-aun-persiste-el-machismo-en-algunos-espacios-de-tango\/","title":{"rendered":"Cintia Trigo: \u201cA\u00fan persiste el machismo en algunos espacios de tango\u201d"},"content":{"rendered":"\n<p class=\"wp-block-paragraph\"><strong>\u00bfUn disco, un libro, una pel\u00edcula?<\/strong><\/p>\n\n\n\n<p class=\"wp-block-paragraph\"><em>The Wall <\/em>de Pink Floyd, uno de los pocos discos cuyos temas realmente necesitan ser escuchados en orden de aparici\u00f3n. Un libro, <em>Fahrenheit 451<\/em> de Ray Bradbury, que me introdujo en el maravilloso mundo de la ciencia ficci\u00f3n y la alegor\u00eda pol\u00edtica. Y todos los del atorrante de Arlt. Una pel\u00edcula, <em>La sociedad de los poetas muertos<\/em> de Peter Weir.<\/p>\n\n\n\n<p class=\"wp-block-paragraph\"><strong>\u00bfUn tango imprescindible?<\/strong><\/p>\n\n\n\n<p class=\"wp-block-paragraph\">\u201cBluses de Boedo\u201d del \u201cTape\u201d Rub\u00edn y \u201cLa calle del\nagujero en la media\u201d de Ra\u00fal Gonz\u00e1lez Tu\u00f1\u00f3n y el \u201cTata\u201d Cedr\u00f3n.&nbsp; Temazos los dos y mis ventanas al Nuevo Tango\nCanci\u00f3n.<\/p>\n\n\n\n<p class=\"wp-block-paragraph\"><strong>\u00bfQu\u00e9 artista o disco recomienda para conocer lo que suena hoy en el tango?<\/strong><\/p>\n\n\n\n<p class=\"wp-block-paragraph\"><em>Mariposa muerta<\/em> del Cuarteto La P\u00faa y Victoria Di Raimondo. Es un disco que sintetiza muchas de las vertientes est\u00e9ticas y po\u00e9ticas del nuevo tango a partir del impecable laburo de grandes referentes y amigues (*).<\/p>\n\n\n\n<p class=\"wp-block-paragraph\"><strong>\u00bfUn referente cl\u00e1sico que no hay que dejar de escuchar?<\/strong><\/p>\n\n\n\n<p class=\"wp-block-paragraph\">Nelly Omar, que adem\u00e1s de cantar desde y con el alma, es\noriunda de los pagos de mi abuela (Guamin\u00ed).<\/p>\n\n\n\n<p class=\"wp-block-paragraph\"><strong>\u00bfC\u00f3mo y cu\u00e1ndo oye m\u00fasica? \u00bfVinilo, CD, mp3 o plataformas digitales?<\/strong><\/p>\n\n\n\n<p class=\"wp-block-paragraph\">Los cd\u00b4s en el auto porque es el \u00fanico reproductor que tengo. En general, en plataformas digitales. Siempre caminado, manejando, cocinando o limpiando. La m\u00fasica, sumada al movimiento, me ayuda a experimentar los avatares de la vida cotidiana como peque\u00f1os cortometrajes o videoclips.<\/p>\n\n\n\n<figure class=\"wp-block-image\"><img loading=\"lazy\" decoding=\"async\" width=\"1024\" height=\"683\" src=\"https:\/\/www.fracturaexpuesta.com.ar\/tango\/wp-content\/uploads\/cintia-trigo-fractura-expuesta-tango-1-1024x683.jpg\" alt=\"\" class=\"wp-image-4799\" srcset=\"https:\/\/www.fracturaexpuesta.com.ar\/tango\/wp-content\/uploads\/cintia-trigo-fractura-expuesta-tango-1-1024x683.jpg 1024w, https:\/\/www.fracturaexpuesta.com.ar\/tango\/wp-content\/uploads\/cintia-trigo-fractura-expuesta-tango-1-300x200.jpg 300w, https:\/\/www.fracturaexpuesta.com.ar\/tango\/wp-content\/uploads\/cintia-trigo-fractura-expuesta-tango-1-768x512.jpg 768w, https:\/\/www.fracturaexpuesta.com.ar\/tango\/wp-content\/uploads\/cintia-trigo-fractura-expuesta-tango-1.jpg 2048w\" sizes=\"auto, (max-width: 1024px) 100vw, 1024px\" \/><figcaption>Trigo: \u00abEl tango es un bien cultural no valorizado ni preservado por los gobiernos\u00bb. <\/figcaption><\/figure>\n\n\n\n<p class=\"wp-block-paragraph\"><strong>\u00bfQu\u00e9 ama del tango?<\/strong><\/p>\n\n\n\n<p class=\"wp-block-paragraph\">Su sentido comunitario y la complicidad que genera entre sus seguidores. A les tangueres que acompa\u00f1an las luchas. La militancia incansable de creadores, int\u00e9rpretes, intelectuales y difusores del g\u00e9nero. Que seamos cada vez m\u00e1s las pibas y disidencias ocupando diferentes roles en el ambiente. La m\u00edtica de los espacios del under tanguero. El potencial que tiene su poes\u00eda y m\u00fasica para renovarse y conquistar a las nuevas generaciones.<\/p>\n\n\n\n<p class=\"wp-block-paragraph\"><strong>\u00bfQu\u00e9 detesta del tango?<\/strong><\/p>\n\n\n\n<p class=\"wp-block-paragraph\">A los detractores de lo nuevo. A los imitadores. El machismo que a\u00fan persiste en algunos espacios. Que muchos s\u00f3lo lo asocien con ideas y est\u00e9ticas conservadoras y que desconozcan las nuevas movidas y artistas. Que sea un bien cultural no valorizado ni preservado por los gobiernos, ni difundido por los medios masivos de comunicaci\u00f3n.<\/p>\n\n\n\n<blockquote class=\"wp-block-quote is-layout-flow wp-block-quote-is-layout-flow\"><p>\u00abA veces, estos momentos de pausa forzada nos sirven para poner en perspectiva el laburo que venimos haciendo y la cantidad de tangueres que somos\u00bb.<\/p><\/blockquote>\n\n\n\n<p class=\"wp-block-paragraph\"><strong>Si no se dedicara al tango \u00bfser\u00eda\u2026?<\/strong><\/p>\n\n\n\n<p class=\"wp-block-paragraph\">Sinceramente no podr\u00eda decir que me dedico al tango. Me\ndedico sobre todo a la docencia que es la salida laboral para la mayor\u00eda de les\nartistas y con eso financio mis proyectos tangueros. \u00bfPodremos alguna vez\ndedicarnos enteramente a nuestro arte? En esa lucha estamos. En un universo\nparalelo, ser\u00eda rockera o escritora.<\/p>\n\n\n\n<p class=\"wp-block-paragraph\"><strong>\u00bfCu\u00e1l fue su \u00faltimo sue\u00f1o?<\/strong><\/p>\n\n\n\n<p class=\"wp-block-paragraph\">En sentido literal, anoche so\u00f1\u00e9 que me atacaba una horda\nde zombies. \u00bfApocalipsis corona-zombie? \u00a1Qu\u00e9 Freud nos ampare! Metaf\u00f3ricamente,\nhace unos a\u00f1os cumpl\u00ed uno de mis sue\u00f1os al grabar con La Vagabunda un disco\nrepleto de mis canciones. Que esos temas hayan sonado en la radio y sean\ninterpretados por otres artistas, ha superado cualquier tipo de expectativa.<\/p>\n\n\n\n<p class=\"wp-block-paragraph\"><strong>Diga lo que tenga ganas de expresar en este momento\u2026<\/strong><\/p>\n\n\n\n<p class=\"wp-block-paragraph\">Quiero aprovechar para decir que estoy orgullosa del poder de organizaci\u00f3n que ha demostrado la comunidad tanguera durante esta pandemia. Los momentos de crisis ponen en evidencia que la \u00fanica forma de salir adelante es unidos y trabajando colectivamente. El tango se ha visto atravesado fuertemente por la coyuntura pol\u00edtica, econ\u00f3mica y social y ha reaccionado con un nivel de militancia inspirador y pocas veces visto en el g\u00e9nero. A veces, estos momentos de pausa forzada nos sirven para poner en perspectiva el laburo que venimos haciendo y la cantidad de tangueres que somos. En este sentido, le hemos sacado buen provecho a un a\u00f1o tan nefasto.\u00a0 Estoy ansiosa por ver la catarata de obras y proyectos post-pandemia que vendr\u00e1n en este 2021. El Tango est\u00e1 vivo y en movimiento. Y no lo para nadie.<\/p>\n\n\n\n<iframe loading=\"lazy\" width=\"600\" height=\"355\" src=\"https:\/\/www.youtube.com\/embed\/NHbDjh6fkRw\" frameborder=\"0\" allow=\"accelerometer; autoplay; clipboard-write; encrypted-media; gyroscope; picture-in-picture\" allowfullscreen><\/iframe>\n\n\n\n<p class=\"has-small-font-size wp-block-paragraph\"><\/p>\n\n\n\n<p class=\"wp-block-paragraph\" style=\"font-size:12px\"><em>(*) La redacci\u00f3n de este medio reprodujo el lenguaje inclusivo utilizado por la entrevistada.<\/em><\/p>\n","protected":false},"excerpt":{"rendered":"<p>La cantautora es una de las voces representativas de la nueva canci\u00f3n tanguera. Responde el Cuestionario Fractura Expuesta y resalta el \u00abpoder de organizaci\u00f3n\u00bb del movimiento del tango durante la pandemia.<\/p>\n","protected":false},"author":1,"featured_media":4807,"comment_status":"open","ping_status":"open","sticky":false,"template":"","format":"standard","meta":{"footnotes":""},"categories":[159],"tags":[360,161,32,144,111],"class_list":["post-4796","post","type-post","status-publish","format-standard","has-post-thumbnail","hentry","category-cuestionario-fractura-expuesta","tag-cintia-trigo","tag-cuestionario-fractura-expuesta","tag-featured","tag-la-vagabunda","tag-tango"],"_links":{"self":[{"href":"https:\/\/www.fracturaexpuesta.com.ar\/tango\/wp-json\/wp\/v2\/posts\/4796","targetHints":{"allow":["GET"]}}],"collection":[{"href":"https:\/\/www.fracturaexpuesta.com.ar\/tango\/wp-json\/wp\/v2\/posts"}],"about":[{"href":"https:\/\/www.fracturaexpuesta.com.ar\/tango\/wp-json\/wp\/v2\/types\/post"}],"author":[{"embeddable":true,"href":"https:\/\/www.fracturaexpuesta.com.ar\/tango\/wp-json\/wp\/v2\/users\/1"}],"replies":[{"embeddable":true,"href":"https:\/\/www.fracturaexpuesta.com.ar\/tango\/wp-json\/wp\/v2\/comments?post=4796"}],"version-history":[{"count":8,"href":"https:\/\/www.fracturaexpuesta.com.ar\/tango\/wp-json\/wp\/v2\/posts\/4796\/revisions"}],"predecessor-version":[{"id":4808,"href":"https:\/\/www.fracturaexpuesta.com.ar\/tango\/wp-json\/wp\/v2\/posts\/4796\/revisions\/4808"}],"wp:featuredmedia":[{"embeddable":true,"href":"https:\/\/www.fracturaexpuesta.com.ar\/tango\/wp-json\/wp\/v2\/media\/4807"}],"wp:attachment":[{"href":"https:\/\/www.fracturaexpuesta.com.ar\/tango\/wp-json\/wp\/v2\/media?parent=4796"}],"wp:term":[{"taxonomy":"category","embeddable":true,"href":"https:\/\/www.fracturaexpuesta.com.ar\/tango\/wp-json\/wp\/v2\/categories?post=4796"},{"taxonomy":"post_tag","embeddable":true,"href":"https:\/\/www.fracturaexpuesta.com.ar\/tango\/wp-json\/wp\/v2\/tags?post=4796"}],"curies":[{"name":"wp","href":"https:\/\/api.w.org\/{rel}","templated":true}]}}