{"id":4823,"date":"2021-02-21T15:33:54","date_gmt":"2021-02-21T15:33:54","guid":{"rendered":"http:\/\/www.fracturaexpuesta.com.ar\/tango\/?p=4823"},"modified":"2021-10-27T02:01:24","modified_gmt":"2021-10-27T02:01:24","slug":"picadito-de-tango-21-se-mueve-el-asunto","status":"publish","type":"post","link":"https:\/\/www.fracturaexpuesta.com.ar\/tango\/picadito-de-tango-21-se-mueve-el-asunto\/","title":{"rendered":"Picadito de tango #21: se mueve el asunto"},"content":{"rendered":"\n<p style=\"color:#ff0004;font-size:28px\" class=\"has-text-color wp-block-paragraph\"><strong>Tangueros y g\u00f3ticos<\/strong><\/p>\n\n\n\n<p class=\"wp-block-paragraph\">Tang\u00f3tico es el d\u00fao que conformaron el cantante Alfredo Piro y el pianista -actualmente radicado en Francia- Pablo Montanelli. Ambos dieron a conocer recientemente su \u00e1lbum debut, al que titularon sencillamente <em>Vol. I<\/em>.<\/p>\n\n\n\n<p class=\"wp-block-paragraph\">Piro y Montanelli se juntan para compartir y amalgamar\nsus influencias musicales en un disco que respira rock y tango. \u201cCon nuestro\ncruce de caminos terminamos de juntar las piezas de un rompecabezas. Cada uno\ntrajo su bagaje, fue la uni\u00f3n de obras instrumentales de uno con letras\naportadas por el otro y as\u00ed empezaron a ser canciones\u201d, cuentan los m\u00fasicos.<\/p>\n\n\n\n<p class=\"wp-block-paragraph\">Grabado en plena pandemia 2020 de manera remota entre\nFrancia y la Argentina, el trabajo re\u00fane 6 canciones propias y cuenta con la\nparticipaci\u00f3n especial de artistas como Victoria Di Raimondo (voz en \u00abEs\nOto\u00f1o\u201d), Julio Coviello (bandone\u00f3n en \u00abTango de No Amor\u00bb), Jacqueline\nOroc (violoncello en \u00abEl Viajero\u00bb, \u00abMuerte Dulce\u00bb y\n\u00abCoda\u00bb) y Agust\u00edn Silberlieb (bater\u00eda).<\/p>\n\n\n\n<p class=\"wp-block-paragraph\">El material se presentar\u00e1 en vivo el viernes 12 de marzo\nen Pista Urbana.<\/p>\n\n\n\n<p class=\"wp-block-paragraph\"><strong>Mir\u00e1 el video de \u201cMuerte dulce\u201d:<\/strong><\/p>\n\n\n\n<iframe loading=\"lazy\" width=\"600\" height=\"355\" src=\"https:\/\/www.youtube.com\/embed\/FoX3Ic4l8iw\" frameborder=\"0\" allow=\"accelerometer; autoplay; clipboard-write; encrypted-media; gyroscope; picture-in-picture\" allowfullscreen><\/iframe>\n\n\n\n<p class=\"wp-block-paragraph\"><\/p>\n\n\n\n<p style=\"color:#ff0004;font-size:28px\" class=\"has-text-color wp-block-paragraph\"><strong>Milonga de a tres<\/strong><\/p>\n\n\n\n<p class=\"wp-block-paragraph\">Guido Iacopetti (Sexteto Fantasma), Santi Mart\u00ednez (el\nKuelgue) y Litto Nebbia como invitado, son los protagonistas del lanzamiento de\n\u201cLa noche del colibr\u00ed\u201d.<\/p>\n\n\n\n<p class=\"wp-block-paragraph\">La versi\u00f3n del tema, creado por Nebbia, es el puntapi\u00e9 de\nun conjunto de canciones que Iacopetti y Mart\u00ednez vienen produciendo en formato\nfolcl\u00f3rico y tanguero con la idea de \u201ccrear un lenguaje de canci\u00f3n nueva y disruptiva,\nsin miedo a jugar con el rock o sonidos electr\u00f3nicos\u201d, dicen.<\/p>\n\n\n\n<p class=\"wp-block-paragraph\"><strong>Escuch\u00e1 \u201cLa noche del colibr\u00ed\u201d:<\/strong><\/p>\n\n\n\n<iframe loading=\"lazy\" width=\"600\" height=\"355\" src=\"https:\/\/www.youtube.com\/embed\/Cy79RD8ygJo\" frameborder=\"0\" allow=\"accelerometer; autoplay; clipboard-write; encrypted-media; gyroscope; picture-in-picture\" allowfullscreen><\/iframe>\n\n\n\n<p class=\"wp-block-paragraph\"><\/p>\n\n\n\n<p style=\"color:#ff0004;font-size:28px\" class=\"has-text-color wp-block-paragraph\"><strong>\u00bfQu\u00e9 me Contursi?<\/strong><\/p>\n\n\n\n<p class=\"wp-block-paragraph\">La cantante Grisel Bercovich public\u00f3 recientemente su EP <em>Grisel canta a Contursi<\/em>, un material de voz y piano que re\u00fane una selecci\u00f3n de tangos-canci\u00f3n que el legendario letrista le dedic\u00f3 a su musa inspiradora, Susana Gricel Vigan\u00f3.<\/p>\n\n\n\n<p class=\"wp-block-paragraph\">\u201cTu\u201d, \u201cCristal\u201d, \u201cTango triste\u201d y \u201cGricel\u201d son las\nversiones que Bercovich interpreta y&nbsp; que\ntambi\u00e9n ser\u00e1n parte de un espect\u00e1culo teatral que proyecta su estreno para marzo.\n<\/p>\n\n\n\n<p class=\"wp-block-paragraph\"><strong>Escuch\u00e1 \u201cTu\u201d por Grisel Bercovich:<\/strong><\/p>\n\n\n\n<iframe loading=\"lazy\" width=\"600\" height=\"355\" src=\"https:\/\/www.youtube.com\/embed\/khxjb2kf4OQ\" frameborder=\"0\" allow=\"accelerometer; autoplay; clipboard-write; encrypted-media; gyroscope; picture-in-picture\" allowfullscreen><\/iframe>\n\n\n\n<p class=\"wp-block-paragraph\"><\/p>\n","protected":false},"excerpt":{"rendered":"<p>De manera gradual, el tango comienza a retomar su habitual camino de lanzamientos y presentaciones.<\/p>\n","protected":false},"author":1,"featured_media":4824,"comment_status":"open","ping_status":"open","sticky":false,"template":"","format":"standard","meta":{"footnotes":""},"categories":[3],"tags":[361,367,32,366,191,365,362,201,364,111,363],"class_list":["post-4823","post","type-post","status-publish","format-standard","has-post-thumbnail","hentry","category-noticias","tag-alfredo-piro","tag-contursi","tag-featured","tag-grisel-bercovich","tag-guido-iacopetti","tag-litto-nebbia","tag-pablo-montanelli","tag-picadito","tag-santi-martinez","tag-tango","tag-tangotico"],"_links":{"self":[{"href":"https:\/\/www.fracturaexpuesta.com.ar\/tango\/wp-json\/wp\/v2\/posts\/4823","targetHints":{"allow":["GET"]}}],"collection":[{"href":"https:\/\/www.fracturaexpuesta.com.ar\/tango\/wp-json\/wp\/v2\/posts"}],"about":[{"href":"https:\/\/www.fracturaexpuesta.com.ar\/tango\/wp-json\/wp\/v2\/types\/post"}],"author":[{"embeddable":true,"href":"https:\/\/www.fracturaexpuesta.com.ar\/tango\/wp-json\/wp\/v2\/users\/1"}],"replies":[{"embeddable":true,"href":"https:\/\/www.fracturaexpuesta.com.ar\/tango\/wp-json\/wp\/v2\/comments?post=4823"}],"version-history":[{"count":4,"href":"https:\/\/www.fracturaexpuesta.com.ar\/tango\/wp-json\/wp\/v2\/posts\/4823\/revisions"}],"predecessor-version":[{"id":4828,"href":"https:\/\/www.fracturaexpuesta.com.ar\/tango\/wp-json\/wp\/v2\/posts\/4823\/revisions\/4828"}],"wp:featuredmedia":[{"embeddable":true,"href":"https:\/\/www.fracturaexpuesta.com.ar\/tango\/wp-json\/wp\/v2\/media\/4824"}],"wp:attachment":[{"href":"https:\/\/www.fracturaexpuesta.com.ar\/tango\/wp-json\/wp\/v2\/media?parent=4823"}],"wp:term":[{"taxonomy":"category","embeddable":true,"href":"https:\/\/www.fracturaexpuesta.com.ar\/tango\/wp-json\/wp\/v2\/categories?post=4823"},{"taxonomy":"post_tag","embeddable":true,"href":"https:\/\/www.fracturaexpuesta.com.ar\/tango\/wp-json\/wp\/v2\/tags?post=4823"}],"curies":[{"name":"wp","href":"https:\/\/api.w.org\/{rel}","templated":true}]}}