{"id":4849,"date":"2021-03-01T19:33:33","date_gmt":"2021-03-01T19:33:33","guid":{"rendered":"http:\/\/www.fracturaexpuesta.com.ar\/tango\/?p=4849"},"modified":"2021-03-01T19:44:52","modified_gmt":"2021-03-01T19:44:52","slug":"100-anos-de-piazzolla-las-propuestas-mas-destacadas","status":"publish","type":"post","link":"https:\/\/www.fracturaexpuesta.com.ar\/tango\/100-anos-de-piazzolla-las-propuestas-mas-destacadas\/","title":{"rendered":"100 a\u00f1os de Piazzolla: las propuestas m\u00e1s destacadas"},"content":{"rendered":"\n<p style=\"color:#ff0004;font-size:26px\" class=\"has-text-color wp-block-paragraph\"><strong>Plataforma Piazzolla\n100<\/strong><\/p>\n\n\n\n<p class=\"wp-block-paragraph\">Recientemente lanzada, <a rel=\"noreferrer noopener\" aria-label=\"www.piazzolla100official.com (abre en una nueva pesta\u00f1a)\" href=\"http:\/\/www.piazzolla100official.com\" target=\"_blank\"><strong>www.piazzolla100official.com<\/strong><\/a> es <strong>la plataforma oficial de contenidos del centenario de Piazzolla<\/strong>. Desde all\u00ed se podr\u00e1n seguir y consultar todas las actividades impulsadas por la Fundaci\u00f3n Astor Piazzolla que tendr\u00e1n lugar a lo largo de 2021 en la Argentina y en todo el mundo.<\/p>\n\n\n\n<p class=\"wp-block-paragraph\">Adem\u00e1s de las celebraciones musicales, el portal cuenta\nadem\u00e1s con testimonios de Astor, m\u00fasica, videos y, seg\u00fan se inform\u00f3, se\npublicar\u00e1 un di\u00e1logo \u00edntimo con su hija Diana junto a an\u00e9cdotas de vivencias\nfamiliares.<\/p>\n\n\n\n<p style=\"color:#ff0004;font-size:26px\" class=\"has-text-color wp-block-paragraph\"><strong>Gran muestra y actividades en el CCK<\/strong><\/p>\n\n\n\n<p class=\"wp-block-paragraph\">Desde el <strong>11 de marzo<\/strong>, el CCK presentar\u00e1 \u201cla primera <strong>muestra inmersiva<\/strong> de la Argentina\u201d con epicentro en Astor Piazzolla. Ser\u00e1, seg\u00fan indicaron los organizadores, una iniciativa que permitir\u00e1 \u201cvivir una experiencia \u00fanica\u201d alrededor de la vida del m\u00fasico.<\/p>\n\n\n\n<p class=\"wp-block-paragraph\">La muestra homenaje comenzar\u00e1 en marzo, con el cumplea\u00f1os del bandoneonista, pero se extender\u00e1 a lo largo de <strong>todo el a\u00f1o<\/strong> y reunir\u00e1 a <strong>artistas de diferentes disciplinas<\/strong> inspirados \u201cen su producci\u00f3n y en epifan\u00edas de su vida\u201d. Habr\u00e1 adem\u00e1s <strong>un programa musical con tres ejes<\/strong>: Conciertos Homenaje a los Ensambles Emblem\u00e1ticos, Los Discos Esenciales y Ciclos.<\/p>\n\n\n\n<div class=\"wp-block-image\"><figure class=\"aligncenter is-resized\"><img loading=\"lazy\" decoding=\"async\" src=\"https:\/\/www.fracturaexpuesta.com.ar\/tango\/wp-content\/uploads\/Astor-piazzolla-tango.jpg\" alt=\"\" class=\"wp-image-4851\" width=\"492\" height=\"486\" srcset=\"https:\/\/www.fracturaexpuesta.com.ar\/tango\/wp-content\/uploads\/Astor-piazzolla-tango.jpg 438w, https:\/\/www.fracturaexpuesta.com.ar\/tango\/wp-content\/uploads\/Astor-piazzolla-tango-300x297.jpg 300w, https:\/\/www.fracturaexpuesta.com.ar\/tango\/wp-content\/uploads\/Astor-piazzolla-tango-100x100.jpg 100w\" sizes=\"auto, (max-width: 492px) 100vw, 492px\" \/><figcaption>Multiples actividades para celebrar al gran bandoneonista argentino.<\/figcaption><\/figure><\/div>\n\n\n\n<p class=\"wp-block-paragraph\"><\/p>\n\n\n\n<p style=\"color:#ff0004;font-size:26px\" class=\"has-text-color wp-block-paragraph\"><strong>Piazzolla en el Col\u00f3n<\/strong><\/p>\n\n\n\n<p class=\"wp-block-paragraph\">Del <strong>5 al 14 de marzo y del 16 al 20<\/strong>, el Teatro Col\u00f3n prepar\u00f3 una extensa grilla de c<strong>onciertos para celebrar los 100 a\u00f1os de Astor<\/strong>. <strong>Es la reapertura del Col\u00f3n<\/strong> luego de un a\u00f1o de inactividad.<\/p>\n\n\n\n<p class=\"wp-block-paragraph\">La Orquesta Estable del Teatro Col\u00f3n, el Quinteto Astor Piazzolla, la Orquesta Filarm\u00f3nica de Buenos Aires, Escalandrum, la Camerata Bariloche y la Orquesta Escuela de Tango Emilio Balcarce, ser\u00e1n algunas de las formaciones programas para interpretar la obra de Piazzolla. <\/p>\n\n\n\n<p class=\"wp-block-paragraph\">A eso se suma una extensa grilla con artistas junto a figuras como <strong>Susana Rinaldi, Daniel Binelli, Amelita Baltar, Jairo, Ra\u00fal Lavi\u00e9, Jairo, Elena Roger, Julio Pane, N\u00e9stor Marconi y Horacio Lavandera<\/strong>, entre otros. <\/p>\n\n\n\n<p class=\"wp-block-paragraph\">La programaci\u00f3n completa se puede consultar <a rel=\"noreferrer noopener\" aria-label=\"en este enlace (abre en una nueva pesta\u00f1a)\" href=\"https:\/\/teatrocolon.org.ar\/es\/temporada?field_category_tags_target_id%5B75%5D=75\" target=\"_blank\"><strong>en este enlace<\/strong><\/a>. <\/p>\n\n\n\n<p style=\"color:#ff0004;font-size:26px\" class=\"has-text-color wp-block-paragraph\"><strong>Piazzolla en el Obelisco<\/strong><\/p>\n\n\n\n<p class=\"wp-block-paragraph\">Con fecha tentativa para <strong>fines de noviembre<\/strong> se anuncia un concierto p\u00fablico y gratuito en el Obelisco que contemplar\u00e1 cuatro momentos salientes de la creaci\u00f3n del bandoneonista: <strong>\u201cPiazzolla Sinf\u00f3nico\u201d; \u201cPiazzolla y el Jazz\u201d<\/strong>, a cargo de Escalandrum, liderado por Daniel \u201cPipi\u201d Piazzolla (nieto de Astor); <strong>\u201cPiazzolla y el Tango\u201d<\/strong>, a cargo del Quinteto Astor Piazzolla; y <strong>\u201cPiazzolla repertorio cantado\u201d<\/strong>, con cantantes argentinos dirigidos por Nicol\u00e1s Guerschberg.<\/p>\n\n\n\n<iframe loading=\"lazy\" width=\"600\" height=\"355\" src=\"https:\/\/www.youtube.com\/embed\/lUgfZqraQNs\" frameborder=\"0\" allow=\"accelerometer; autoplay; clipboard-write; encrypted-media; gyroscope; picture-in-picture\" allowfullscreen><\/iframe>\n\n\n\n<p class=\"wp-block-paragraph\"><\/p>\n\n\n\n<p style=\"color:#ff0004;font-size:26px\" class=\"has-text-color wp-block-paragraph\"><strong>Experiencia Piazzolla\n2021<\/strong><\/p>\n\n\n\n<p class=\"wp-block-paragraph\">En la <strong>Ciudad Cultural Konex se celebrar\u00e1 en octubre<\/strong> -con fecha a confirmar- el festival Experiencia Piazzolla 2021, <strong>con curador\u00eda de \u201cPipi\u201d Piazzolla, nieto de Astor<\/strong>. Un anticipo pudo verse a principios de octubre de 2020 con un recital emitido en streaming en el que participaron el Quinteto Astor Piazzolla, Sandra Mihanovich, Paula Maff\u00eda, Yamile Burich y el Tr\u00edo Luminar.<\/p>\n\n\n\n<p style=\"color:#ff0000;font-size:26px\" class=\"has-text-color wp-block-paragraph\"><strong>Piazzolla en la radio<\/strong><\/p>\n\n\n\n<p class=\"wp-block-paragraph\">Desde febrero, la <a rel=\"noreferrer noopener\" aria-label=\"Radio P\u00fablica de la Argentina (AM 870) (abre en una nueva pesta\u00f1a)\" href=\"https:\/\/www.radionacional.com.ar\/\" target=\"_blank\"><strong>Radio P\u00fablica de la Argentina (AM 870)<\/strong><\/a> pone al aire el programa <strong>Estaci\u00f3n Piazzolla\/100 A\u00d1OS<\/strong>.<\/p>\n\n\n\n<p class=\"wp-block-paragraph\">Todos <strong>los domingos de 11 a 12, V\u00edctor Hugo Morales<\/strong> conduce este espacio que cuenta con la producci\u00f3n general y textos de Nicol\u00e1s Tolcachier, la edici\u00f3n art\u00edstica de Juan Derventzis y la coordinaci\u00f3n de Ricardo Cutufos.<\/p>\n\n\n\n<p class=\"wp-block-paragraph\">En Estaci\u00f3n Piazzolla\/100 A\u00d1OS V\u00edctor Hugo hilvana\nhistorias, m\u00fasicas, grabaciones in\u00e9ditas, el despliegue de los int\u00e9rpretes de\nAstor en todo el planeta, testimonios, an\u00e9cdotas y conversaciones con quienes\nrecorren el tango nuevo.<\/p>\n\n\n\n<div class=\"wp-block-image\"><figure class=\"aligncenter\"><img loading=\"lazy\" decoding=\"async\" width=\"640\" height=\"360\" src=\"https:\/\/www.fracturaexpuesta.com.ar\/tango\/wp-content\/uploads\/astor-piazzolla-centenario.jpg\" alt=\"\" class=\"wp-image-4854\" srcset=\"https:\/\/www.fracturaexpuesta.com.ar\/tango\/wp-content\/uploads\/astor-piazzolla-centenario.jpg 640w, https:\/\/www.fracturaexpuesta.com.ar\/tango\/wp-content\/uploads\/astor-piazzolla-centenario-300x169.jpg 300w\" sizes=\"auto, (max-width: 640px) 100vw, 640px\" \/><figcaption>Un centenario con proyecci\u00f3n nacional e internacional.<\/figcaption><\/figure><\/div>\n\n\n\n<p class=\"wp-block-paragraph\"><\/p>\n\n\n\n<p style=\"color:#ff0004;font-size:26px\" class=\"has-text-color wp-block-paragraph\"><strong>Mundo Piazzolla<\/strong><\/p>\n\n\n\n<p class=\"wp-block-paragraph\">Del <strong>11 al 13 de marzo, la Usina del Arte desplegar\u00e1 \u00abMundo Piazzolla\u00bb<\/strong>, un ciclo de actividades tributo que incluir\u00e1 seminarios y conciertos. La programaci\u00f3n podr\u00e1 consultarse en <a rel=\"noreferrer noopener\" aria-label=\"la web del espacio cultural (abre en una nueva pesta\u00f1a)\" href=\"https:\/\/www.buenosaires.gob.ar\/usinadelarte\" target=\"_blank\"><strong>la web del espacio cultural<\/strong><\/a>.<\/p>\n\n\n\n<p style=\"color:#ff0004;font-size:26px\" class=\"has-text-color wp-block-paragraph\"><strong>En Mar del Plata<\/strong><\/p>\n\n\n\n<p class=\"wp-block-paragraph\"><strong>\u00abPiazzolla, Identidad Marplatense, a 100 a\u00f1os de su Nacimiento\u00bb<\/strong> es el ciclo de actividades en Mar del Plata que llevar\u00e1n adelante la Universidad Nacional de MdP y la Subsecretaria de pol\u00edticas culturales de la Provincia de Buenos Aires. La grilla re\u00fane <strong>conciertos que se extender\u00e1n durante todo el a\u00f1o en las salas del Teatro Auditorium<\/strong>, proyecciones de cine dedicadas al m\u00fasico y un concurso de composici\u00f3n.<\/p>\n\n\n\n<p class=\"wp-block-paragraph\">Por su parte, el Ministerio de Producci\u00f3n, Ciencia e Innovaci\u00f3n Tecnol\u00f3gica bonaerense, el Teatro Auditorium, el Centro Provincial de las Artes Teatro Argentino de La Plata y los Organismos Art\u00edsticos del Sur en Bah\u00eda Blanca llevar\u00e1n adelante conciertos, exposiciones, proyecciones, conferencias y otras actividades culturales durante todo el 2021. <strong>Las celebraciones comenzar\u00e1n el 4 de marzo en el Auditorium bajo el lema \u201cPiazzolla, identidad marplatense, identidad bonaerense\u201d<\/strong>, con un concierto gratuito de apertura a cargo del pianista <strong>Horacio Lavandera<\/strong> y las exposiciones \u201cA mi amigo Astor\u201d, de Pupeto Mastropascua y \u201cQu\u00e9 no se entere Piazzolla, contribuci\u00f3n a la iconograf\u00eda ap\u00f3crifa del gran m\u00fasico\u201d, de Hermenegildo S\u00e1bat.<\/p>\n\n\n\n<p style=\"color:#ff0004;font-size:26px\" class=\"has-text-color wp-block-paragraph\"><strong>Piazzolla\ninternacional<\/strong><\/p>\n\n\n\n<p class=\"wp-block-paragraph\">Paris, Berl\u00edn, Londres, Madrid, Rio de Janeiro, Se\u00fal y Nueva York \u2013all\u00ed vivi\u00f3 Piazzolla- son algunas de las <strong>m\u00e1s de 100 ciudades<\/strong> que celebrar\u00e1n el centenario de Astor Piazzolla.<\/p>\n\n\n\n<p class=\"wp-block-paragraph\">Pod\u00e9s consultar la extensa grilla de eventos internacionales <a rel=\"noreferrer noopener\" aria-label=\"en este enlace (abre en una nueva pesta\u00f1a)\" href=\"https:\/\/www.piazzolla100official.com\/publicaciones\/100-anos-100-celebraciones\/\" target=\"_blank\"><strong>en este enlace<\/strong><\/a>.<\/p>\n\n\n\n<iframe loading=\"lazy\" width=\"600\" height=\"355\" src=\"https:\/\/www.youtube.com\/embed\/MepPfI7ebMY\" frameborder=\"0\" allow=\"accelerometer; autoplay; clipboard-write; encrypted-media; gyroscope; picture-in-picture\" allowfullscreen><\/iframe>\n\n\n\n<p class=\"wp-block-paragraph\"><\/p>\n","protected":false},"excerpt":{"rendered":"<p>Marzo y todo 2021 congregar\u00e1n numerosas celebraciones para conmemorar el centenario de Astor Piazzolla. La agenda de actividades principales.<\/p>\n","protected":false},"author":1,"featured_media":4850,"comment_status":"open","ping_status":"open","sticky":false,"template":"","format":"standard","meta":{"footnotes":""},"categories":[3],"tags":[328,32,326,368,111],"class_list":["post-4849","post","type-post","status-publish","format-standard","has-post-thumbnail","hentry","category-noticias","tag-astor-piazzolla","tag-featured","tag-piazzolla","tag-piazzolla100","tag-tango"],"_links":{"self":[{"href":"https:\/\/www.fracturaexpuesta.com.ar\/tango\/wp-json\/wp\/v2\/posts\/4849","targetHints":{"allow":["GET"]}}],"collection":[{"href":"https:\/\/www.fracturaexpuesta.com.ar\/tango\/wp-json\/wp\/v2\/posts"}],"about":[{"href":"https:\/\/www.fracturaexpuesta.com.ar\/tango\/wp-json\/wp\/v2\/types\/post"}],"author":[{"embeddable":true,"href":"https:\/\/www.fracturaexpuesta.com.ar\/tango\/wp-json\/wp\/v2\/users\/1"}],"replies":[{"embeddable":true,"href":"https:\/\/www.fracturaexpuesta.com.ar\/tango\/wp-json\/wp\/v2\/comments?post=4849"}],"version-history":[{"count":4,"href":"https:\/\/www.fracturaexpuesta.com.ar\/tango\/wp-json\/wp\/v2\/posts\/4849\/revisions"}],"predecessor-version":[{"id":4856,"href":"https:\/\/www.fracturaexpuesta.com.ar\/tango\/wp-json\/wp\/v2\/posts\/4849\/revisions\/4856"}],"wp:featuredmedia":[{"embeddable":true,"href":"https:\/\/www.fracturaexpuesta.com.ar\/tango\/wp-json\/wp\/v2\/media\/4850"}],"wp:attachment":[{"href":"https:\/\/www.fracturaexpuesta.com.ar\/tango\/wp-json\/wp\/v2\/media?parent=4849"}],"wp:term":[{"taxonomy":"category","embeddable":true,"href":"https:\/\/www.fracturaexpuesta.com.ar\/tango\/wp-json\/wp\/v2\/categories?post=4849"},{"taxonomy":"post_tag","embeddable":true,"href":"https:\/\/www.fracturaexpuesta.com.ar\/tango\/wp-json\/wp\/v2\/tags?post=4849"}],"curies":[{"name":"wp","href":"https:\/\/api.w.org\/{rel}","templated":true}]}}