{"id":4910,"date":"2021-03-05T16:44:47","date_gmt":"2021-03-05T16:44:47","guid":{"rendered":"http:\/\/www.fracturaexpuesta.com.ar\/tango\/?p=4910"},"modified":"2021-03-05T18:54:19","modified_gmt":"2021-03-05T18:54:19","slug":"asi-sera-el-festival-transfeminista-de-tango","status":"publish","type":"post","link":"https:\/\/www.fracturaexpuesta.com.ar\/tango\/asi-sera-el-festival-transfeminista-de-tango\/","title":{"rendered":"As\u00ed ser\u00e1 el Festival Transfeminista de Tango"},"content":{"rendered":"\n<p class=\"wp-block-paragraph\">El v\u00edsperas de un nuevo 8M, el colectivo Tango Hembra pondr\u00e1 en marcha la tercera edici\u00f3n de Festival Internacional Transfeminista de Tango.<\/p>\n\n\n\n<p class=\"wp-block-paragraph\">Desde este viernes 5 y hasta el domingo 7, el festival contar\u00e1 con la participaci\u00f3n presencial y virtual de int\u00e9rpretes, autoras y compositoras referentes de la escena tanguera de hoy.<\/p>\n\n\n\n<p class=\"wp-block-paragraph\">El <strong>viernes 5 y s\u00e1bado 6,<\/strong> en vivo por <a href=\"https:\/\/www.youtube.com\/channel\/UC3SP1vbQlcq7coRTAYJTMMg\" target=\"_blank\" rel=\"noreferrer noopener\" aria-label=\"el canal de YouTube de Tango Hembra (abre en una nueva pesta\u00f1a)\">el canal de YouTube de Tango Hembra<\/a>,  se transmitir\u00e1n  mesas debate integradas por destacadas personalidades y videos especialmente dedicados por m\u00fasicas de todo el pa\u00eds y del extranjero.<\/p>\n\n\n\n<p class=\"wp-block-paragraph\"><strong>El domingo 7 <\/strong>en Luzuriaga Club Social, con todos los cuidados y protocolo correspondientes, se presentar\u00e1n formaciones musicales integradas por mujeres y disidencias, con int\u00e9rpretes como Silvina Ad\u00e1moli, B\u00e1rbara Aguirre, Andy Delfino,  Lucrecia Merico, Gabriela Novaro, Floru Ubertalli, Marisa V\u00e1zquez, Valeria Vilaseca, quienes interpretar\u00e1n tangos de autoras actuales.<\/p>\n\n\n\n<p style=\"color:#ff0004;font-size:26px\" class=\"has-text-color wp-block-paragraph\"><strong>La programaci\u00f3n completa<\/strong><\/p>\n\n\n\n<p class=\"wp-block-paragraph\" style=\"font-size:22px\"><strong>&#8211; Viernes 5 de marzo <\/strong>(<strong>modalidad virtual)<\/strong><\/p>\n\n\n\n<p class=\"wp-block-paragraph\"><strong>19 hs. &#8211; Mesa: Tango y perspectivas de g\u00e9nero en instituciones educativas y espacios culturales.<\/strong><\/p>\n\n\n\n<p class=\"wp-block-paragraph\">La situaci\u00f3n actual de los espacios educativos y culturales, las experiencias en torno a los protocolos de g\u00e9nero y el desarrollo de pol\u00edticas culturales con perspectiva de g\u00e9nero, seg\u00fan referentes destacadas de distintas \u00e1reas: Estado, instituciones educativas, espacios culturales y activismo.<\/p>\n\n\n\n<p class=\"wp-block-paragraph\"><strong>Participantes: <\/strong>Carolina Garber (Directora Nacional de Pol\u00edticas Culturales para la Igualdad de G\u00e9neros, Ministerio de las Mujeres, G\u00e9neros y Diversidad), Paula Rivera (gestora cultural y vicepresidenta de INAMU), Ana Zeliz (soci\u00f3loga, integrante de Acevifa y Red de periodistas con visi\u00f3n de g\u00e9nero, asesora en derechos de las mujeres y asuntos de g\u00e9neros de la Canciller\u00eda argentina y miembra del MFT y FUT), Adriana Cerletti (licenciada en Artes, doctora UBA, presidenta de la Asociaci\u00f3n Argentina de Musicolog\u00eda, docente en el Conservatorio A. Piazzolla, EMPA, UBA y organizadora de las Jornadas de M\u00fasica y G\u00e9nero del Piazzolla), Romina Pernigotte (bailarina,&nbsp;docente, ilustradora y licenciada en Artes Visuales, edit\u00f3 el libro ilustrado \u201cTango. Equilibrios y desequilibrios\u201d, integra la colectiva Aires del Sur Tango) y&nbsp;Cata Zaneff (productora y m\u00e1nager de la prov. de Mendoza, integrante de TRUENA). Modera: Victoria Polti (flautista, compositora, antrop\u00f3loga y docente en el Conservatorio M. De Falla, J. Donn y Esnaola. Integra Tango Hembra).<\/p>\n\n\n\n<p class=\"wp-block-paragraph\"><strong>21 hs. &#8211; Participaci\u00f3n y presentaci\u00f3n de proyectos musicales<\/strong><\/p>\n\n\n\n<p class=\"wp-block-paragraph\">Mar\u00eda Cangiano (Madrid), M\u00f3nica Navarro (Uruguay), Celeste Gonz\u00e1lez (Mar del Plata), Ver\u00f3nica Bie (C\u00f3rdoba), Andrea Fern\u00e1ndez Acerbi (Venado Tuerto). Desde Buenos Aires: Marina Ruiz Matta, Victoria Polti, D\u00fao Victoria Di Raimondo &#8211; Paula Gandino, Karina Beorlegui, Noelia Sinkunas con Pia Salinas, Orquesta Sciammarella Tango \/ <strong>Homenaje a las m\u00fasicas pioneras del tango.<\/strong><\/p>\n\n\n\n<p class=\"wp-block-paragraph\" style=\"text-align:center\">***<\/p>\n\n\n\n<p class=\"wp-block-paragraph\" style=\"font-size:22px\"><strong>&#8211; S\u00e1bado 6 de marzo (modalidad virtual)<\/strong><\/p>\n\n\n\n<p class=\"wp-block-paragraph\"><strong>19 hs. &#8211;&nbsp;Mesa: Tango, g\u00e9nero y transfeminismo<\/strong><\/p>\n\n\n\n<p class=\"wp-block-paragraph\">El tango como territorio hegem\u00f3nicamente patriarcal y heteronormado y algunas de las problem\u00e1ticas que se desprenden de esta situaci\u00f3n tales como el acceso al circuito laboral, la falta de estad\u00edsticas sobre la actividad de mujeres y disidencias sexo-gen\u00e9ricas en la industria cultural y las dificultades en la implementaci\u00f3n de la ley de cupo en festivales.&nbsp;<\/p>\n\n\n\n<p class=\"wp-block-paragraph\"><strong>Participantes: <\/strong>Mariana Docampo (escritora y gestora cultural, public\u00f3 6 libros y organiza una milonga y el Festival Tango Queer Buenos Aires), Mercedes Liska (etnomusic\u00f3loga, pianista, magister en comunicaci\u00f3n y cultura, doctora en ciencias sociales, investigadora del Conicet y docente en la carrera de ciencias de la comunicaci\u00f3n de la UBA y de etnomusicolog\u00eda del Conservatorio M. M. De Falla), y Anah\u00ed Perez Pavez (escritora y periodista, estudi\u00f3 ciencias de la comunicaci\u00f3n, es columnista de la revista Tinta Roja, y acaba de publicar el libro \u00abTango y feminismo\u00bb) y Susy Shock (artista trans sudaca, performer, cantante, escritora y docente, ha escrito 7 libros, columnas en Soy, P\u00e1g 12, y ha colaborado en numerosas revistas culturales). Modera Victoria Polti (Tango Hembra)&nbsp;<\/p>\n\n\n\n<p class=\"wp-block-paragraph\"><strong>21 hs. &#8211; Participaci\u00f3n y presentaci\u00f3n de proyectos musicales<\/strong> <\/p>\n\n\n\n<p class=\"wp-block-paragraph\">D\u00fao Elbi Olalla y Sandra Rehder (Barcelona), Mar\u00eda Angelelli (C\u00f3rdoba),Nora Roca (Bah\u00eda Blanca) MFT de Mar del Plata. Desde Buenos Aires:Mirta Alvarez, Mar\u00eda Laura Antonelli, Patricia Barone, Chifladas Tango, La noche de las pibas, La Empoderada Orquesta T\u00edpica, Susy Shock \/&nbsp;<strong>Homenaje a las m\u00fasicas pioneras del tango.<\/strong><\/p>\n\n\n\n<p class=\"wp-block-paragraph\" style=\"text-align:center\">***<\/p>\n\n\n\n<p class=\"wp-block-paragraph\" style=\"font-size:22px\"><strong>&#8211; Domingo 7 de marzo (desde las 19, presencial en Luzuriaga Club Social)<\/strong><\/p>\n\n\n\n<p class=\"wp-block-paragraph\">Formaciones musicales integradas por mujeres y disidencias, con reconocidas int\u00e9rpretes como&nbsp;<strong>Silvina Ad\u00e1moli, B\u00e1rbara Aguirre, Andy Delfino, Roc\u00edo Dubuisson, Lucrecia Merico, Gabriela Novaro, Marisa P\u00e9rez Acosta, Marisa V\u00e1zquez, Floru Ubertalli, Valeria Vilaseca<\/strong>, que interpretar\u00e1n tangos de autoras actuales.<\/p>\n","protected":false},"excerpt":{"rendered":"<p>Desde el 5 y hasta el 7 de marzo. Con actividades online y presenciales.<\/p>\n","protected":false},"author":1,"featured_media":4911,"comment_status":"open","ping_status":"open","sticky":false,"template":"","format":"standard","meta":{"footnotes":""},"categories":[3],"tags":[32,111,279],"class_list":["post-4910","post","type-post","status-publish","format-standard","has-post-thumbnail","hentry","category-noticias","tag-featured","tag-tango","tag-tango-hembra"],"_links":{"self":[{"href":"https:\/\/www.fracturaexpuesta.com.ar\/tango\/wp-json\/wp\/v2\/posts\/4910","targetHints":{"allow":["GET"]}}],"collection":[{"href":"https:\/\/www.fracturaexpuesta.com.ar\/tango\/wp-json\/wp\/v2\/posts"}],"about":[{"href":"https:\/\/www.fracturaexpuesta.com.ar\/tango\/wp-json\/wp\/v2\/types\/post"}],"author":[{"embeddable":true,"href":"https:\/\/www.fracturaexpuesta.com.ar\/tango\/wp-json\/wp\/v2\/users\/1"}],"replies":[{"embeddable":true,"href":"https:\/\/www.fracturaexpuesta.com.ar\/tango\/wp-json\/wp\/v2\/comments?post=4910"}],"version-history":[{"count":8,"href":"https:\/\/www.fracturaexpuesta.com.ar\/tango\/wp-json\/wp\/v2\/posts\/4910\/revisions"}],"predecessor-version":[{"id":4920,"href":"https:\/\/www.fracturaexpuesta.com.ar\/tango\/wp-json\/wp\/v2\/posts\/4910\/revisions\/4920"}],"wp:featuredmedia":[{"embeddable":true,"href":"https:\/\/www.fracturaexpuesta.com.ar\/tango\/wp-json\/wp\/v2\/media\/4911"}],"wp:attachment":[{"href":"https:\/\/www.fracturaexpuesta.com.ar\/tango\/wp-json\/wp\/v2\/media?parent=4910"}],"wp:term":[{"taxonomy":"category","embeddable":true,"href":"https:\/\/www.fracturaexpuesta.com.ar\/tango\/wp-json\/wp\/v2\/categories?post=4910"},{"taxonomy":"post_tag","embeddable":true,"href":"https:\/\/www.fracturaexpuesta.com.ar\/tango\/wp-json\/wp\/v2\/tags?post=4910"}],"curies":[{"name":"wp","href":"https:\/\/api.w.org\/{rel}","templated":true}]}}