{"id":4941,"date":"2021-03-11T12:49:00","date_gmt":"2021-03-11T12:49:00","guid":{"rendered":"http:\/\/www.fracturaexpuesta.com.ar\/tango\/?p=4941"},"modified":"2021-03-11T12:49:05","modified_gmt":"2021-03-11T12:49:05","slug":"piazzolla-10-frases-de-un-guerrero-del-bandoneon-sin-pelos-en-la-lengua","status":"publish","type":"post","link":"https:\/\/www.fracturaexpuesta.com.ar\/tango\/piazzolla-10-frases-de-un-guerrero-del-bandoneon-sin-pelos-en-la-lengua\/","title":{"rendered":"Piazzolla: 10 frases de un guerrero del bandone\u00f3n sin pelos en la lengua"},"content":{"rendered":"\n<p style=\"color:#ff0004\" class=\"has-text-color wp-block-paragraph\"><strong>1. Su posici\u00f3n y el tango cl\u00e1sico<\/strong><\/p>\n\n\n\n<p class=\"wp-block-paragraph\">\u201cNo estoy en contra del tango cl\u00e1sico. Yo tengo mi posici\u00f3n\nque es hacer una m\u00fasica diferente. El problema es que en la Argentina todo se\npuede cambiar, menos el tango (\u2026) El tango es considerado casi una religi\u00f3n. Es\ncomo un secta, es hacer siempre lo mismo y uno cree que no tiene salida. Tuve\nmuchos problemas por querer cambiar\u201d.<\/p>\n\n\n\n<p style=\"color:#ff0004\" class=\"has-text-color wp-block-paragraph\"><strong>2. Mentalidad musical<\/strong><\/p>\n\n\n\n<p class=\"wp-block-paragraph\">&nbsp;\u201cEl artista debe o\u00edr\npero no repetir. Yo no puedo olvidar jam\u00e1s a las grandes orquestas de tango o a\nDuke Ellington, o a Troilo. Yo no debo tocar de esa manera, todo ha cambiado.\nMi deber es escribir con la mentalidad de un chico de 20 a\u00f1os\u201d.<\/p>\n\n\n\n<p style=\"color:#ff0004\" class=\"has-text-color wp-block-paragraph\"><strong>3. Los j\u00f3venes (una de arena)<\/strong><\/p>\n\n\n\n<p class=\"wp-block-paragraph\">\u201cNuestra obligaci\u00f3n, nuestro deber es dirigirnos a los\nj\u00f3venes. Son los \u00fanicos que a m\u00ed me hacen feliz, porque si mi m\u00fasica no la\nescuchan los j\u00f3venes no sirve para nada. Uno mira a veces esos Grandes Valores\ndel Tango y se da cuenta que son programas necrol\u00f3gicos. Hay algunos j\u00f3venes\nque los llevar\u00e1n de los pelos y lo ponen ah\u00ed, o algunos cantantes enanos que\ntienen tambi\u00e9n. Pero esa no es la juventud del pa\u00eds. Los j\u00f3venes, los que\npiensan, los que van para adelante, esto que no es el movimiento de Piazzolla,\nsino tambi\u00e9n de un grupo de gente muy importante en la m\u00fasica, la pintura, la\nliteratura, que est\u00e1 haciendo cosas importantes\u201d.<\/p>\n\n\n\n<p style=\"color:#ff0004\" class=\"has-text-color wp-block-paragraph\"><strong>4. Los j\u00f3venes II (una de cal)<\/strong><\/p>\n\n\n\n<p class=\"wp-block-paragraph\">\u201cNo soporto m\u00e1s esta juventud podrida de Europa. No por\nfalopa o lo que se le parezca sino por lo politizado que est\u00e1 todo. Esto se va\na la izquierda total que es una manera de irse a la mierda. Per\u00f3n dijo una sola\ncosa buena y esa palabra fue \u2018imberbes\u2019. Ten\u00eda raz\u00f3n, aqu\u00ed son iguales\u201d.<\/p>\n\n\n\n<p style=\"color:#ff0004\" class=\"has-text-color wp-block-paragraph\"><strong>5. El golpe de Estado, el exilio, la democracia<\/strong><\/p>\n\n\n\n<p class=\"wp-block-paragraph\">\u201cLa extrema derecha quiere otro golpe de Estado y eso s\u00ed lo lamentar\u00eda terriblemente, como para decir que nunca m\u00e1s volver\u00eda a la Argentina si eso suceder\u00eda. Ah\u00ed se destruir\u00eda totalmente el pa\u00eds. Los argentinos tenemos que hacer toda la fuerza posible para evitar que pase nuevamente una cosa as\u00ed\u201d.<\/p>\n\n\n\n<figure class=\"wp-block-image\"><img loading=\"lazy\" decoding=\"async\" width=\"800\" height=\"508\" src=\"https:\/\/www.fracturaexpuesta.com.ar\/tango\/wp-content\/uploads\/playback-fm_colorize-photo_2d070cfe28ed8b922cde8a534be2ec8f-1.jpg\" alt=\"\" class=\"wp-image-4944\" srcset=\"https:\/\/www.fracturaexpuesta.com.ar\/tango\/wp-content\/uploads\/playback-fm_colorize-photo_2d070cfe28ed8b922cde8a534be2ec8f-1.jpg 800w, https:\/\/www.fracturaexpuesta.com.ar\/tango\/wp-content\/uploads\/playback-fm_colorize-photo_2d070cfe28ed8b922cde8a534be2ec8f-1-300x191.jpg 300w, https:\/\/www.fracturaexpuesta.com.ar\/tango\/wp-content\/uploads\/playback-fm_colorize-photo_2d070cfe28ed8b922cde8a534be2ec8f-1-768x488.jpg 768w\" sizes=\"auto, (max-width: 800px) 100vw, 800px\" \/><figcaption>\u201cSoy una persona sincera, respetuosa. Soy irrespetuoso cuando las cosas no valen y debo serlo. Y yo no tengo pelos en la lengua\u00bb, dec\u00eda Piazzolla.<\/figcaption><\/figure>\n\n\n\n<p style=\"color:#ff0004\" class=\"has-text-color wp-block-paragraph\"><strong>6. Los tangueros<\/strong><\/p>\n\n\n\n<p class=\"wp-block-paragraph\">\u201cLa gran mayor\u00eda de los tangueros nacen, viven y mueren\nsolamente para el tango y no hay otro tipo de manifestaci\u00f3n art\u00edstica que les\ninterese. Gardel era totalmente al rev\u00e9s. Era un amante furibundo de la \u00f3pera.\n\u00c9l era el hombre que dio la gran lecci\u00f3n y los tangueros no la recibieron\u201d.<\/p>\n\n\n\n<p style=\"color:#ff0004\" class=\"has-text-color wp-block-paragraph\"><strong>7. La fina iron\u00eda<\/strong><\/p>\n\n\n\n<p class=\"wp-block-paragraph\">\u201cTodo el mundo discute con Piazzolla porque dice que yo no\ntoco tango. Y es verdad. Yo toco la m\u00fasica de Buenos Aires, contempor\u00e1nea\u201d.<\/p>\n\n\n\n<p style=\"color:#ff0004\" class=\"has-text-color wp-block-paragraph\"><strong>8. El almuerzo de la verg\u00fcenza<\/strong><\/p>\n\n\n\n<p class=\"wp-block-paragraph\">\u201cYo fui (al almuerzo con Videla) como fueron tantos otros.\nMar\u00eda Elena Walsh, Eladia Bl\u00e1zquez, Walter Santa Ana. \u00bfC\u00f3mo decir que no cuando\nvienen a traer la invitaci\u00f3n dos tipos de negro, casi ordenando? Hoy me\naverg\u00fcenzo. Fue, lo dije ya, el almuerzo de la verg\u00fcenza\u201d.<\/p>\n\n\n\n<p style=\"color:#ff0004\" class=\"has-text-color wp-block-paragraph\"><strong>9. Los pol\u00edticos<\/strong><\/p>\n\n\n\n<p class=\"wp-block-paragraph\">\u201cLos pol\u00edticos me han mentido mucho, me tienen muy cansado\nrealmente, no la voy con eso. Yo estoy en otra. Soy una persona que hago mi\nlucha, en mi mundo, creo en lo que hago y quiero lo que hago. Si yo tengo que\npensar lo que dicen los Neustadt, los Grondona o los G\u00f3mez Fuente, me tengo que\npegar un tiro ma\u00f1ana a la tarde\u201d.<\/p>\n\n\n\n<p style=\"color:#ff0004\" class=\"has-text-color wp-block-paragraph\"><strong>10. Sin pelos en la lengua<\/strong><\/p>\n\n\n\n<p class=\"wp-block-paragraph\">\u201cSoy una persona sincera, respetuosa. Soy irrespetuoso\ncuando las cosas no valen y debo serlo. Y yo no tengo pelos en la lengua. Hay\nmucha gente que es muy \u2018no te metas\u2019, tiene miedo y yo no soy as\u00ed, no tengo\nmiedo, no soy cobarde. Si alg\u00fan d\u00eda me tuviera que ir del pa\u00eds, porque me echa\nalg\u00fan General, me ir\u00e9. Pero la ventaja que le llevo al General es que \u00e9l va a\npasar y mi m\u00fasica va a quedar\u201d.<\/p>\n","protected":false},"excerpt":{"rendered":"<p>Su m\u00fasica revolucion\u00f3 al tango. Su pensamiento, siempre exigente y cr\u00edtico, a veces contradictorio, despert\u00f3 polvareda. Astor, el gran Piazzolla, el que levant\u00f3 la vara y renov\u00f3 la cultura.<\/p>\n","protected":false},"author":1,"featured_media":4943,"comment_status":"open","ping_status":"open","sticky":false,"template":"","format":"standard","meta":{"footnotes":""},"categories":[3],"tags":[328,32,326,368,111],"class_list":["post-4941","post","type-post","status-publish","format-standard","has-post-thumbnail","hentry","category-noticias","tag-astor-piazzolla","tag-featured","tag-piazzolla","tag-piazzolla100","tag-tango"],"_links":{"self":[{"href":"https:\/\/www.fracturaexpuesta.com.ar\/tango\/wp-json\/wp\/v2\/posts\/4941","targetHints":{"allow":["GET"]}}],"collection":[{"href":"https:\/\/www.fracturaexpuesta.com.ar\/tango\/wp-json\/wp\/v2\/posts"}],"about":[{"href":"https:\/\/www.fracturaexpuesta.com.ar\/tango\/wp-json\/wp\/v2\/types\/post"}],"author":[{"embeddable":true,"href":"https:\/\/www.fracturaexpuesta.com.ar\/tango\/wp-json\/wp\/v2\/users\/1"}],"replies":[{"embeddable":true,"href":"https:\/\/www.fracturaexpuesta.com.ar\/tango\/wp-json\/wp\/v2\/comments?post=4941"}],"version-history":[{"count":1,"href":"https:\/\/www.fracturaexpuesta.com.ar\/tango\/wp-json\/wp\/v2\/posts\/4941\/revisions"}],"predecessor-version":[{"id":4945,"href":"https:\/\/www.fracturaexpuesta.com.ar\/tango\/wp-json\/wp\/v2\/posts\/4941\/revisions\/4945"}],"wp:featuredmedia":[{"embeddable":true,"href":"https:\/\/www.fracturaexpuesta.com.ar\/tango\/wp-json\/wp\/v2\/media\/4943"}],"wp:attachment":[{"href":"https:\/\/www.fracturaexpuesta.com.ar\/tango\/wp-json\/wp\/v2\/media?parent=4941"}],"wp:term":[{"taxonomy":"category","embeddable":true,"href":"https:\/\/www.fracturaexpuesta.com.ar\/tango\/wp-json\/wp\/v2\/categories?post=4941"},{"taxonomy":"post_tag","embeddable":true,"href":"https:\/\/www.fracturaexpuesta.com.ar\/tango\/wp-json\/wp\/v2\/tags?post=4941"}],"curies":[{"name":"wp","href":"https:\/\/api.w.org\/{rel}","templated":true}]}}