{"id":5031,"date":"2021-04-19T01:38:51","date_gmt":"2021-04-19T01:38:51","guid":{"rendered":"http:\/\/www.fracturaexpuesta.com.ar\/tango\/?p=5031"},"modified":"2021-04-19T01:44:28","modified_gmt":"2021-04-19T01:44:28","slug":"picadito-de-tango-25-poner-la-oreja","status":"publish","type":"post","link":"https:\/\/www.fracturaexpuesta.com.ar\/tango\/picadito-de-tango-25-poner-la-oreja\/","title":{"rendered":"Picadito de tango #25: poner la oreja"},"content":{"rendered":"\n<p style=\"color:#ff0004;font-size:26px\" class=\"has-text-color wp-block-paragraph\"><strong>Te, Diego Schissi con base en Spinetta<\/strong><\/p>\n\n\n\n<p class=\"wp-block-paragraph\">No son nuevos los puentes tendidos por el pianista Diego\nSchissi hacia Spinetta. Desde su tema \u201cLuis pez\u201d o el espect\u00e1culo con Liliana\nHerrero en donde abord\u00f3 parte de la obra del Flaco, el pianista siempre convoc\u00f3\nal m\u00fasico argentino desde diversas dimensiones.<\/p>\n\n\n\n<p class=\"wp-block-paragraph\">Pero ahora la cercan\u00eda es m\u00e1s estrecha. Schissi y su quinteto acaban de lanzar <em>Te<\/em>, su nuevo trabajo discogr\u00e1fico con 19 composiciones originales que encuentran su punto de partida en algunas de las palabras de la canci\u00f3n \u201cPor\u201d, tema que Spinetta creo a partir de una secuencia de dictado autom\u00e1tico y que grab\u00f3 en su disco Artaud. <\/p>\n\n\n\n<p class=\"wp-block-paragraph\">Con esa selecci\u00f3n es como aparecen \u201c\u00c1rbol\u201d, \u201cRiel\u201d,\n\u201cAproximaci\u00f3n\u201d o \u201cNube\u201d bajo un ambiente musical que reafirma el sonido propio\nde un artista que aporta \u201ctongos\u201d al tango. Es decir, formas h\u00edbridas y\npersonales de procesar los materiales de la m\u00fasica ciudadana.<\/p>\n\n\n\n<p class=\"wp-block-paragraph\">\u201cHay una cercan\u00eda, tal vez no necesariamente est\u00e9tica, pero si siento una fuerza \u00e9tica en lo que \u00e9l hizo y c\u00f3mo se acerc\u00f3 a la m\u00fasica que me pareci\u00f3 un modelo excepcional, \u00fanico. Creo que es la manera m\u00e1s hermosa de ser m\u00fasico. Todo eso siempre me conmovi\u00f3 y me hizo sentirlo muy cercano\u201d, hab\u00eda dicho Schissi -sobre Spinetta- a <em>Fractura Expuesta<\/em>. Hay tango, corrientes de jazz, de m\u00fasica contempor\u00e1nea, algunas improvisaciones en piano y un gui\u00f1o en \u201cNube\u201d que remite a la fuente de inspiraci\u00f3n. All\u00ed se descubren las notas de \u201cPor\u201d de Spinetta, armonizadas desde la mirada del director de un quinteto que completan -hace m\u00e1s de una d\u00e9cada- Santiago Segret (bandone\u00f3n), Guillermo Rubino (viol\u00edn), Ismael Grossman (guitarra) y Juan Pablo Navarro (contrabajo).<br><\/p>\n\n\n\n<p class=\"wp-block-paragraph\">Escuch\u00e1 \u00ab\u00c1rbol\u00bb:<\/p>\n\n\n\n<iframe loading=\"lazy\" width=\"600\" height=\"355\" src=\"https:\/\/www.youtube.com\/embed\/V5_D3piBgnA\" title=\"YouTube video player\" frameborder=\"0\" allow=\"accelerometer; autoplay; clipboard-write; encrypted-media; gyroscope; picture-in-picture\" allowfullscreen><\/iframe>\n\n\n\n<p class=\"wp-block-paragraph\"><\/p>\n\n\n\n<p style=\"color:#ff0004;font-size:26px\" class=\"has-text-color wp-block-paragraph\"><strong>Madreselva: las cosas cercanas<\/strong><\/p>\n\n\n\n<p class=\"wp-block-paragraph\">El quinteto rosarino Madreselva present\u00f3 <em>Veredas<\/em> en plataformas digitales. Un disco que re\u00fane distintos territorios musicales bajo nuevas composiciones en tango e interpretaciones litorale\u00f1as. <\/p>\n\n\n\n<p class=\"wp-block-paragraph\">El puerto, la ciudad, el barrio, la regi\u00f3n litorale\u00f1a dan\ncauce a un material de notable corte po\u00e9tico y mel\u00f3dico a trav\u00e9s de canciones\ncomo \u201cOjos de r\u00edo\u201d (Dani L\u00e9st\u00e9-Victoria Aiello), \u201cPerdida\u201d (Dani L\u00e9st\u00e9-Juli\u00e1n\nCancela) o \u201cAmor de laguna y sauce\u201d (Rodolfo Reg\u00fanaga).<\/p>\n\n\n\n<p class=\"wp-block-paragraph\">\u201cLas veredas que habitamos donde se ve transcurrir la vida y\nlo cotidiano. El pueblo, el juego, la ni\u00f1ez. Son fronteras entre el adentro y\nel afuera, lugares donde el intercambio sucede, el encuentro, la mirada. La\nm\u00fasica de Madreselva est\u00e1 atravesada por esos recuerdos y paisajes, lo cercano\ny lo familiar, los sonidos de nuestra infancia\u201d, dicen desde el quinteto de\nmujeres.<\/p>\n\n\n\n<p class=\"wp-block-paragraph\">Escuch\u00e1 completo <em>Veredas<\/em>:<\/p>\n\n\n\n<iframe loading=\"lazy\" width=\"600\" height=\"355\" src=\"https:\/\/www.youtube.com\/embed\/HJCtVB4ynOw\" title=\"YouTube video player\" frameborder=\"0\" allow=\"accelerometer; autoplay; clipboard-write; encrypted-media; gyroscope; picture-in-picture\" allowfullscreen><\/iframe>\n\n\n\n<p class=\"wp-block-paragraph\"><\/p>\n\n\n\n<p style=\"color:#ff0004;font-size:26px\" class=\"has-text-color wp-block-paragraph\"><strong>Pablo Lacolla y su aura tanguero<\/strong><\/p>\n\n\n\n<p class=\"wp-block-paragraph\">Percusionista y cantautor, Pablo Lacolla dio a conocer en plataformas su segundo disco de canciones titulado <em>Aura Boreal<\/em>. El m\u00fasico argentino radicado en Suiza presenta un disco en el que aborda la canci\u00f3n y suma a ellas distintas composiciones con aires de tango, milonga y candombe, bajo la mano reconocible de Acho Estol (La Chicana) como responsable de la producci\u00f3n.<\/p>\n\n\n\n<p class=\"wp-block-paragraph\">Esa dupla -la de Lacolla y Estol- ya presente en Ciclos, el primer disco del cantautor, se repite ahora en este nuevo material para condensar el encuentro de los sonidos y miradas de ambos m\u00fasicos. \u201cCon Acho hubo una muy buena comprensi\u00f3n de las ideas, de inmediato fluy\u00f3 la creatividad. \u00c9l iba esculpiendo las canciones e \u00edbamos decidiendo lo que faltaba o sobraba. As\u00ed fueron madurando las composiciones, fue un trabajo realmente conmovedor y creativo\u201d, dijo Lacolla sobre el proceso de creaci\u00f3n de <em>Aura Boreal<\/em>.<\/p>\n\n\n\n<p class=\"wp-block-paragraph\">\u201cPara que\u201d, \u201cEmbrach\u201d o \u201cParque Patricios\u201d son algunas de las conexiones que Lacolla recrea para abordar la m\u00fasica de su tierra natal. <\/p>\n\n\n\n<figure class=\"wp-block-image\"><img loading=\"lazy\" decoding=\"async\" width=\"1024\" height=\"1024\" src=\"https:\/\/www.fracturaexpuesta.com.ar\/tango\/wp-content\/uploads\/WhatsApp-Image-2021-03-26-at-04.01.56-1024x1024.jpeg\" alt=\"\" class=\"wp-image-5034\" srcset=\"https:\/\/www.fracturaexpuesta.com.ar\/tango\/wp-content\/uploads\/WhatsApp-Image-2021-03-26-at-04.01.56-1024x1024.jpeg 1024w, https:\/\/www.fracturaexpuesta.com.ar\/tango\/wp-content\/uploads\/WhatsApp-Image-2021-03-26-at-04.01.56-150x150.jpeg 150w, https:\/\/www.fracturaexpuesta.com.ar\/tango\/wp-content\/uploads\/WhatsApp-Image-2021-03-26-at-04.01.56-300x300.jpeg 300w, https:\/\/www.fracturaexpuesta.com.ar\/tango\/wp-content\/uploads\/WhatsApp-Image-2021-03-26-at-04.01.56-768x768.jpeg 768w, https:\/\/www.fracturaexpuesta.com.ar\/tango\/wp-content\/uploads\/WhatsApp-Image-2021-03-26-at-04.01.56-100x100.jpeg 100w, https:\/\/www.fracturaexpuesta.com.ar\/tango\/wp-content\/uploads\/WhatsApp-Image-2021-03-26-at-04.01.56.jpeg 1280w\" sizes=\"auto, (max-width: 1024px) 100vw, 1024px\" \/><figcaption>Canciones con aire de tango.<\/figcaption><\/figure>\n","protected":false},"excerpt":{"rendered":"<p>Tres recientes lanzamientos de discos que exponen distintos abordajes del tango. De la mano de Diego Schissi Quinteto, Madreselva y Pablo Lacolla.<\/p>\n","protected":false},"author":1,"featured_media":5032,"comment_status":"open","ping_status":"open","sticky":false,"template":"","format":"standard","meta":{"footnotes":""},"categories":[3],"tags":[122,32,382,383,201,111],"class_list":["post-5031","post","type-post","status-publish","format-standard","has-post-thumbnail","hentry","category-noticias","tag-diego-schissi","tag-featured","tag-madreselva","tag-pablo-lacolla","tag-picadito","tag-tango"],"_links":{"self":[{"href":"https:\/\/www.fracturaexpuesta.com.ar\/tango\/wp-json\/wp\/v2\/posts\/5031","targetHints":{"allow":["GET"]}}],"collection":[{"href":"https:\/\/www.fracturaexpuesta.com.ar\/tango\/wp-json\/wp\/v2\/posts"}],"about":[{"href":"https:\/\/www.fracturaexpuesta.com.ar\/tango\/wp-json\/wp\/v2\/types\/post"}],"author":[{"embeddable":true,"href":"https:\/\/www.fracturaexpuesta.com.ar\/tango\/wp-json\/wp\/v2\/users\/1"}],"replies":[{"embeddable":true,"href":"https:\/\/www.fracturaexpuesta.com.ar\/tango\/wp-json\/wp\/v2\/comments?post=5031"}],"version-history":[{"count":4,"href":"https:\/\/www.fracturaexpuesta.com.ar\/tango\/wp-json\/wp\/v2\/posts\/5031\/revisions"}],"predecessor-version":[{"id":5038,"href":"https:\/\/www.fracturaexpuesta.com.ar\/tango\/wp-json\/wp\/v2\/posts\/5031\/revisions\/5038"}],"wp:featuredmedia":[{"embeddable":true,"href":"https:\/\/www.fracturaexpuesta.com.ar\/tango\/wp-json\/wp\/v2\/media\/5032"}],"wp:attachment":[{"href":"https:\/\/www.fracturaexpuesta.com.ar\/tango\/wp-json\/wp\/v2\/media?parent=5031"}],"wp:term":[{"taxonomy":"category","embeddable":true,"href":"https:\/\/www.fracturaexpuesta.com.ar\/tango\/wp-json\/wp\/v2\/categories?post=5031"},{"taxonomy":"post_tag","embeddable":true,"href":"https:\/\/www.fracturaexpuesta.com.ar\/tango\/wp-json\/wp\/v2\/tags?post=5031"}],"curies":[{"name":"wp","href":"https:\/\/api.w.org\/{rel}","templated":true}]}}