{"id":5062,"date":"2021-05-08T18:28:57","date_gmt":"2021-05-08T18:28:57","guid":{"rendered":"http:\/\/www.fracturaexpuesta.com.ar\/tango\/?p=5062"},"modified":"2021-07-20T13:12:46","modified_gmt":"2021-07-20T13:12:46","slug":"los-nominados-en-tango-para-los-premios-gardel-2021","status":"publish","type":"post","link":"https:\/\/www.fracturaexpuesta.com.ar\/tango\/los-nominados-en-tango-para-los-premios-gardel-2021\/","title":{"rendered":"Los nominados en tango para los premios Gardel 2021"},"content":{"rendered":"\n<p class=\"wp-block-paragraph\">Se conocieron los grupos y artistas de tango que\nparticipar\u00e1n en la edici\u00f3n 2021 de los premios Gardel, el reconocimiento que,\ndesde hace 23 a\u00f1os, entrega un sector de la industria discogr\u00e1fica a la m\u00fasica\nnacional.<\/p>\n\n\n\n<p class=\"wp-block-paragraph\">Este a\u00f1o, luego de que se unificaran las categor\u00edas sin distinci\u00f3n de g\u00e9nero, el tango tendr\u00e1 dos ternas principales: Mejor \u00e1lbum artista de tango y Mejor \u00e1lbum de orquesta y\/o grupo de tango y\/o Instrumental.<\/p>\n\n\n\n<p class=\"wp-block-paragraph\">Las cantantes <strong>Carolina Minella y Mariana Maz\u00fa, el Quinteto Negro La Boca y Tanghetto<\/strong>, entre otros, son algunos de los nomidados que tienen chances de recibir el Gardel.<\/p>\n\n\n\n<p class=\"wp-block-paragraph\">La premiaci\u00f3n <strong>se llevar\u00e1 adelante en julio<\/strong> y ser\u00e1 transmitida por la pantalla de <strong>TNT, por Radio Nacional y la red RAE<\/strong>.<\/p>\n\n\n\n<p class=\"wp-block-paragraph\">Y todos los nominados son\u2026<\/p>\n\n\n\n<p class=\"wp-block-paragraph\" style=\"font-size:26px\"><strong>Mejor \u00e1lbum artista\nde tango<\/strong><\/p>\n\n\n\n<p class=\"wp-block-paragraph\">\u201cG\u00e9nesis\u201d de Carolina Minella<\/p>\n\n\n\n<iframe loading=\"lazy\" width=\"600\" height=\"355\" src=\"https:\/\/www.youtube.com\/embed\/PEvn7Yxi4n8\" title=\"YouTube video player\" frameborder=\"0\" allow=\"accelerometer; autoplay; clipboard-write; encrypted-media; gyroscope; picture-in-picture\" allowfullscreen=\"\"><\/iframe>\n\n\n\n<p class=\"wp-block-paragraph\"><\/p>\n\n\n\n<p class=\"wp-block-paragraph\">&nbsp;\u201cLa bella indiferencia\u201d, de Mariana Maz\u00fa<\/p>\n\n\n\n<iframe loading=\"lazy\" width=\"600\" height=\"355\" src=\"https:\/\/www.youtube.com\/embed\/videoseries?list=OLAK5uy_nWnBr5hYNtPwWR7kPMlxzp0V-5QxvQpG8\" title=\"YouTube video player\" frameborder=\"0\" allow=\"accelerometer; autoplay; clipboard-write; encrypted-media; gyroscope; picture-in-picture\" allowfullscreen=\"\"><\/iframe>\n\n\n\n<p class=\"wp-block-paragraph\"><\/p>\n\n\n\n<p class=\"wp-block-paragraph\">\u201cTango\u201d, de Cristian Palacios<\/p>\n\n\n\n<iframe loading=\"lazy\" width=\"600\" height=\"355\" src=\"https:\/\/www.youtube.com\/embed\/zuwqemVXQrs\" title=\"YouTube video player\" frameborder=\"0\" allow=\"accelerometer; autoplay; clipboard-write; encrypted-media; gyroscope; picture-in-picture\" allowfullscreen=\"\"><\/iframe>\n\n\n\n<p class=\"wp-block-paragraph\"><\/p>\n\n\n\n<p class=\"wp-block-paragraph\" style=\"font-size:26px\"><strong>Mejor \u00e1lbum de orquesta y\/o grupo de tango y\/o instrumental<\/strong><\/p>\n\n\n\n<p class=\"wp-block-paragraph\">\u201cReinventango\u201d, de Tanghetto<\/p>\n\n\n\n<iframe style=\"border: 0; width: 350px; height: 470px;\" src=\"https:\/\/bandcamp.com\/EmbeddedPlayer\/album=3789548954\/size=large\/bgcol=ffffff\/linkcol=0687f5\/tracklist=false\/transparent=true\/\" seamless=\"\"><a href=\"https:\/\/tanghetto.bandcamp.com\/album\/reinventango-2\">Reinventango by Tanghetto<\/a><\/iframe>\n\n\n\n<p class=\"wp-block-paragraph\"><\/p>\n\n\n\n<p class=\"wp-block-paragraph\">\u201cCruces urbanos Vol. II\u201d, de Quinteto Negro La Boca<\/p>\n\n\n\n<iframe loading=\"lazy\" width=\"600\" height=\"355\" src=\"https:\/\/www.youtube.com\/embed\/NWX7dxVp-XU\" title=\"YouTube video player\" frameborder=\"0\" allow=\"accelerometer; autoplay; clipboard-write; encrypted-media; gyroscope; picture-in-picture\" allowfullscreen=\"\"><\/iframe>\n\n\n\n<p class=\"wp-block-paragraph\"><\/p>\n\n\n\n<p class=\"wp-block-paragraph\">\u201cTango improvisado\u201d, de Jos\u00e9 Col\u00e1ngelo y Franco Luciani<\/p>\n\n\n\n<iframe loading=\"lazy\" width=\"600\" height=\"355\" src=\"https:\/\/www.youtube.com\/embed\/FxjT4jMu5cY\" title=\"YouTube video player\" frameborder=\"0\" allow=\"accelerometer; autoplay; clipboard-write; encrypted-media; gyroscope; picture-in-picture\" allowfullscreen=\"\"><\/iframe>\n\n\n\n<p class=\"wp-block-paragraph\"><\/p>\n\n\n\n<p class=\"wp-block-paragraph\">En otras categor\u00edas tambi\u00e9n hay expresiones de tango. Es el caso de <strong>La Chicana<\/strong> que fue nominado para \u201cMejor \u00e1lbum instrumental-fusi\u00f3n-world music\u201d por su disco <em>Hikkikomori<\/em> y el legendario <strong>Buenos Aires 8<\/strong> con la remasterizaci\u00f3n de <em>Piazzolla<\/em> en \u201cMejor colecci\u00f3n de cat\u00e1logo\u201d.<\/p>\n","protected":false},"excerpt":{"rendered":"<p>Las cantantes Carolina Minella y Mariana Maz\u00fa, el Quinteto Negro La Boca y Tanghetto, entre otros, con chances de recibir el Gardel.<\/p>\n","protected":false},"author":1,"featured_media":5065,"comment_status":"open","ping_status":"open","sticky":false,"template":"","format":"standard","meta":{"footnotes":""},"categories":[3],"tags":[389,32,390,387,343,388,193,112,386,111],"class_list":["post-5062","post","type-post","status-publish","format-standard","has-post-thumbnail","hentry","category-noticias","tag-carolina-minella","tag-featured","tag-franco-luciani","tag-jose-colangelo","tag-la-chicana","tag-mariana-mazu","tag-premios-gardel","tag-quinteto-negro-la-boca","tag-tanghetto","tag-tango"],"_links":{"self":[{"href":"https:\/\/www.fracturaexpuesta.com.ar\/tango\/wp-json\/wp\/v2\/posts\/5062","targetHints":{"allow":["GET"]}}],"collection":[{"href":"https:\/\/www.fracturaexpuesta.com.ar\/tango\/wp-json\/wp\/v2\/posts"}],"about":[{"href":"https:\/\/www.fracturaexpuesta.com.ar\/tango\/wp-json\/wp\/v2\/types\/post"}],"author":[{"embeddable":true,"href":"https:\/\/www.fracturaexpuesta.com.ar\/tango\/wp-json\/wp\/v2\/users\/1"}],"replies":[{"embeddable":true,"href":"https:\/\/www.fracturaexpuesta.com.ar\/tango\/wp-json\/wp\/v2\/comments?post=5062"}],"version-history":[{"count":4,"href":"https:\/\/www.fracturaexpuesta.com.ar\/tango\/wp-json\/wp\/v2\/posts\/5062\/revisions"}],"predecessor-version":[{"id":5190,"href":"https:\/\/www.fracturaexpuesta.com.ar\/tango\/wp-json\/wp\/v2\/posts\/5062\/revisions\/5190"}],"wp:featuredmedia":[{"embeddable":true,"href":"https:\/\/www.fracturaexpuesta.com.ar\/tango\/wp-json\/wp\/v2\/media\/5065"}],"wp:attachment":[{"href":"https:\/\/www.fracturaexpuesta.com.ar\/tango\/wp-json\/wp\/v2\/media?parent=5062"}],"wp:term":[{"taxonomy":"category","embeddable":true,"href":"https:\/\/www.fracturaexpuesta.com.ar\/tango\/wp-json\/wp\/v2\/categories?post=5062"},{"taxonomy":"post_tag","embeddable":true,"href":"https:\/\/www.fracturaexpuesta.com.ar\/tango\/wp-json\/wp\/v2\/tags?post=5062"}],"curies":[{"name":"wp","href":"https:\/\/api.w.org\/{rel}","templated":true}]}}