{"id":5067,"date":"2021-05-15T03:48:04","date_gmt":"2021-05-15T03:48:04","guid":{"rendered":"http:\/\/www.fracturaexpuesta.com.ar\/tango\/?p=5067"},"modified":"2021-05-15T13:53:41","modified_gmt":"2021-05-15T13:53:41","slug":"omar-mollo-solo-tomo-los-tangos-que-me-pegan-en-el-corazon","status":"publish","type":"post","link":"https:\/\/www.fracturaexpuesta.com.ar\/tango\/omar-mollo-solo-tomo-los-tangos-que-me-pegan-en-el-corazon\/","title":{"rendered":"Omar Mollo: \u201cSolo tomo los tangos que me pegan en el coraz\u00f3n\u201d"},"content":{"rendered":"\n<p class=\"has-drop-cap wp-block-paragraph\">Hacia fines de 2020 el grupo <strong>El Muro y el cantante Omar Mollo,&nbsp;<\/strong>ambos instalados en el norte de Europa, realizaron una gira por Noruega en la que compartieron, a lo largo de 15 d\u00edas, escenarios, cenas y m\u00e1s de 2000 kil\u00f3metros de ruta. <\/p>\n\n\n\n<p class=\"wp-block-paragraph\">Lo que sigue es una muestra de ese encuentro, en boca del pianista -y ahora tambi\u00e9n entrevistador- Juan Pablo de Lucca (El Muro) y Mollo. Un repaso por <strong>la historia del cantor&nbsp;y&nbsp;guitarrista<\/strong> con sus inicios en Pergamino, la llegada a Buenos Aires, el rock, su desembarco en el tango y los aprendizajes y \u00abgoces de una vida normal\u00bb.<\/p>\n\n\n\n<p class=\"wp-block-paragraph\" style=\"font-size:26px;text-align:center\"><em>***<\/em><\/p>\n\n\n\n<p class=\"wp-block-paragraph\"><strong>\u00bfY c\u00f3mo empieza tu historia cantando?<\/strong><\/p>\n\n\n\n<p class=\"wp-block-paragraph\">Me acuerdo de haberlo pasado muy bien de chico con una familia que viv\u00eda en la esquina de mi casa, folkloristas, los hermanos Sarlinga. \u201cTat\u00edn\u201d Sarlinga era el guitarrista de Antonio Tormo y ten\u00edan un tr\u00edo de guitarras. Me ense\u00f1aron a bailar malambo, zamba y chacarera. Me llevaban los fines de semana con un micro a todos los pueblos aleda\u00f1os de Pergamino y hac\u00edamos una pe\u00f1a. Cuando cumplo 6 a\u00f1os, empiezo a aprender guitarra. Ah\u00ed arranca mi entusiasmo con este instrumento. Mi madre quiso que aprenda piano pero no me gustaba mucho. As\u00ed estuve toda mi infancia en Pergamino y a los 12 a\u00f1os armamos el grupo Los Romanceros de Achalay, dirigido por \u201cPepe\u201d Motta. A los 12 a\u00f1os, nos mudamos a Buenos Aires y ya me empec\u00e9 a mezclar con otras m\u00fasicas, y el folklore y el tango siempre estaban. Conoc\u00ed gente y lugares y luego a la m\u00fasica de la \u00e9poca, baladas, Santana. Despu\u00e9s ya me pas\u00e9 al rock y arm\u00e9 la banda A\u00f1os bisiestos. A finales del &#8217;69 me toca la colimba y me vine en un pasaje r\u00e1pido a Buenos Aires dejando todo.<\/p>\n\n\n\n<figure class=\"wp-block-image\"><img loading=\"lazy\" decoding=\"async\" width=\"768\" height=\"576\" src=\"https:\/\/www.fracturaexpuesta.com.ar\/tango\/wp-content\/uploads\/mollo-el-muro-tango.jpg\" alt=\"\" class=\"wp-image-5080\" srcset=\"https:\/\/www.fracturaexpuesta.com.ar\/tango\/wp-content\/uploads\/mollo-el-muro-tango.jpg 768w, https:\/\/www.fracturaexpuesta.com.ar\/tango\/wp-content\/uploads\/mollo-el-muro-tango-300x225.jpg 300w\" sizes=\"auto, (max-width: 768px) 100vw, 768px\" \/><figcaption>Mollo y El Muro durante su gira noruega en 2020.<\/figcaption><\/figure>\n\n\n\n<p class=\"wp-block-paragraph\"><strong>\u00bfQu\u00e9 pas\u00f3 despu\u00e9s de la colimba?<\/strong><\/p>\n\n\n\n<p class=\"wp-block-paragraph\">Cuando termin\u00f3 la colimba ten\u00eda ganas de armar un grupo de rock (MAM). Yo estaba escuchando Zeppelin, Purple. Yo ven\u00eda de tocar con Jorge C\u00e1mara y le empiezo a ense\u00f1ar a mi hermano a estirar las cuerdas y dem\u00e1s. Yo le hac\u00eda las bases y lo pon\u00eda a solear. Con un bajista y baterista del barrio -El Palomar- empezamos a ensayar. Cinco a\u00f1os de ensayos rigurosos, sin salir. Est\u00e1bamos muy afilados. Lleg\u00f3 el chusmerio de Capital que ven\u00eda a vernos. Ven\u00edan todos. Grinbank, Oscar L\u00f3pez, Jorge \u00c1lvarez. Nos presentaban contratos para grabar y yo estaba totalmente loco y les dec\u00eda que no, no tenemos que transar con estos porque la m\u00fasica te la da Dios y yo no pod\u00eda lucrar con eso. Una sanata que ten\u00eda en la cabeza. Hasta que tenemos un par de conciertos muy buenos con Litto Nebbia, Moris y otros. Hasta que llega el d\u00eda de hacer el Luna Park y al baterista no s\u00e9 qu\u00e9 le pas\u00f3, no hizo su solo, termin\u00f3 el concierto y dijo \u2018no toco m\u00e1s\u2019. Se fue a Brasil con un circo.<\/p>\n\n\n\n<blockquote class=\"wp-block-quote is-style-large is-layout-flow wp-block-quote-is-layout-flow\"><p>\u00abDurante 12 a\u00f1os dej\u00e9 la guitarra, el canto, todo. Me enoj\u00e9 con la m\u00fasica\u00bb.<\/p><\/blockquote>\n\n\n\n<p class=\"wp-block-paragraph\"><strong>\u00bfEntonces?<\/strong><\/p>\n\n\n\n<p class=\"wp-block-paragraph\">Ah\u00ed empezaron los problemas con los bateristas. Pasaron todos por la banda, desde Juan Rodr\u00edguez de Sui Generis hasta Claudio Mart\u00ednez. Ah\u00ed ven\u00edan a nuestro s\u00f3tano el flaco Alambre, Pappo, Moro, mont\u00f3n de gente. Entre idas y venidas me raj\u00e9 un fin de semana largo a Brasil, por cuatro d\u00edas. Con la puta desgracia que me qued\u00e9 6 meses y empec\u00e9 a abrir camino. Llam\u00e9 a mi hermano y a los m\u00fasicos para que vengan pero no quer\u00edan sumarse. Despu\u00e9s de 6 meses se vence la visa, volv\u00ed y mi hermano y los m\u00fasicos ya hab\u00edan armado otros proyectos. A Arnedo lo llaman para Sumo y Ricardo va tambi\u00e9n. Ah\u00ed ten\u00eda 30 a\u00f1os. Durante 12 a\u00f1os dej\u00e9 la guitarra, el canto, todo. Me enoj\u00e9 con la m\u00fasica. Yo arm\u00e9 el grupo, hice la sala, todo y despu\u00e9s los pibes me echaron. Y yo nunca enganch\u00e9 con la parte comercial.<\/p>\n\n\n\n<figure class=\"wp-block-image\"><img loading=\"lazy\" decoding=\"async\" width=\"720\" height=\"960\" src=\"https:\/\/www.fracturaexpuesta.com.ar\/tango\/wp-content\/uploads\/omar-mollo-mam.jpg\" alt=\"\" class=\"wp-image-5077\" srcset=\"https:\/\/www.fracturaexpuesta.com.ar\/tango\/wp-content\/uploads\/omar-mollo-mam.jpg 720w, https:\/\/www.fracturaexpuesta.com.ar\/tango\/wp-content\/uploads\/omar-mollo-mam-225x300.jpg 225w\" sizes=\"auto, (max-width: 720px) 100vw, 720px\" \/><figcaption>Mollo, su Gibson y el rock.<\/figcaption><\/figure>\n\n\n\n<p class=\"wp-block-paragraph\"><strong>\u00bfCu\u00e1ndo y c\u00f3mo volviste a reencontrarte con tu esp\u00edritu musical?<\/strong><\/p>\n\n\n\n<p class=\"wp-block-paragraph\">En el 2000 volv\u00ed a rearmar MAM. Hicimos el festival de Cosqu\u00edn todos los a\u00f1os y nos llamaban de todos lados. Pero los productores me dec\u00edan &#8216;no, para este sonido ya est\u00e1 Divididos&#8217;, ten\u00edamos una onda parecida. Es al pedo pens\u00e9 entonces. Hab\u00edamos firmado con DBN y ten\u00eda que presentar un disco en La Trastienda pero ten\u00edamos problemas con nuestro manager y entonces la llam\u00e9 a Graciela Minervino. Nos hab\u00edamos visto de chicos antes, por amigos en com\u00fan. Desde ese d\u00eda que la visit\u00e9 en la radio produjimos muchas cosas juntos, al punto que es esto que ves hoy en d\u00eda. Ya no nos separamos m\u00e1s.<\/p>\n\n\n\n<p style=\"color:#ff0004;font-size:26px\" class=\"has-text-color wp-block-paragraph\"><strong>Gen\u00e9tica de tango y rock<\/strong><\/p>\n\n\n\n<p class=\"wp-block-paragraph\"><strong>\u00bfDe d\u00f3nde sale la idea de hacer tango?<\/strong><\/p>\n\n\n\n<p class=\"wp-block-paragraph\">En todas las reuniones que hab\u00eda con rockeros yo siempre pelaba tango. Y ah\u00ed la convencieron a Graciela de que me joda para que haga tango. Todos los rockeros, excepto Pappo, quer\u00edan hacer tango.<\/p>\n\n\n\n<p class=\"wp-block-paragraph\"><strong>\u00bfAlg\u00fan otro rockero que hiciera tango?<\/strong><\/p>\n\n\n\n<p class=\"wp-block-paragraph\">Iorio, Ciro, el pelado Cordera, Celeste Carballo. Hicimos muchos homenajes al tango con Col\u00e1ngelo a la cabeza. Con Melingo, Gabi Epumer, Iv\u00e1n Noble. Todos esos escuchaban tango, y as\u00ed fue como Melingo hace el programa <em>Mala yunta<\/em> donde iban todos los rockeros a cantar tango. Ah\u00ed me ve Albistur y me llama para hacer un disco. Yo estaba negado a cantar tango pero Graciela insist\u00eda y me dijo &#8216;en este pa\u00eds del rock no vas a poder vivir, hac\u00e9 tango y vas a poder hacer lo que quieras\u201d. Despu\u00e9s me enamor\u00e9 de c\u00f3mo cambi\u00f3 el entorno de gente que me ven\u00eda a ver. Tuve prontamente una respuesta hermosa aunque hasta el d\u00eda de hoy me cuesta aprenderme las letras<\/p>\n\n\n\n<blockquote class=\"wp-block-quote is-style-large is-layout-flow wp-block-quote-is-layout-flow\"><p>\u00abSiempre existi\u00f3 una tendencia de los rockeros a cantar tango. El rock argentino es re tanguero\u00bb.<\/p><\/blockquote>\n\n\n\n<figure class=\"wp-block-image\"><img loading=\"lazy\" decoding=\"async\" width=\"1024\" height=\"683\" src=\"https:\/\/www.fracturaexpuesta.com.ar\/tango\/wp-content\/uploads\/Omar-Mollo-1024x683.jpg\" alt=\"\" class=\"wp-image-5079\" srcset=\"https:\/\/www.fracturaexpuesta.com.ar\/tango\/wp-content\/uploads\/Omar-Mollo-1024x683.jpg 1024w, https:\/\/www.fracturaexpuesta.com.ar\/tango\/wp-content\/uploads\/Omar-Mollo-300x200.jpg 300w, https:\/\/www.fracturaexpuesta.com.ar\/tango\/wp-content\/uploads\/Omar-Mollo-768x512.jpg 768w\" sizes=\"auto, (max-width: 1024px) 100vw, 1024px\" \/><figcaption>\u00abLa diferencia no es el rock o el tango sino el car\u00e1cter de las personas que lo tocan\u00bb.<\/figcaption><\/figure>\n\n\n\n<p class=\"wp-block-paragraph\"><strong>En el rockero&#8230; \u00bfde d\u00f3nde proviene eso de cantar tango?<\/strong><\/p>\n\n\n\n<p class=\"wp-block-paragraph\">Mi viejo era tan gardeliano que me mareaba, yo llegu\u00e9 a odiar al tango. Pero siempre existi\u00f3 una tendencia de los rockeros a cantar tango. El rock argentino es re tanguero, sino mir\u00e1 a Miguel Cantilo. <\/p>\n\n\n\n<p class=\"wp-block-paragraph\"><strong>\u00bfEn qu\u00e9 se diferencian el tango y el rock?<\/strong><\/p>\n\n\n\n<p class=\"wp-block-paragraph\">La diferencia no es el rock o el tango sino el car\u00e1cter de las personas que lo tocan. En el rock es mucha la energ\u00eda que se necesita. Yo terminaba agotado despu\u00e9s de conciertos marat\u00f3nicos. Hasta que me dije que eso no era m\u00e1s para m\u00ed.<\/p>\n\n\n\n<p class=\"wp-block-paragraph\"><\/p>\n\n\n\n<p style=\"color:#ff0004;font-size:26px\" class=\"has-text-color wp-block-paragraph\"><strong>El camino del tango<\/strong><\/p>\n\n\n\n<p class=\"wp-block-paragraph\"><strong>Y tu primer tango \u00bfcu\u00e1ndo lo grab\u00e1s?<\/strong><\/p>\n\n\n\n<p class=\"wp-block-paragraph\">En el 2003. Hermoso disco que hice con Carlos Buono. Ah\u00ed sal\u00ed a la pista. Luego los premios y todo eso. Podr\u00eda haber sido socio de SADAIC en el 70 pero lo m\u00edo era tremendo. Y nadie me tir\u00f3 un centro tampoco. La vida y la responsabilidad me lleg\u00f3 a esa edad, cuando encuentro a la mujer con la que hicimos juntos un proyecto de vida. Antes de juntarnos, hablamos mucho.<\/p>\n\n\n\n<p class=\"wp-block-paragraph\"><strong>\u00bfEscuchas m\u00fasicas actuales? \u00bfCantores que te gusten?<\/strong><\/p>\n\n\n\n<p class=\"wp-block-paragraph\">No, no escucho. Cuando escuch\u00e1s muchas cosas, se te pegan. De entre los cantores de hoy, el que m\u00e1s me llega es el \u201cChino\u201d Laborde.<\/p>\n\n\n\n<blockquote class=\"wp-block-quote is-style-large is-layout-flow wp-block-quote-is-layout-flow\"><p>\u00abNo te la creas, por m\u00e1s que estuviste en el mejor teatro del mundo, al otro d\u00eda tal vez ten\u00e9s que ir a lavar los platos\u00bb.<\/p><\/blockquote>\n\n\n\n<p class=\"wp-block-paragraph\"><strong>\u00bfC\u00f3mo encar\u00e1s la interpretaci\u00f3n de un tango nuevo?<\/strong><\/p>\n\n\n\n<p class=\"wp-block-paragraph\">Escuchando al \u00abPolaco\u00bb Goyeneche, de ah\u00ed saco lo que tengo que sacar. Lo escucho mil veces hasta que lo hago m\u00edo, despu\u00e9s ya me largo a hacer lo que yo hago. Satirizo los tangos, los act\u00fao, me meto en la historia y lo hago marcad\u00edsimo, hasta que te da risa o llor\u00e1s de la emoci\u00f3n. Ya lo hice en tantos discos que ahora es natural. Solo tomo los tangos que me pegan en el coraz\u00f3n. Para construir un disco, escucho mucho. Aparte de chiquito escuch\u00e9 much\u00edsimo folklore y tango y ya ten\u00e9s el ADN de la m\u00fasica adentro.<\/p>\n\n\n\n<iframe loading=\"lazy\" width=\"100%\" height=\"300\" scrolling=\"no\" frameborder=\"no\" allow=\"autoplay\" src=\"https:\/\/w.soundcloud.com\/player\/?url=https%3A\/\/api.soundcloud.com\/playlists\/1156063183&#038;color=%23ff5500&#038;auto_play=false&#038;hide_related=false&#038;show_comments=true&#038;show_user=true&#038;show_reposts=false&#038;show_teaser=true&#038;visual=true\"><\/iframe><div style=\"font-size: 10px; color: #cccccc;line-break: anywhere;word-break: normal;overflow: hidden;white-space: nowrap;text-overflow: ellipsis; font-family: Interstate,Lucida Grande,Lucida Sans Unicode,Lucida Sans,Garuda,Verdana,Tahoma,sans-serif;font-weight: 100;\"><a href=\"https:\/\/soundcloud.com\/elmurotango\" title=\"El Muro Tango\" target=\"_blank\" style=\"color: #cccccc; text-decoration: none;\">El Muro Tango<\/a> \u00b7 <a href=\"https:\/\/soundcloud.com\/elmurotango\/sets\/el-muro-tango-omar-mollo-live-at-cosmopolite-sep-2020\" title=\"El Muro Tango &amp; Omar Mollo - Live at Cosmopolite (Sep 2020)\" target=\"_blank\" style=\"color: #cccccc; text-decoration: none;\">El Muro Tango &amp; Omar Mollo &#8211; Live at Cosmopolite (Sep 2020)<\/a><\/div>\n\n\n\n<p class=\"wp-block-paragraph\"><\/p>\n\n\n\n<p class=\"wp-block-paragraph\"><strong>\u00bfQu\u00e9 te dio el tango?<\/strong><\/p>\n\n\n\n<p class=\"wp-block-paragraph\">Todo, la verdad, el tango me dio todo. El rock no me lo dio porque yo no supe encararlo. Por eso siempre me culpo. Cuando empec\u00e9 a laburar tuve resultados pero llegu\u00e9 tarde.<\/p>\n\n\n\n<p class=\"wp-block-paragraph\"><strong>A los 70 a\u00f1os y con tanto realizado, \u00bfqu\u00e9 te dan ganas de hacer? <\/strong><\/p>\n\n\n\n<p class=\"wp-block-paragraph\">Hoy me motiva vivir mucho. Aprovechar, porque los d\u00edas se acortan. El disfrutar las cosas chicas de la vida que elegiste, disfrutar de la buena comida y las caminatas. Sin esas cosas chiquitas no lleg\u00e1s a ninguna grande. Cada a\u00f1o es un escal\u00f3n. No te la creas, por m\u00e1s que estuviste en el mejor teatro del mundo, al otro d\u00eda tal vez ten\u00e9s que ir a lavar los platos y hacer lo que ten\u00e9s que hacer. Cocinar, limpiar, son los goces de una vida normal.<\/p>\n\n\n\n<p style=\"color:#ff0004;font-size:26px\" class=\"has-text-color wp-block-paragraph\"><strong>Antes de llegar a destino<\/strong><\/p>\n\n\n\n<p class=\"wp-block-paragraph\">Estamos en la camioneta volviendo de nuestro concierto en Flekkefjord, el \u00faltimo de esta gira. Venimos con instrumentos y valijas. En unos d\u00edas todo esto ser\u00e1 solo un recuerdo, una gira m\u00e1s y no me canso de resucitar viejas historias del rock y del tango, esas que solo vivo a trav\u00e9s de lo que cuentan quienes las han vivido. Un \u00faltimo ping pong antes de llegar a destino.<\/p>\n\n\n\n<p class=\"wp-block-paragraph\"><strong>\u00bfEl m\u00e1s tanguero de los rockeros?<\/strong><\/p>\n\n\n\n<p class=\"wp-block-paragraph\">Iorio.<\/p>\n\n\n\n<p class=\"wp-block-paragraph\"><strong>\u00bfEl m\u00e1s rockero de los tangueros?<\/strong><\/p>\n\n\n\n<p class=\"wp-block-paragraph\">Goyeneche.<\/p>\n\n\n\n<p class=\"wp-block-paragraph\"><strong>\u00bfUn tango?<\/strong><\/p>\n\n\n\n<p class=\"wp-block-paragraph\">\u201cNaranjo en flor\u201d.<\/p>\n\n\n\n<p class=\"wp-block-paragraph\"><strong>\u00bfLa mayor alegr\u00eda que te dio la m\u00fasica?<\/strong><\/p>\n\n\n\n<p class=\"wp-block-paragraph\">Estar hoy con una estabilidad material y en el amor\npleno.<\/p>\n\n\n\n<p class=\"wp-block-paragraph\"><strong>\u00bfUn escenario?<\/strong><\/p>\n\n\n\n<p class=\"wp-block-paragraph\">El escenario de la bondad, del no ego\u00edsmo, de la luz, la felicidad y el compa\u00f1erismo. <\/p>\n\n\n\n<p class=\"wp-block-paragraph\"><\/p>\n","protected":false},"excerpt":{"rendered":"<p>Por Juan Pablo de Lucca\ufeff \u2022 Una charla, desde Europa, entre dos generaciones de artistas de tango. <\/p>\n","protected":false},"author":1,"featured_media":5087,"comment_status":"open","ping_status":"open","sticky":false,"template":"","format":"standard","meta":{"footnotes":""},"categories":[3],"tags":[105,32,296,110,111],"class_list":["post-5067","post","type-post","status-publish","format-standard","has-post-thumbnail","hentry","category-noticias","tag-el-muro","tag-featured","tag-juan-pablo-de-lucca","tag-omar-mollo","tag-tango"],"_links":{"self":[{"href":"https:\/\/www.fracturaexpuesta.com.ar\/tango\/wp-json\/wp\/v2\/posts\/5067","targetHints":{"allow":["GET"]}}],"collection":[{"href":"https:\/\/www.fracturaexpuesta.com.ar\/tango\/wp-json\/wp\/v2\/posts"}],"about":[{"href":"https:\/\/www.fracturaexpuesta.com.ar\/tango\/wp-json\/wp\/v2\/types\/post"}],"author":[{"embeddable":true,"href":"https:\/\/www.fracturaexpuesta.com.ar\/tango\/wp-json\/wp\/v2\/users\/1"}],"replies":[{"embeddable":true,"href":"https:\/\/www.fracturaexpuesta.com.ar\/tango\/wp-json\/wp\/v2\/comments?post=5067"}],"version-history":[{"count":23,"href":"https:\/\/www.fracturaexpuesta.com.ar\/tango\/wp-json\/wp\/v2\/posts\/5067\/revisions"}],"predecessor-version":[{"id":5096,"href":"https:\/\/www.fracturaexpuesta.com.ar\/tango\/wp-json\/wp\/v2\/posts\/5067\/revisions\/5096"}],"wp:featuredmedia":[{"embeddable":true,"href":"https:\/\/www.fracturaexpuesta.com.ar\/tango\/wp-json\/wp\/v2\/media\/5087"}],"wp:attachment":[{"href":"https:\/\/www.fracturaexpuesta.com.ar\/tango\/wp-json\/wp\/v2\/media?parent=5067"}],"wp:term":[{"taxonomy":"category","embeddable":true,"href":"https:\/\/www.fracturaexpuesta.com.ar\/tango\/wp-json\/wp\/v2\/categories?post=5067"},{"taxonomy":"post_tag","embeddable":true,"href":"https:\/\/www.fracturaexpuesta.com.ar\/tango\/wp-json\/wp\/v2\/tags?post=5067"}],"curies":[{"name":"wp","href":"https:\/\/api.w.org\/{rel}","templated":true}]}}