{"id":5107,"date":"2021-05-30T20:12:00","date_gmt":"2021-05-30T20:12:00","guid":{"rendered":"http:\/\/www.fracturaexpuesta.com.ar\/tango\/?p=5107"},"modified":"2021-10-27T02:00:33","modified_gmt":"2021-10-27T02:00:33","slug":"picadito-de-tango-26-adelantos","status":"publish","type":"post","link":"https:\/\/www.fracturaexpuesta.com.ar\/tango\/picadito-de-tango-26-adelantos\/","title":{"rendered":"Picadito de tango #26: adelantos"},"content":{"rendered":"\n<p style=\"color:#ff0004;font-size:26px\" class=\"has-text-color wp-block-paragraph\"><strong>De las manos y la voz<\/strong><\/p>\n\n\n\n<p class=\"wp-block-paragraph\">El bandoneonista Pablo Bernaba, alma mater del Quinteto Negro La Boca, present\u00f3 recientemente el video de \u201cGar\u00faa\u201d como adelanto de lo que ser\u00e1 el material que inaugurar\u00e1 su fase solista.<\/p>\n\n\n\n<p class=\"wp-block-paragraph\">Ahora, acompa\u00f1ado con su fueye y su voz, Bernaba se adentra en un terreno distinto. Ya no con el soporte de un grupo, ya no con la voz puesta en otras voces. El instrumentista da lugar al impulso del canto y lo hace con su sello original, \u00e1spero, arenoso, sentido.  <\/p>\n\n\n\n<p class=\"wp-block-paragraph\">Dice la cantautora Patricia Malanca: \u201cSi en un descuido, una noche de borrachera, mezcl\u00e1ramos en una cocketelera de bebidas una medida del decir del Polaco Goyeneche, otra medida de las vehemencias emotivas de Rub\u00e9n Ju\u00e1rez, el aceite insolente que resoplaba Pappo y los excesos acuosos de alg\u00fan Joe Cocker de nuestras pampas, \u00bfqu\u00e9 obtendr\u00edamos? No lo sabemos con certeza pero no estar\u00eda muy lejos de lo que propone el amigo Pablo Bernaba\u201d.<\/p>\n\n\n\n<p class=\"wp-block-paragraph\"><strong>Mir\u00e1 \u201cGar\u00faa\u201d (Troilo-Cad\u00edcamo), por Pablo Bernaba:<\/strong><\/p>\n\n\n\n<iframe loading=\"lazy\" width=\"600\" height=\"355\" src=\"https:\/\/www.youtube.com\/embed\/KXG3uFKt158\" title=\"YouTube video player\" frameborder=\"0\" allow=\"accelerometer; autoplay; clipboard-write; encrypted-media; gyroscope; picture-in-picture\" allowfullscreen><\/iframe>\n\n\n\n<p class=\"wp-block-paragraph\"><\/p>\n\n\n\n<p style=\"color:#ff0004;font-size:26px\" class=\"has-text-color wp-block-paragraph\"><strong>La Vagabunda y el\u00a0vendaval\u00a0feminista<\/strong><\/p>\n\n\n\n<p class=\"wp-block-paragraph\">En sinton\u00eda con los tiempos actuales de avance feminista, La Vagabunda dio a conocer hace pocos d\u00edas un fragmento de \u201cEst\u00e1n lloviendo mujeres\u201d, una de las composiciones que formar\u00e1n parte de su nuevo disco.<\/p>\n\n\n\n<p class=\"wp-block-paragraph\">\u201cEst\u00e1 lloviendo mujer \/ nos est\u00e1n mojando a todos \/ felices codos con codos \/ las polleras con poder\u201d, sentencia la letra del poeta y payador Wilson Saliwonczyk, con m\u00fasica de la guitarrista y cantante Cintia Trigo.<\/p>\n\n\n\n<p class=\"wp-block-paragraph\"><strong>Mir\u00e1 el fragmento de \u201cEst\u00e1n lloviendo mujeres\u201d:<\/strong><\/p>\n\n\n\n<iframe loading=\"lazy\" width=\"600\" height=\"355\" src=\"https:\/\/www.youtube.com\/embed\/6Z7nAmDMrFI\" title=\"YouTube video player\" frameborder=\"0\" allow=\"accelerometer; autoplay; clipboard-write; encrypted-media; gyroscope; picture-in-picture\" allowfullscreen><\/iframe>\n\n\n\n<p class=\"wp-block-paragraph\"><\/p>\n\n\n\n<p style=\"color:#ff0004;font-size:26px\" class=\"has-text-color wp-block-paragraph\"><strong>Gardel eterno: homenajes desde el Museo Casa Carlos Gardel<\/strong><\/p>\n\n\n\n<p class=\"wp-block-paragraph\">A partir de este martes 1 de junio, desde el Museo Casa Carlos Gardel, comenzar\u00e1n a desplegarse una serie de actividades virtuales que tendr\u00e1n como eje un nuevo aniversario de la partida del zorzal (24 de junio de 1935). Ser\u00e1n a trav\u00e9s de las <a href=\"https:\/\/www.instagram.com\/museocasagardel\/?hl=es-la\" target=\"_blank\" rel=\"noreferrer noopener\" aria-label=\"redes sociales del museo (abre en una nueva pesta\u00f1a)\">redes sociales del museo<\/a>.<\/p>\n\n\n\n<p class=\"wp-block-paragraph\">Las propuestas se llevar\u00e1n adelante durante todo el mes e incluyen iniciativas como charlas, talleres, un encuentro de coleccionistas titulado \u201cGardel en las vitrolas del mundo\u201d y el lanzamiento de nuevas versiones de cl\u00e1sicos gardelianos con el argentino Marcelo Ezquiaga y la brasile\u00f1a Juliana Andrade.<\/p>\n\n\n\n<p class=\"wp-block-paragraph\">Adem\u00e1s, el bar notable El Roma del Abasto y el museo realizar\u00e1n \u201cGardel eterno del Abasto\u201d, una conmemoraci\u00f3n barrial conjunta que incluir\u00e1 una pizza homenaje, una postal y estampillas alusivas junto a premios sorpresas que ser\u00e1n sorteados durante el mes del homenaje.<\/p>\n","protected":false},"excerpt":{"rendered":"<p>Pablo Bernaba y La Vagabunda adelantan temas de sus pr\u00f3ximos discos. El Museo Casa Carlos Gardel homenajea al zorzal.<\/p>\n","protected":false},"author":1,"featured_media":5108,"comment_status":"open","ping_status":"open","sticky":false,"template":"","format":"standard","meta":{"footnotes":""},"categories":[3],"tags":[163,32,144,395,394,201,112,111],"class_list":["post-5107","post","type-post","status-publish","format-standard","has-post-thumbnail","hentry","category-noticias","tag-carlos-gardel","tag-featured","tag-la-vagabunda","tag-museo-casa-carlos-gardel","tag-pablo-bernaba","tag-picadito","tag-quinteto-negro-la-boca","tag-tango"],"_links":{"self":[{"href":"https:\/\/www.fracturaexpuesta.com.ar\/tango\/wp-json\/wp\/v2\/posts\/5107","targetHints":{"allow":["GET"]}}],"collection":[{"href":"https:\/\/www.fracturaexpuesta.com.ar\/tango\/wp-json\/wp\/v2\/posts"}],"about":[{"href":"https:\/\/www.fracturaexpuesta.com.ar\/tango\/wp-json\/wp\/v2\/types\/post"}],"author":[{"embeddable":true,"href":"https:\/\/www.fracturaexpuesta.com.ar\/tango\/wp-json\/wp\/v2\/users\/1"}],"replies":[{"embeddable":true,"href":"https:\/\/www.fracturaexpuesta.com.ar\/tango\/wp-json\/wp\/v2\/comments?post=5107"}],"version-history":[{"count":1,"href":"https:\/\/www.fracturaexpuesta.com.ar\/tango\/wp-json\/wp\/v2\/posts\/5107\/revisions"}],"predecessor-version":[{"id":5109,"href":"https:\/\/www.fracturaexpuesta.com.ar\/tango\/wp-json\/wp\/v2\/posts\/5107\/revisions\/5109"}],"wp:featuredmedia":[{"embeddable":true,"href":"https:\/\/www.fracturaexpuesta.com.ar\/tango\/wp-json\/wp\/v2\/media\/5108"}],"wp:attachment":[{"href":"https:\/\/www.fracturaexpuesta.com.ar\/tango\/wp-json\/wp\/v2\/media?parent=5107"}],"wp:term":[{"taxonomy":"category","embeddable":true,"href":"https:\/\/www.fracturaexpuesta.com.ar\/tango\/wp-json\/wp\/v2\/categories?post=5107"},{"taxonomy":"post_tag","embeddable":true,"href":"https:\/\/www.fracturaexpuesta.com.ar\/tango\/wp-json\/wp\/v2\/tags?post=5107"}],"curies":[{"name":"wp","href":"https:\/\/api.w.org\/{rel}","templated":true}]}}