{"id":5158,"date":"2021-07-05T16:41:43","date_gmt":"2021-07-05T16:41:43","guid":{"rendered":"http:\/\/www.fracturaexpuesta.com.ar\/tango\/?p=5158"},"modified":"2021-07-05T16:47:15","modified_gmt":"2021-07-05T16:47:15","slug":"a-los-60-anos-murio-el-cantor-daniel-cortes","status":"publish","type":"post","link":"https:\/\/www.fracturaexpuesta.com.ar\/tango\/a-los-60-anos-murio-el-cantor-daniel-cortes\/","title":{"rendered":"A los 60 a\u00f1os, muri\u00f3 el cantor Daniel Cort\u00e9s"},"content":{"rendered":"\n<p class=\"wp-block-paragraph\">El cantor de tangos Daniel Cort\u00e9s falleci\u00f3 este domingo a los 60 a\u00f1os por un paro card\u00edaco, seg\u00fan informaron allegados del int\u00e9rprete.<\/p>\n\n\n\n<p class=\"wp-block-paragraph\">En los 80 integr\u00f3 el elenco estable del m\u00edtico ciclo televisivo Grandes valores del tango y durante m\u00e1s de 15 a\u00f1os fue una de las voces principales de la orquesta estable de Mariano Mores.<\/p>\n\n\n\n<p class=\"wp-block-paragraph\">Washington Daniel Cuf\u00f3s Bello \u2013su verdadero nombre- se caracteriz\u00f3 por su voz pastosa, due\u00f1o de un estilo que remit\u00eda al de los cantores de la d\u00e9cada del 40.<\/p>\n\n\n\n<iframe loading=\"lazy\" width=\"600\" height=\"355\" src=\"https:\/\/www.youtube.com\/embed\/L5ks3DzhADY\" title=\"YouTube video player\" frameborder=\"0\" allow=\"accelerometer; autoplay; clipboard-write; encrypted-media; gyroscope; picture-in-picture\" allowfullscreen><\/iframe>\n\n\n\n<p class=\"wp-block-paragraph\"><\/p>\n\n\n\n<p class=\"wp-block-paragraph\">Naci\u00f3 en 1969 en Montevideo, a los nueve a\u00f1os subi\u00f3 por primera vez a un escenario; en 1977 cant\u00f3 en la m\u00edtica tanguer\u00eda Teluria.<\/p>\n\n\n\n<p class=\"wp-block-paragraph\">Fue contratado para cantar en San Pablo, Brasil, en el cabaret Garufa, durante tres a\u00f1os y en 1982 viaj\u00f3 a Buenos Aires para participar en el concurso del ciclo televisivo Grandes valores del tango, que conduc\u00eda Silvio Sold\u00e1n por Canal 9.<\/p>\n\n\n\n<p class=\"wp-block-paragraph\">Entre 1982 y 1985 realiz\u00f3 varias giras por el interior del pa\u00eds y dos a\u00f1os despu\u00e9s fue contratado por el compositor y pianista Mariano Mores para un espect\u00e1culo en el porte\u00f1o Teatro Metropolitan.<\/p>\n\n\n\n<p class=\"wp-block-paragraph\">Con Mores adem\u00e1s comparti\u00f3 giras nacionales incluyendo presentaciones en el Teatro Col\u00f3n y luego por diversos pa\u00edses del mundo.<\/p>\n\n\n\n<iframe loading=\"lazy\" width=\"600\" height=\"355\" src=\"https:\/\/www.youtube.com\/embed\/FEAqDJ6tBH8\" title=\"YouTube video player\" frameborder=\"0\" allow=\"accelerometer; autoplay; clipboard-write; encrypted-media; gyroscope; picture-in-picture\" allowfullscreen><\/iframe>\n\n\n\n<p class=\"wp-block-paragraph\"><\/p>\n\n\n\n<p class=\"wp-block-paragraph\">El pianista \u00abPepo\u00bb Ogivieki, con quien Cort\u00e9s comparti\u00f3 numerosas presentaciones, manifest\u00f3 su dolor a trav\u00e9s de las redes sociales. \u00abQuedaban tantas locuras por hacer. Con vos se va una parte de mi. Voy a extra\u00f1ar hasta tus d\u00edas malos\u00bb, expres\u00f3. <\/p>\n\n\n\n<iframe loading=\"lazy\" src=\"https:\/\/www.facebook.com\/plugins\/post.php?href=https%3A%2F%2Fwww.facebook.com%2Fjosepepo.ogivieki%2Fposts%2F4161210403966074&#038;show_text=true&#038;width=500\" width=\"500\" height=\"538\" style=\"border:none;overflow:hidden\" scrolling=\"no\" frameborder=\"0\" allowfullscreen=\"true\" allow=\"autoplay; clipboard-write; encrypted-media; picture-in-picture; web-share\"><\/iframe>\n\n\n\n<p class=\"wp-block-paragraph\"><\/p>\n\n\n\n<p class=\"wp-block-paragraph\">Tambi\u00e9n fue contratado para cantar con la Orquesta Filarm\u00f3nica del Uruguay y con ella plasm\u00f3 un trabajo que fue distinguido como disco de oro.<\/p>\n\n\n\n<p class=\"wp-block-paragraph\">En su camino como solista, Daniel Cort\u00e9s actu\u00f3 junto a Beba Bidart en Taconeando y tambi\u00e9n en El Viejo Almac\u00e9n.<\/p>\n\n\n\n<p class=\"wp-block-paragraph\"><\/p>\n\n\n\n<p class=\"wp-block-paragraph\" style=\"font-size:11px\"><em><strong>Fuente: <\/strong>en base a informaci\u00f3n de la agencia T\u00e9lam.<\/em><\/p>\n","protected":false},"excerpt":{"rendered":"<p>Fue cantor de la orquesta de Mariano Mores durante m\u00e1s de una decada. Falleci\u00f3 este domingo producto de un paro card\u00edaco.<\/p>\n","protected":false},"author":1,"featured_media":5159,"comment_status":"open","ping_status":"open","sticky":false,"template":"","format":"standard","meta":{"footnotes":""},"categories":[3],"tags":[403,32,111],"class_list":["post-5158","post","type-post","status-publish","format-standard","has-post-thumbnail","hentry","category-noticias","tag-danie-cortes","tag-featured","tag-tango"],"_links":{"self":[{"href":"https:\/\/www.fracturaexpuesta.com.ar\/tango\/wp-json\/wp\/v2\/posts\/5158","targetHints":{"allow":["GET"]}}],"collection":[{"href":"https:\/\/www.fracturaexpuesta.com.ar\/tango\/wp-json\/wp\/v2\/posts"}],"about":[{"href":"https:\/\/www.fracturaexpuesta.com.ar\/tango\/wp-json\/wp\/v2\/types\/post"}],"author":[{"embeddable":true,"href":"https:\/\/www.fracturaexpuesta.com.ar\/tango\/wp-json\/wp\/v2\/users\/1"}],"replies":[{"embeddable":true,"href":"https:\/\/www.fracturaexpuesta.com.ar\/tango\/wp-json\/wp\/v2\/comments?post=5158"}],"version-history":[{"count":4,"href":"https:\/\/www.fracturaexpuesta.com.ar\/tango\/wp-json\/wp\/v2\/posts\/5158\/revisions"}],"predecessor-version":[{"id":5164,"href":"https:\/\/www.fracturaexpuesta.com.ar\/tango\/wp-json\/wp\/v2\/posts\/5158\/revisions\/5164"}],"wp:featuredmedia":[{"embeddable":true,"href":"https:\/\/www.fracturaexpuesta.com.ar\/tango\/wp-json\/wp\/v2\/media\/5159"}],"wp:attachment":[{"href":"https:\/\/www.fracturaexpuesta.com.ar\/tango\/wp-json\/wp\/v2\/media?parent=5158"}],"wp:term":[{"taxonomy":"category","embeddable":true,"href":"https:\/\/www.fracturaexpuesta.com.ar\/tango\/wp-json\/wp\/v2\/categories?post=5158"},{"taxonomy":"post_tag","embeddable":true,"href":"https:\/\/www.fracturaexpuesta.com.ar\/tango\/wp-json\/wp\/v2\/tags?post=5158"}],"curies":[{"name":"wp","href":"https:\/\/api.w.org\/{rel}","templated":true}]}}