{"id":5175,"date":"2021-07-07T23:19:19","date_gmt":"2021-07-07T23:19:19","guid":{"rendered":"http:\/\/www.fracturaexpuesta.com.ar\/tango\/?p=5175"},"modified":"2021-07-08T00:11:22","modified_gmt":"2021-07-08T00:11:22","slug":"zorzal-hd-como-se-ve-gardel-en-alta-definicion","status":"publish","type":"post","link":"https:\/\/www.fracturaexpuesta.com.ar\/tango\/zorzal-hd-como-se-ve-gardel-en-alta-definicion\/","title":{"rendered":"Zorzal HD: c\u00f3mo se ve Gardel en alta definici\u00f3n"},"content":{"rendered":"\n<p class=\"wp-block-paragraph\">Si a casi 90 a\u00f1os de su partida Gardel sigue cantando mejor, verlo con detalles de alta definici\u00f3n es sin dudas una experiencia notable.<\/p>\n\n\n\n<p class=\"wp-block-paragraph\">Es que las im\u00e1genes de pel\u00edculas o fragmentos del Zorzal\nque pululan por internet y otros soportes siempre dejaron mucho que desear. Escenas\nsin definiciones \u00f3ptimas y replicadas a partir de una base f\u00edlmica defectuosa\nhan mostrado al Morocho en instant\u00e1neas sin avances t\u00e9cnicos.<\/p>\n\n\n\n<p class=\"wp-block-paragraph\">Ahora, y luego de un trabajo de restauraci\u00f3n impulsado\npor la Fundaci\u00f3n Cinemateca Argentina, es posible ver a Gardel con detalles\nasombrosos. Sus gestos, las profundidades, sus ademanes y movimientos no dejan\nde sorprender en esta nueva versi\u00f3n del \u00edcono argentino.<\/p>\n\n\n\n<p class=\"wp-block-paragraph\">Gardel digita la guitarra y se ve. Tuerce la boca al\ncantar y se ve. Las luces del set se reflejan en sus ojos y alumbran su cabello.\nMientras, se mueve con naturalidad y sin pixelados y as\u00ed su voz cobra otra dimensi\u00f3n.<\/p>\n\n\n\n<p class=\"wp-block-paragraph\">Tal vez, la mejor manera de escuchar a Gardel sea con esa fritura de victrola. Sin esa \u201cmugre\u201d el Zorzal no ser\u00eda lo que es. Pero verlo en alta definici\u00f3n propone otra experiencia. Un acercamiento m\u00e1s vital a un artista integral que forma parte del patrimonio cultural del pa\u00eds. <\/p>\n\n\n\n<p class=\"wp-block-paragraph\"><strong>\u201cRubias de New York\u201d<\/strong><br>Fragmento de la pel\u00edcula <em>El Tango en Broadway<\/em>, dirigida por Louis Gasnier.<\/p>\n\n\n\n<iframe loading=\"lazy\" width=\"600\" height=\"355\" src=\"https:\/\/www.youtube.com\/embed\/4qSwhDHm-GE\" title=\"YouTube video player\" frameborder=\"0\" allow=\"accelerometer; autoplay; clipboard-write; encrypted-media; gyroscope; picture-in-picture\" allowfullscreen=\"\"><\/iframe>\n\n\n\n<p class=\"wp-block-paragraph\"><\/p>\n\n\n\n<p class=\"wp-block-paragraph\"><strong>\u201cMano a mano\u201d<\/strong><br>Fragmento de <em>As\u00ed cantaba Carlos Gardel<\/em>, dirigida por Eduardo Morera.<\/p>\n\n\n\n<iframe loading=\"lazy\" width=\"600\" height=\"355\" src=\"https:\/\/www.youtube.com\/embed\/uauAL0q26sI\" title=\"YouTube video player\" frameborder=\"0\" allow=\"accelerometer; autoplay; clipboard-write; encrypted-media; gyroscope; picture-in-picture\" allowfullscreen=\"\"><\/iframe>\n\n\n\n<p class=\"wp-block-paragraph\"><\/p>\n\n\n\n<p class=\"wp-block-paragraph\"><strong>\u201cGolondrinas\u201d<br><\/strong>Fragmento de la pel\u00edcula <em>El Tango en Broadway<\/em>, dirigida por Louis Gasnier.<\/p>\n\n\n\n<iframe loading=\"lazy\" width=\"600\" height=\"355\" src=\"https:\/\/www.youtube.com\/embed\/Edns5YOtq0M\" title=\"YouTube video player\" frameborder=\"0\" allow=\"accelerometer; autoplay; clipboard-write; encrypted-media; gyroscope; picture-in-picture\" allowfullscreen=\"\"><\/iframe>\n\n\n\n<p class=\"wp-block-paragraph\"><\/p>\n\n\n\n<p class=\"wp-block-paragraph\"><strong>\u201cRosas de oto\u00f1o\u201d<br><\/strong>Fragmento de <em>As\u00ed cantaba Carlos Gardel<\/em>, dirigida por Eduardo Morera.<\/p>\n\n\n\n<iframe loading=\"lazy\" width=\"600\" height=\"355\" src=\"https:\/\/www.youtube.com\/embed\/ftiEXbszzUI\" title=\"YouTube video player\" frameborder=\"0\" allow=\"accelerometer; autoplay; clipboard-write; encrypted-media; gyroscope; picture-in-picture\" allowfullscreen=\"\"><\/iframe>\n\n\n\n<p class=\"wp-block-paragraph\"><\/p>\n","protected":false},"excerpt":{"rendered":"<p>Una nueva y sorprendente manera de ver al cantor argentino.<\/p>\n","protected":false},"author":1,"featured_media":5177,"comment_status":"open","ping_status":"open","sticky":false,"template":"","format":"standard","meta":{"footnotes":""},"categories":[3],"tags":[163,32,111],"class_list":["post-5175","post","type-post","status-publish","format-standard","has-post-thumbnail","hentry","category-noticias","tag-carlos-gardel","tag-featured","tag-tango"],"_links":{"self":[{"href":"https:\/\/www.fracturaexpuesta.com.ar\/tango\/wp-json\/wp\/v2\/posts\/5175","targetHints":{"allow":["GET"]}}],"collection":[{"href":"https:\/\/www.fracturaexpuesta.com.ar\/tango\/wp-json\/wp\/v2\/posts"}],"about":[{"href":"https:\/\/www.fracturaexpuesta.com.ar\/tango\/wp-json\/wp\/v2\/types\/post"}],"author":[{"embeddable":true,"href":"https:\/\/www.fracturaexpuesta.com.ar\/tango\/wp-json\/wp\/v2\/users\/1"}],"replies":[{"embeddable":true,"href":"https:\/\/www.fracturaexpuesta.com.ar\/tango\/wp-json\/wp\/v2\/comments?post=5175"}],"version-history":[{"count":4,"href":"https:\/\/www.fracturaexpuesta.com.ar\/tango\/wp-json\/wp\/v2\/posts\/5175\/revisions"}],"predecessor-version":[{"id":5180,"href":"https:\/\/www.fracturaexpuesta.com.ar\/tango\/wp-json\/wp\/v2\/posts\/5175\/revisions\/5180"}],"wp:featuredmedia":[{"embeddable":true,"href":"https:\/\/www.fracturaexpuesta.com.ar\/tango\/wp-json\/wp\/v2\/media\/5177"}],"wp:attachment":[{"href":"https:\/\/www.fracturaexpuesta.com.ar\/tango\/wp-json\/wp\/v2\/media?parent=5175"}],"wp:term":[{"taxonomy":"category","embeddable":true,"href":"https:\/\/www.fracturaexpuesta.com.ar\/tango\/wp-json\/wp\/v2\/categories?post=5175"},{"taxonomy":"post_tag","embeddable":true,"href":"https:\/\/www.fracturaexpuesta.com.ar\/tango\/wp-json\/wp\/v2\/tags?post=5175"}],"curies":[{"name":"wp","href":"https:\/\/api.w.org\/{rel}","templated":true}]}}