{"id":5185,"date":"2021-07-18T15:05:02","date_gmt":"2021-07-18T15:05:02","guid":{"rendered":"http:\/\/www.fracturaexpuesta.com.ar\/tango\/?p=5185"},"modified":"2021-07-18T15:23:19","modified_gmt":"2021-07-18T15:23:19","slug":"picadito-de-tango-27-de-academia","status":"publish","type":"post","link":"https:\/\/www.fracturaexpuesta.com.ar\/tango\/picadito-de-tango-27-de-academia\/","title":{"rendered":"Picadito de tango #27: de academia"},"content":{"rendered":"\n<p style=\"color:#ff0004;font-size:28px\" class=\"has-text-color wp-block-paragraph\"><strong>Pablo Estigarribia transcribe a Salg\u00e1n<\/strong><\/p>\n\n\n\n<p class=\"wp-block-paragraph\">Hace 30 a\u00f1os, en los bosques de Palermo, Salg\u00e1n se\npresentaba en el marco de un ciclo de pianistas y hac\u00eda de las suyas montado\nsobre las teclas. No hab\u00eda plan de registro sonoro. Sin embargo, el \u201cMono\u201d\nFontana comprendi\u00f3 la importancia hist\u00f3rica del concierto de Salg\u00e1n y lo grab\u00f3\npor sus propios medios.<\/p>\n\n\n\n<p class=\"wp-block-paragraph\">Esa pieza hist\u00f3rica lleg\u00f3, hace una d\u00e9cada, a las manos del pianista Pablo Estigarribia que ahora, luego de un importante trabajo de investigaci\u00f3n musical, lanza <em><strong>Horacio Salg\u00e1n Piano Transcriptions<\/strong><\/em>, un disco en el que interpreta los tangos que Salg\u00e1n ejecut\u00f3 en Palermo.<\/p>\n\n\n\n<p class=\"wp-block-paragraph\">Al disco se agrega otro valioso aporte. Un libro con las transcripciones\nde los temas del \u00e1lbum. \u201cTuve el profundo deseo de transcribir todo ese recital\ny estudiarlo para seguir aprendiendo de este gran maestro. El material es el\nresultado de un par de a\u00f1os de trabajo, de minuciosa transcripci\u00f3n, de investigaci\u00f3n\nde otras grabaciones\u201d, cuenta Estigarribia.<\/p>\n\n\n\n<p class=\"wp-block-paragraph\">La presentaci\u00f3n del disco tendr\u00e1 lugar el viernes 30 de julio a las 21 a trav\u00e9s del <a href=\"https:\/\/www.youtube.com\/channel\/UCREdBBGftB5aqlw22a4rsCw\" target=\"_blank\" rel=\"noreferrer noopener\" aria-label=\"canal de Youtube de Pablo Estigarribia (abre en una nueva pesta\u00f1a)\">canal de Youtube de Pablo Estigarribia<\/a>, con acceso gratuito. Ese d\u00eda se proyectar\u00e1 un video en el que el pianista interpretar\u00e1 ocho temas del disco y que estar\u00e1 disponible hasta el lunes 2 de agosto.<\/p>\n\n\n\n<p class=\"wp-block-paragraph\">\u201cLa Cachila\u201d (Eduardo Arolas), \u201cBoedo\u201d (Julio De Caro), \u201cTango Del Eco\u201d (Horacio Salg\u00e1n), \u201cDon Agust\u00edn Bardi\u201d (Horacio Salg\u00e1n), \u201cIndependiente Club\u201d (Agust\u00edn Bardi), \u201cTango para tus manos\u201d (Horacio Salg\u00e1n) son algunos de los temas que incluye Horacio Salg\u00e1n Piano Transcriptions.<\/p>\n\n\n\n<iframe loading=\"lazy\" width=\"600\" height=\"355\" src=\"https:\/\/www.youtube.com\/embed\/5ZDqAm-SlKs\" title=\"YouTube video player\" frameborder=\"0\" allow=\"accelerometer; autoplay; clipboard-write; encrypted-media; gyroscope; picture-in-picture\" allowfullscreen><\/iframe>\n\n\n\n<p class=\"wp-block-paragraph\"><\/p>\n\n\n\n<p style=\"color:#ff0004;font-size:28px\" class=\"has-text-color wp-block-paragraph\"><strong>Daniel Ruggiero con\norquesta<\/strong><\/p>\n\n\n\n<p class=\"wp-block-paragraph\">Con la intenci\u00f3n de explorar el bandone\u00f3n en un marco orquestal, Daniel Ruggiero present\u00f3 su segundo disco solista. <em><strong>Bandone\u00f3n en concierto<\/strong><\/em> es el t\u00edtulo de un material que aporta \u201cnuevos colores sonoros y compositivos en el g\u00e9nero y reelabora el lenguaje tradicional con el bandone\u00f3n como eje conductor\u201d.<\/p>\n\n\n\n<p class=\"wp-block-paragraph\">El disco, sucesor de <em>Bandone\u00f3n es cultura<\/em>, re\u00fane dos obras con distintos movimientos. Por un lado, \u00abBando y Banda\u00bb -para bandone\u00f3n y ensamble- bajo la direcci\u00f3n de Hern\u00e1n Aranda y \u00abDe N\u00e1car\u00bb -para dos bandoneones solistas, orquesta de cuerdas y marimba- con Javier M\u00e1s como director. <\/p>\n\n\n\n<p class=\"wp-block-paragraph\">La primera fue estrenada en vivo en Buenos Aires y en Asunci\u00f3n del Paraguay mientras que la segunda es in\u00e9dita. Parte de ese material, como adelanto exclusivo, pudo escucharse en una edici\u00f3n especial de <a rel=\"noreferrer noopener\" aria-label=\"Doble A, la radio online de Fractura Expuesta. (abre en una nueva pesta\u00f1a)\" href=\"http:\/\/www.fracturaexpuesta.com.ar\/doblearadio\/\" target=\"_blank\">Doble A, la radio online de Fractura Expuesta.<\/a><\/p>\n\n\n\n<iframe loading=\"lazy\" src=\"https:\/\/open.spotify.com\/embed\/album\/7p7w0JpWTy4QRcoTtbe0Zb\" width=\"100%\" height=\"380\" frameBorder=\"0\" allowtransparency=\"true\" allow=\"encrypted-media\"><\/iframe>\n\n\n\n<p class=\"wp-block-paragraph\"><\/p>\n\n\n\n<p style=\"color:#ff0004;font-size:28px\" class=\"has-text-color wp-block-paragraph\"><strong>Adrian Placenti,\ncontrastes<\/strong><\/p>\n\n\n\n<p class=\"wp-block-paragraph\">El compositor y pianista Adrian Placenti dio a conocer su cuarto disco, <em><strong>Minimal Piano Tango<\/strong><\/em>. <\/p>\n\n\n\n<p class=\"wp-block-paragraph\">Nutri\u00e9ndose de la m\u00fasica minimal y del tango, Placenti logra\nuna nueva forma de expresi\u00f3n en un \u00e1lbum conceptual para piano que incluye las\nobras \u00abEquilibrium\u00bb y \u00abDesequilibrium\u00bb.<\/p>\n\n\n\n<p class=\"wp-block-paragraph\">El resultado es una obra integral, de car\u00e1cter descriptivo,\nque plantea antagonismos: el claroscuro, la calma y el frenes\u00ed. Estados de\n\u00e1nimo opuestos. La sencillez minimalista con la expresividad rom\u00e1ntica\ntanguera. <\/p>\n\n\n\n<p class=\"wp-block-paragraph\">\u201cMinimal Piano Tango ha fluido desde mi coraz\u00f3n y a trav\u00e9s de mis manos sobre el piano, logrando un sonido personal y espont\u00e1neo, producto de la s\u00edntesis de dos mundos que desde siempre han cruzado sus caminos interactuando: la m\u00fasica acad\u00e9mica y el tango\u201d, comenta Placenti sobre el material.<\/p>\n\n\n\n<iframe loading=\"lazy\" width=\"600\" height=\"355\" src=\"https:\/\/www.youtube.com\/embed\/DNZSKx2gKYw\" title=\"YouTube video player\" frameborder=\"0\" allow=\"accelerometer; autoplay; clipboard-write; encrypted-media; gyroscope; picture-in-picture\" allowfullscreen><\/iframe>\n\n\n\n<p class=\"wp-block-paragraph\"><\/p>\n","protected":false},"excerpt":{"rendered":"<p>Tres novedades discogr\u00e1ficas que cruzan al tango con la m\u00fasica acad\u00e9mica. <\/p>\n","protected":false},"author":1,"featured_media":5186,"comment_status":"open","ping_status":"open","sticky":false,"template":"","format":"standard","meta":{"footnotes":""},"categories":[3],"tags":[405,226,32,404,201,111],"class_list":["post-5185","post","type-post","status-publish","format-standard","has-post-thumbnail","hentry","category-noticias","tag-adrian-placenti","tag-daniel-ruggiero","tag-featured","tag-pablo-estigarribia","tag-picadito","tag-tango"],"_links":{"self":[{"href":"https:\/\/www.fracturaexpuesta.com.ar\/tango\/wp-json\/wp\/v2\/posts\/5185","targetHints":{"allow":["GET"]}}],"collection":[{"href":"https:\/\/www.fracturaexpuesta.com.ar\/tango\/wp-json\/wp\/v2\/posts"}],"about":[{"href":"https:\/\/www.fracturaexpuesta.com.ar\/tango\/wp-json\/wp\/v2\/types\/post"}],"author":[{"embeddable":true,"href":"https:\/\/www.fracturaexpuesta.com.ar\/tango\/wp-json\/wp\/v2\/users\/1"}],"replies":[{"embeddable":true,"href":"https:\/\/www.fracturaexpuesta.com.ar\/tango\/wp-json\/wp\/v2\/comments?post=5185"}],"version-history":[{"count":2,"href":"https:\/\/www.fracturaexpuesta.com.ar\/tango\/wp-json\/wp\/v2\/posts\/5185\/revisions"}],"predecessor-version":[{"id":5189,"href":"https:\/\/www.fracturaexpuesta.com.ar\/tango\/wp-json\/wp\/v2\/posts\/5185\/revisions\/5189"}],"wp:featuredmedia":[{"embeddable":true,"href":"https:\/\/www.fracturaexpuesta.com.ar\/tango\/wp-json\/wp\/v2\/media\/5186"}],"wp:attachment":[{"href":"https:\/\/www.fracturaexpuesta.com.ar\/tango\/wp-json\/wp\/v2\/media?parent=5185"}],"wp:term":[{"taxonomy":"category","embeddable":true,"href":"https:\/\/www.fracturaexpuesta.com.ar\/tango\/wp-json\/wp\/v2\/categories?post=5185"},{"taxonomy":"post_tag","embeddable":true,"href":"https:\/\/www.fracturaexpuesta.com.ar\/tango\/wp-json\/wp\/v2\/tags?post=5185"}],"curies":[{"name":"wp","href":"https:\/\/api.w.org\/{rel}","templated":true}]}}