{"id":5197,"date":"2021-07-22T14:50:51","date_gmt":"2021-07-22T14:50:51","guid":{"rendered":"http:\/\/www.fracturaexpuesta.com.ar\/tango\/?p=5197"},"modified":"2021-07-22T14:57:19","modified_gmt":"2021-07-22T14:57:19","slug":"la-bailarina-natacha-poberaj-es-la-nueva-directora-artistica-del-festival-y-mundial-de-tango","status":"publish","type":"post","link":"https:\/\/www.fracturaexpuesta.com.ar\/tango\/la-bailarina-natacha-poberaj-es-la-nueva-directora-artistica-del-festival-y-mundial-de-tango\/","title":{"rendered":"La bailarina Natacha Poberaj es la nueva directora art\u00edstica del Festival y Mundial de Tango"},"content":{"rendered":"\n<p class=\"wp-block-paragraph\">La bailarina y docente Natacha Poberaj fue anunciada\nrecientemente como la nueva responsable art\u00edstica del Festival y Mundial de\nTango de la Ciudad de Buenos Aires.<\/p>\n\n\n\n<p class=\"wp-block-paragraph\">Poberaj, campeona en el Mundial de baile en 2006, ocupar\u00e1 el cargo que hasta ahora ten\u00eda Gabriel Soria, actual presidente de la Academia Nacional del Tango. Seg\u00fan indicaron desde el Ministerio de Cultura de la ciudad, Soria seguir\u00e1 siendo parte del equipo de programaci\u00f3n y \u201crealizando aportes en el aspecto hist\u00f3rico-acad\u00e9mico\u201d.<\/p>\n\n\n\n<p class=\"wp-block-paragraph\">En cuanto a Poberaj, su designaci\u00f3n vuelve a poner en escena a una mujer en la diagramaci\u00f3n art\u00edstica luego de lo que hab\u00eda sido, hace m\u00e1s de 15 a\u00f1os, la gesti\u00f3n de Carolina Sim\u00f3n que culmin\u00f3 con cr\u00edticas al entonces secretario de Cultura, Hern\u00e1n Lombardi.<\/p>\n\n\n\n<figure class=\"wp-block-image\"><img loading=\"lazy\" decoding=\"async\" width=\"1024\" height=\"819\" src=\"https:\/\/www.fracturaexpuesta.com.ar\/tango\/wp-content\/uploads\/poberaj-avogadro-1-1024x819.jpg\" alt=\"\" class=\"wp-image-5199\" srcset=\"https:\/\/www.fracturaexpuesta.com.ar\/tango\/wp-content\/uploads\/poberaj-avogadro-1-1024x819.jpg 1024w, https:\/\/www.fracturaexpuesta.com.ar\/tango\/wp-content\/uploads\/poberaj-avogadro-1-300x240.jpg 300w, https:\/\/www.fracturaexpuesta.com.ar\/tango\/wp-content\/uploads\/poberaj-avogadro-1-768x614.jpg 768w, https:\/\/www.fracturaexpuesta.com.ar\/tango\/wp-content\/uploads\/poberaj-avogadro-1.jpg 1578w\" sizes=\"auto, (max-width: 1024px) 100vw, 1024px\" \/><figcaption>Poberaj y Enrique Avogadro, ministro de Cultura de la ciudad (Foto: GCBA).<\/figcaption><\/figure>\n\n\n\n<p class=\"wp-block-paragraph\">En lo espec\u00edfico, la bailarina de amplia trayectoria y reconocimiento asume en un contexto atravesado por cuestionamientos de los artistas de tango ante las \u00faltimas ediciones del Festival y Mundial. <\/p>\n\n\n\n<p class=\"wp-block-paragraph\">Tanto el a\u00f1o pasado como el que transcurre, diversos actores del sector tanguero emitieron comunicados p\u00fablicos en donde reclamaron cambios en la manera de gestionar ambas iniciativas de pol\u00edtica cultural. <\/p>\n\n\n\n<p class=\"wp-block-paragraph\">As\u00ed, la nueva directora inicia su recorrido con el desaf\u00edo de contemplar las demandas de un sector cultural que aporta un destacado valor a la ciudad pero que ha sufrido las graves consecuencias de la pandemia y, en perspectiva, los desbalances a la hora de implementar una gesti\u00f3n integral y participativa sobre el tango.<\/p>\n\n\n\n<p class=\"wp-block-paragraph\">El Festival y Mundial de este a\u00f1o, que se realizar\u00e1n entre el 16 y el 26 de septiembre, ser\u00e1n una oportunidad para avanzar en tal sinton\u00eda.<\/p>\n","protected":false},"excerpt":{"rendered":"<p>Poberaj reemplaza a Gabriel Soria que seguir\u00e1 colaborando con los eventos. El desaf\u00edo de contemplar las demandas del sector tanguero.<\/p>\n","protected":false},"author":1,"featured_media":5198,"comment_status":"open","ping_status":"open","sticky":false,"template":"","format":"standard","meta":{"footnotes":""},"categories":[3],"tags":[32,218,406,258,111],"class_list":["post-5197","post","type-post","status-publish","format-standard","has-post-thumbnail","hentry","category-noticias","tag-featured","tag-festival-de-tango","tag-natacha-poberaj","tag-politica-cultural","tag-tango"],"_links":{"self":[{"href":"https:\/\/www.fracturaexpuesta.com.ar\/tango\/wp-json\/wp\/v2\/posts\/5197","targetHints":{"allow":["GET"]}}],"collection":[{"href":"https:\/\/www.fracturaexpuesta.com.ar\/tango\/wp-json\/wp\/v2\/posts"}],"about":[{"href":"https:\/\/www.fracturaexpuesta.com.ar\/tango\/wp-json\/wp\/v2\/types\/post"}],"author":[{"embeddable":true,"href":"https:\/\/www.fracturaexpuesta.com.ar\/tango\/wp-json\/wp\/v2\/users\/1"}],"replies":[{"embeddable":true,"href":"https:\/\/www.fracturaexpuesta.com.ar\/tango\/wp-json\/wp\/v2\/comments?post=5197"}],"version-history":[{"count":2,"href":"https:\/\/www.fracturaexpuesta.com.ar\/tango\/wp-json\/wp\/v2\/posts\/5197\/revisions"}],"predecessor-version":[{"id":5201,"href":"https:\/\/www.fracturaexpuesta.com.ar\/tango\/wp-json\/wp\/v2\/posts\/5197\/revisions\/5201"}],"wp:featuredmedia":[{"embeddable":true,"href":"https:\/\/www.fracturaexpuesta.com.ar\/tango\/wp-json\/wp\/v2\/media\/5198"}],"wp:attachment":[{"href":"https:\/\/www.fracturaexpuesta.com.ar\/tango\/wp-json\/wp\/v2\/media?parent=5197"}],"wp:term":[{"taxonomy":"category","embeddable":true,"href":"https:\/\/www.fracturaexpuesta.com.ar\/tango\/wp-json\/wp\/v2\/categories?post=5197"},{"taxonomy":"post_tag","embeddable":true,"href":"https:\/\/www.fracturaexpuesta.com.ar\/tango\/wp-json\/wp\/v2\/tags?post=5197"}],"curies":[{"name":"wp","href":"https:\/\/api.w.org\/{rel}","templated":true}]}}