{"id":5205,"date":"2021-07-30T16:35:26","date_gmt":"2021-07-30T16:35:26","guid":{"rendered":"http:\/\/www.fracturaexpuesta.com.ar\/tango\/?p=5205"},"modified":"2021-07-30T17:08:11","modified_gmt":"2021-07-30T17:08:11","slug":"la-otra-orilla-el-esplin-criollo","status":"publish","type":"post","link":"https:\/\/www.fracturaexpuesta.com.ar\/tango\/la-otra-orilla-el-esplin-criollo\/","title":{"rendered":"La otra orilla: el espl\u00edn criollo"},"content":{"rendered":"\n<p class=\"wp-block-paragraph\">\u201cFilos\u00f3fico, arrolladoramente fantasmal\u201d, dice Jos\u00e9 Arenas sobre \u201cMurmullos\u201d, el tango sobre el que indaga en el nuevo episodio del micro radial <em>La otra orilla<\/em>, emitido por <a href=\"http:\/\/www.fracturaexpuesta.com.ar\/doblearadio\/\" target=\"_blank\" rel=\"noreferrer noopener\" aria-label=\"Doble A (abre en una nueva pesta\u00f1a)\">Doble A<\/a>.<\/p>\n\n\n\n<p class=\"wp-block-paragraph\">\u201cEl omb\u00fa, la jaur\u00eda, la noche, la ca\u00f1a, el fac\u00f3n, son claves de una metaf\u00edsica que vuela el tango y que no podr\u00edan crearse, de ninguna manera, en un paisaje urbano. Esta obra inaugura una forma del g\u00f3tico del sur. Hay un desolador constructo criollo, no tiene que ver con la centralidad sino m\u00e1s bien con la escenograf\u00eda de un sentimiento\u201d, comenta Arenas en el recorrido que hace por el repertorio del cancionero uruguayo.<\/p>\n\n\n\n<p class=\"wp-block-paragraph\">Se oye la versi\u00f3n realizada por la cantante Giovanna.<\/p>\n\n\n\n<p class=\"wp-block-paragraph\"><strong>Escuch\u00e1 \u201cMurmullos\u201d, el nuevo episodio de La otra orilla:<\/strong><\/p>\n\n\n\n<iframe loading=\"lazy\" width=\"600\" height=\"355\" src=\"https:\/\/www.youtube.com\/embed\/6V_kOZ7_WHc\" title=\"YouTube video player\" frameborder=\"0\" allow=\"accelerometer; autoplay; clipboard-write; encrypted-media; gyroscope; picture-in-picture\" allowfullscreen><\/iframe>\n\n\n\n<p class=\"wp-block-paragraph\"><\/p>\n","protected":false},"excerpt":{"rendered":"<p>Jos\u00e9 Arenas contin\u00faa indagando en el repertorio de la canci\u00f3n uruguaya. Esta vez analiza \u201cMurmullos\u201d de Juan Carlos Patr\u00f3n  y Froil\u00e1n Aguilar.<\/p>\n","protected":false},"author":1,"featured_media":5206,"comment_status":"open","ping_status":"open","sticky":false,"template":"","format":"standard","meta":{"footnotes":""},"categories":[298],"tags":[292,319,32,299,300,111],"class_list":["post-5205","post","type-post","status-publish","format-standard","has-post-thumbnail","hentry","category-doble-a","tag-doble-a","tag-doblearadio","tag-featured","tag-jose-arenas","tag-la-otra-orilla","tag-tango"],"_links":{"self":[{"href":"https:\/\/www.fracturaexpuesta.com.ar\/tango\/wp-json\/wp\/v2\/posts\/5205","targetHints":{"allow":["GET"]}}],"collection":[{"href":"https:\/\/www.fracturaexpuesta.com.ar\/tango\/wp-json\/wp\/v2\/posts"}],"about":[{"href":"https:\/\/www.fracturaexpuesta.com.ar\/tango\/wp-json\/wp\/v2\/types\/post"}],"author":[{"embeddable":true,"href":"https:\/\/www.fracturaexpuesta.com.ar\/tango\/wp-json\/wp\/v2\/users\/1"}],"replies":[{"embeddable":true,"href":"https:\/\/www.fracturaexpuesta.com.ar\/tango\/wp-json\/wp\/v2\/comments?post=5205"}],"version-history":[{"count":2,"href":"https:\/\/www.fracturaexpuesta.com.ar\/tango\/wp-json\/wp\/v2\/posts\/5205\/revisions"}],"predecessor-version":[{"id":5208,"href":"https:\/\/www.fracturaexpuesta.com.ar\/tango\/wp-json\/wp\/v2\/posts\/5205\/revisions\/5208"}],"wp:featuredmedia":[{"embeddable":true,"href":"https:\/\/www.fracturaexpuesta.com.ar\/tango\/wp-json\/wp\/v2\/media\/5206"}],"wp:attachment":[{"href":"https:\/\/www.fracturaexpuesta.com.ar\/tango\/wp-json\/wp\/v2\/media?parent=5205"}],"wp:term":[{"taxonomy":"category","embeddable":true,"href":"https:\/\/www.fracturaexpuesta.com.ar\/tango\/wp-json\/wp\/v2\/categories?post=5205"},{"taxonomy":"post_tag","embeddable":true,"href":"https:\/\/www.fracturaexpuesta.com.ar\/tango\/wp-json\/wp\/v2\/tags?post=5205"}],"curies":[{"name":"wp","href":"https:\/\/api.w.org\/{rel}","templated":true}]}}