{"id":5289,"date":"2021-08-26T16:33:10","date_gmt":"2021-08-26T16:33:10","guid":{"rendered":"http:\/\/www.fracturaexpuesta.com.ar\/tango\/?p=5289"},"modified":"2021-08-26T16:48:56","modified_gmt":"2021-08-26T16:48:56","slug":"picadito-de-tango-29-oid-mortales","status":"publish","type":"post","link":"https:\/\/www.fracturaexpuesta.com.ar\/tango\/picadito-de-tango-29-oid-mortales\/","title":{"rendered":"Picadito de tango #29: \u00abO\u00edd, mortales\u00bb"},"content":{"rendered":"\n<p style=\"color:#ff0004;font-size:28px\" class=\"has-text-color wp-block-paragraph\"><strong>Linya<\/strong><\/p>\n\n\n\n<p class=\"wp-block-paragraph\"><strong>Anal\u00eda Camiletti y Fabricio Breventano<\/strong> presentaron <em>Linya<\/em>, primer \u00e1lbum de un d\u00fao con sonido de guitarras y orquesta.<\/p>\n\n\n\n<p class=\"wp-block-paragraph\">El tango, la milonga, el vals y el bolero aparecen en un material de corte original en el que Camiletti y Breventano dan vida a <strong>historias de esta \u00e9poca<\/strong> a trav\u00e9s de \u201ccalles anfitrionas, personajes inolvidables y bares siderales\u201d.<\/p>\n\n\n\n<p class=\"wp-block-paragraph\">Despu\u00e9s de girar por Panam\u00e1, Colombia, Ecuador, Per\u00fa, Uruguay y la Argentina durante 2019, Anal\u00eda y Fabricio permanecieron en Rosario por los tiempos pand\u00e9micos. Esa circunstancia de puertas adentro les permiti\u00f3 abrir nuevas b\u00fasquedas, sumergirse en sus bit\u00e1coras de viaje, en paisajes y vivencias para crear las ocho canciones propias del disco que, junto a una composici\u00f3n del uruguayo \u00c1lvaro Ubir\u00eda, completan la primera producci\u00f3n musical del d\u00fao.<\/p>\n\n\n\n<p class=\"wp-block-paragraph\"><strong>Escuch\u00e1 \u201cLa del 20\u201d:<\/strong><\/p>\n\n\n\n<iframe loading=\"lazy\" width=\"600\" height=\"355\" src=\"https:\/\/www.youtube.com\/embed\/JHQ4a2H2rFU\" title=\"YouTube video player\" frameborder=\"0\" allow=\"accelerometer; autoplay; clipboard-write; encrypted-media; gyroscope; picture-in-picture\" allowfullscreen><\/iframe>\n\n\n\n<p class=\"wp-block-paragraph\"><\/p>\n\n\n\n<p style=\"color:#ff0004;font-size:28px\" class=\"has-text-color wp-block-paragraph\"><strong>Ni me entrego ni me\nvoy<\/strong><\/p>\n\n\n\n<p class=\"wp-block-paragraph\">El cantor <strong>Alfredo Esmok<\/strong> presenta su tercera producci\u00f3n discogr\u00e1fica, con la direcci\u00f3n musical, arreglos y guitarra de \u201cNacho\u201d Cabello. <em>Ni me entrego ni me voy<\/em>, as\u00ed se llama el disco, cuenta con ocho piezas de tango, milonga y vals que dialogan con la historia del artista.<\/p>\n\n\n\n<p class=\"wp-block-paragraph\">\u201cSurge de la necesidad de plasmar<strong> la m\u00fasica que me marc\u00f3 desde chico<\/strong>\u201d, cuenta Esmok sobre el origen de un material que rememora los sonidos primigenios que aparecieron en el tocadiscos de su infancia.<\/p>\n\n\n\n<p class=\"wp-block-paragraph\">La producci\u00f3n contiene interpretaciones de obras como \u201cBien de abajo\u201d (Pen\u00f3n-Negro), \u201cNi me entrego ni me voy\u201d (Spitalnik-Negro), \u201cVendr\u00e1s alguna vez\u201d (Malerba-Amadori) o \u201cRondando tu esquina\u201d (Charlo-Cad\u00edcamo).<\/p>\n\n\n\n<p class=\"wp-block-paragraph\"><strong>Escuch\u00e1 \u201cVendr\u00e1s alguna vez\u201d:<\/strong><\/p>\n\n\n\n<iframe loading=\"lazy\" width=\"600\" height=\"355\" src=\"https:\/\/www.youtube.com\/embed\/B6IGWMB-LS8\" title=\"YouTube video player\" frameborder=\"0\" allow=\"accelerometer; autoplay; clipboard-write; encrypted-media; gyroscope; picture-in-picture\" allowfullscreen><\/iframe>\n\n\n\n<p class=\"wp-block-paragraph\"><\/p>\n\n\n\n<p style=\"color:#ff0004;font-size:28px\" class=\"has-text-color wp-block-paragraph\"><strong>Barricadas<\/strong><\/p>\n\n\n\n<p class=\"wp-block-paragraph\">\u201cLa canci\u00f3n como arma, el tango como bandera\u201d, ese el lema que gu\u00eda al cantautor y bandoneonista rosarino <strong>Leonel Capitano<\/strong> en su nuevo disco <em>Barricadas<\/em>.<\/p>\n\n\n\n<p class=\"wp-block-paragraph\">\u201cHistorias de barrio, de luchas sociales, habitadas por\npersonajes entra\u00f1ables, solidarios\u201d, resume Capitano al momento de dar cuenta\nde un disco que, &nbsp;junto al Escolaso Tr\u00edo,\nconvoca al tango pero tambi\u00e9n a otros estilos como el vals peruano, el candombe,\nla chacarera, el chamam\u00e9, la zamba y las milongas.<\/p>\n\n\n\n<p class=\"wp-block-paragraph\">A contracorriente de los modos actuales de distribuci\u00f3n y escucha, el disco de Capitano no est\u00e1 publicado en plataformas digitales. Se adquiere contact\u00e1ndose con el artista a trav\u00e9s de sus redes sociales.<\/p>\n\n\n\n<p class=\"wp-block-paragraph\"><strong>Escuch\u00e1 \u00abLa Fundici\u00f3n Libertad\u00bb:<\/strong><\/p>\n\n\n\n<iframe loading=\"lazy\" width=\"600\" height=\"355\" src=\"https:\/\/www.youtube.com\/embed\/vTxi9miSpdg\" title=\"YouTube video player\" frameborder=\"0\" allow=\"accelerometer; autoplay; clipboard-write; encrypted-media; gyroscope; picture-in-picture\" allowfullscreen><\/iframe>\n\n\n\n<p class=\"wp-block-paragraph\"><\/p>\n\n\n\n<p class=\"wp-block-paragraph\"><\/p>\n","protected":false},"excerpt":{"rendered":"<p>Nuevos lanzamientos. \u00abLinya\u00bb de Anal\u00eda Camiletti y Fabricio Breventano, \u00abNi me entrego ni me voy\u00bb de Alfredo Esmok y \u00abBarricadas\u00bb de Leonel Capitano.<\/p>\n","protected":false},"author":1,"featured_media":5290,"comment_status":"open","ping_status":"open","sticky":false,"template":"","format":"standard","meta":{"footnotes":""},"categories":[3],"tags":[409,410,370,32,139,201,111],"class_list":["post-5289","post","type-post","status-publish","format-standard","has-post-thumbnail","hentry","category-noticias","tag-alfredo-esmok","tag-analia-camiletti","tag-fabricio-breventano","tag-featured","tag-leonel-capitano","tag-picadito","tag-tango"],"_links":{"self":[{"href":"https:\/\/www.fracturaexpuesta.com.ar\/tango\/wp-json\/wp\/v2\/posts\/5289","targetHints":{"allow":["GET"]}}],"collection":[{"href":"https:\/\/www.fracturaexpuesta.com.ar\/tango\/wp-json\/wp\/v2\/posts"}],"about":[{"href":"https:\/\/www.fracturaexpuesta.com.ar\/tango\/wp-json\/wp\/v2\/types\/post"}],"author":[{"embeddable":true,"href":"https:\/\/www.fracturaexpuesta.com.ar\/tango\/wp-json\/wp\/v2\/users\/1"}],"replies":[{"embeddable":true,"href":"https:\/\/www.fracturaexpuesta.com.ar\/tango\/wp-json\/wp\/v2\/comments?post=5289"}],"version-history":[{"count":4,"href":"https:\/\/www.fracturaexpuesta.com.ar\/tango\/wp-json\/wp\/v2\/posts\/5289\/revisions"}],"predecessor-version":[{"id":5294,"href":"https:\/\/www.fracturaexpuesta.com.ar\/tango\/wp-json\/wp\/v2\/posts\/5289\/revisions\/5294"}],"wp:featuredmedia":[{"embeddable":true,"href":"https:\/\/www.fracturaexpuesta.com.ar\/tango\/wp-json\/wp\/v2\/media\/5290"}],"wp:attachment":[{"href":"https:\/\/www.fracturaexpuesta.com.ar\/tango\/wp-json\/wp\/v2\/media?parent=5289"}],"wp:term":[{"taxonomy":"category","embeddable":true,"href":"https:\/\/www.fracturaexpuesta.com.ar\/tango\/wp-json\/wp\/v2\/categories?post=5289"},{"taxonomy":"post_tag","embeddable":true,"href":"https:\/\/www.fracturaexpuesta.com.ar\/tango\/wp-json\/wp\/v2\/tags?post=5289"}],"curies":[{"name":"wp","href":"https:\/\/api.w.org\/{rel}","templated":true}]}}