{"id":5346,"date":"2021-09-03T16:04:14","date_gmt":"2021-09-03T16:04:14","guid":{"rendered":"http:\/\/www.fracturaexpuesta.com.ar\/tango\/?p=5346"},"modified":"2021-09-03T16:04:59","modified_gmt":"2021-09-03T16:04:59","slug":"picadito-de-tango-30-mozo-marchen-unos-tangos","status":"publish","type":"post","link":"https:\/\/www.fracturaexpuesta.com.ar\/tango\/picadito-de-tango-30-mozo-marchen-unos-tangos\/","title":{"rendered":"Picadito de tango #30: \u00abMozo, marchen unos tangos\u00bb"},"content":{"rendered":"\n<p style=\"color:#ff0004;font-size:28px\" class=\"has-text-color wp-block-paragraph\"><strong>Leandro Ragusa\npresenta El Aleph<\/strong><\/p>\n\n\n\n<p class=\"wp-block-paragraph\">El bandoneonista y compositor Leandro Ragusa dio a conocer <em>El Aleph, volumen I y II<\/em>, su <strong>disco debut como solista<\/strong> que ya puede o\u00edrse en plataformas.<\/p>\n\n\n\n<p class=\"wp-block-paragraph\">Con epicentro en el bandone\u00f3n, Ragusa se adentra en un recorrido que abarca al tango, la m\u00fasica electr\u00f3nica, electroac\u00fastica, el ensamble de vientos y la canci\u00f3n francesa, entre otros estilos. Lo hace con un desempe\u00f1o s\u00f3lido, org\u00e1nico y de notables matices que dan cuenta de <strong>la calidad de un artista expresivo y abierto<\/strong>.<\/p>\n\n\n\n<p class=\"wp-block-paragraph\">En <em>El Aleph<\/em>, la visi\u00f3n musical, ese artefacto de la creaci\u00f3n por el que la <strong>m\u00fasica tambi\u00e9n se convierte en im\u00e1genes<\/strong>, opera con gran presencia y ambienta una traves\u00eda por paisajes de altas cumbres y nutrientes sonoros. \u00a0<\/p>\n\n\n\n<p class=\"wp-block-paragraph\">\u201cEl instrumento se ubica como <strong>punto de encuentro<\/strong>, como un \u2018Aleph\u2019 capaz de contener muchas otras m\u00fasicas\u201d, dice el bandoneonista sobre un material que es el resultado de m\u00e1s de una d\u00e9cada de investigaci\u00f3n y composici\u00f3n.<\/p>\n\n\n\n<p class=\"wp-block-paragraph\"><strong>Escuch\u00e1 \u201cEl primer paso\u201d:<\/strong><\/p>\n\n\n\n<iframe loading=\"lazy\" width=\"600\" height=\"355\" src=\"https:\/\/www.youtube.com\/embed\/x-oceXvc34U\" title=\"YouTube video player\" frameborder=\"0\" allow=\"accelerometer; autoplay; clipboard-write; encrypted-media; gyroscope; picture-in-picture\" allowfullscreen><\/iframe>\n\n\n\n<p class=\"wp-block-paragraph\"><\/p>\n\n\n\n<p style=\"color:#ff0004;font-size:28px\" class=\"has-text-color wp-block-paragraph\"><strong>La T\u00edpica de los Angelitos<\/strong><\/p>\n\n\n\n<p class=\"wp-block-paragraph\">El bar notable Caf\u00e9 de los Angelitos presenta en septiembre a su orquesta. La T\u00edpica de los Angelitos, as\u00ed se llama la formaci\u00f3n, comenzar\u00e1 a sonar con dos conciertos que se realizar\u00e1n <strong>los domingos 19 y 26<\/strong>, en el segmento \u201cmatin\u00e9 2&#215;4\u201d, de las 19.<\/p>\n\n\n\n<p class=\"wp-block-paragraph\">Con un repertorio que retomar\u00e1 obras de Piazzolla, Gardel, Pugliese y Leopoldo Federico, entre otros, La T\u00edpica de Los Angelitos ofrecer\u00e1 su m\u00fasica en el teatro del <strong>legendario caf\u00e9 ubicado en la esquina de Avenida Rivadavia y Rinc\u00f3n<\/strong>.<\/p>\n\n\n\n<p class=\"wp-block-paragraph\">La orquesta est\u00e1 integrada por Emiliano Greco (piano y direcci\u00f3n), los bandoneones de Lautaro Greco, Nicol\u00e1s Enrich y Joaqu\u00edn Benitez, los violines de Mat\u00edas Grande, Juan Bringas y Manuel Quiroga, junto a Esteban Falabella (guitarra), Manuel G\u00f3mez (contrabajo) y Melina Liberati en la voz.<\/p>\n\n\n\n<figure class=\"wp-block-image\"><img loading=\"lazy\" decoding=\"async\" width=\"1024\" height=\"768\" src=\"https:\/\/www.fracturaexpuesta.com.ar\/tango\/wp-content\/uploads\/IMG_4027-1024x768.jpg\" alt=\"\" class=\"wp-image-5347\" srcset=\"https:\/\/www.fracturaexpuesta.com.ar\/tango\/wp-content\/uploads\/IMG_4027-1024x768.jpg 1024w, https:\/\/www.fracturaexpuesta.com.ar\/tango\/wp-content\/uploads\/IMG_4027-300x225.jpg 300w, https:\/\/www.fracturaexpuesta.com.ar\/tango\/wp-content\/uploads\/IMG_4027-768x576.jpg 768w\" sizes=\"auto, (max-width: 1024px) 100vw, 1024px\" \/><figcaption>El Caf\u00e9 de los Angelitos presenta a su orquesta t\u00edpica.<\/figcaption><\/figure>\n\n\n\n<p class=\"wp-block-paragraph\"><\/p>\n\n\n\n<p style=\"color:#ff0004;font-size:28px\" class=\"has-text-color wp-block-paragraph\"><strong>Asintom\u00e1quina: lo nuevo de BordonasNoCromo en vivo<\/strong><\/p>\n\n\n\n<p class=\"wp-block-paragraph\">Con un trabajo que re\u00fane <strong>m\u00fasica y video<\/strong>, BordonasNoCromo lanzar\u00e1 este jueves 9 a las 21, en <a href=\"https:\/\/www.youtube.com\/c\/BORDONASNOCROMO\" target=\"_blank\" rel=\"noreferrer noopener\" aria-label=\"su canal de YouTube (abre en una nueva pesta\u00f1a)\">su canal de YouTube<\/a>, su nueva producci\u00f3n. <\/p>\n\n\n\n<p class=\"wp-block-paragraph\">Se trata de <strong><em>Asintom\u00e1quina, vendaval y despu\u00e9s<\/em><\/strong>, un concierto que re\u00fane el repertorio de los dos discos de estudio del grupo junto a canciones in\u00e9ditas y que se estrenar\u00e1 acompa\u00f1ado de im\u00e1genes que \u201cmuestran un recorrido por los arrabales y el centro de la ciudad de Buenos Aires\u201d.<\/p>\n\n\n\n<p class=\"wp-block-paragraph\">Con escenas en vivo del grupo, distintas secuencias y tem\u00e1ticas se interpelan en una propuesta que busca <strong>expandir la puesta en escena de BordonasNoCromo<\/strong> y tambi\u00e9n documentar el contexto pand\u00e9mico.<\/p>\n\n\n\n<p class=\"wp-block-paragraph\"><strong>Mir\u00e1 un adelanto de <em>Asintom\u00e1quina, vendaval y despu\u00e9s:<\/em><\/strong><\/p>\n\n\n\n<iframe loading=\"lazy\" width=\"600\" height=\"355\" src=\"https:\/\/www.youtube.com\/embed\/qRvHnb9rcVk\" title=\"YouTube video player\" frameborder=\"0\" allow=\"accelerometer; autoplay; clipboard-write; encrypted-media; gyroscope; picture-in-picture\" allowfullscreen><\/iframe>\n","protected":false},"excerpt":{"rendered":"<p>Novedades del bandoneonista Leandro Ragusa, el legendario Caf\u00e9 de los Angelitos y el grupo BordonasNoCromo.<\/p>\n","protected":false},"author":1,"featured_media":5349,"comment_status":"open","ping_status":"open","sticky":false,"template":"","format":"standard","meta":{"footnotes":""},"categories":[3],"tags":[263,411,32,412,201,111],"class_list":["post-5346","post","type-post","status-publish","format-standard","has-post-thumbnail","hentry","category-noticias","tag-bordonasnocromo","tag-cafe-de-los-angelitos","tag-featured","tag-leandro-ragusa","tag-picadito","tag-tango"],"_links":{"self":[{"href":"https:\/\/www.fracturaexpuesta.com.ar\/tango\/wp-json\/wp\/v2\/posts\/5346","targetHints":{"allow":["GET"]}}],"collection":[{"href":"https:\/\/www.fracturaexpuesta.com.ar\/tango\/wp-json\/wp\/v2\/posts"}],"about":[{"href":"https:\/\/www.fracturaexpuesta.com.ar\/tango\/wp-json\/wp\/v2\/types\/post"}],"author":[{"embeddable":true,"href":"https:\/\/www.fracturaexpuesta.com.ar\/tango\/wp-json\/wp\/v2\/users\/1"}],"replies":[{"embeddable":true,"href":"https:\/\/www.fracturaexpuesta.com.ar\/tango\/wp-json\/wp\/v2\/comments?post=5346"}],"version-history":[{"count":1,"href":"https:\/\/www.fracturaexpuesta.com.ar\/tango\/wp-json\/wp\/v2\/posts\/5346\/revisions"}],"predecessor-version":[{"id":5350,"href":"https:\/\/www.fracturaexpuesta.com.ar\/tango\/wp-json\/wp\/v2\/posts\/5346\/revisions\/5350"}],"wp:featuredmedia":[{"embeddable":true,"href":"https:\/\/www.fracturaexpuesta.com.ar\/tango\/wp-json\/wp\/v2\/media\/5349"}],"wp:attachment":[{"href":"https:\/\/www.fracturaexpuesta.com.ar\/tango\/wp-json\/wp\/v2\/media?parent=5346"}],"wp:term":[{"taxonomy":"category","embeddable":true,"href":"https:\/\/www.fracturaexpuesta.com.ar\/tango\/wp-json\/wp\/v2\/categories?post=5346"},{"taxonomy":"post_tag","embeddable":true,"href":"https:\/\/www.fracturaexpuesta.com.ar\/tango\/wp-json\/wp\/v2\/tags?post=5346"}],"curies":[{"name":"wp","href":"https:\/\/api.w.org\/{rel}","templated":true}]}}