{"id":5387,"date":"2021-09-14T14:06:20","date_gmt":"2021-09-14T14:06:20","guid":{"rendered":"http:\/\/www.fracturaexpuesta.com.ar\/tango\/?p=5387"},"modified":"2021-09-15T14:31:39","modified_gmt":"2021-09-15T14:31:39","slug":"con-actividades-presenciales-y-virtuales-arranca-otra-edicion-del-festival-y-mundial-de-tango","status":"publish","type":"post","link":"https:\/\/www.fracturaexpuesta.com.ar\/tango\/con-actividades-presenciales-y-virtuales-arranca-otra-edicion-del-festival-y-mundial-de-tango\/","title":{"rendered":"Con actividades presenciales y virtuales, arranca otra edici\u00f3n del Festival y Mundial de Tango"},"content":{"rendered":"\n<p class=\"wp-block-paragraph\">Del <strong>16 a 26 de septiembre<\/strong> se llevar\u00e1 adelante una nueva edici\u00f3n del Festival y Mundial de Tango BA. <\/p>\n\n\n\n<p class=\"wp-block-paragraph\">En esta ocasi\u00f3n, el evento volver\u00e1 a desplegar <strong>actividades presenciales que se combinar\u00e1n con propuestas virtuales<\/strong> en una entrega que parece poner <strong>su foco en las milongas y el baile<\/strong>.<\/p>\n\n\n\n<p class=\"wp-block-paragraph\">Habr\u00e1 conciertos, clases, charlas, talleres, presentaciones de libros, cine y la habitual competencia mundial de bailarines que est\u00e1 vez tendr\u00e1 <strong>su cierre en la calle Diagonal Norte,<\/strong> con m\u00fasica en vivo y milonga al aire libre.<\/p>\n\n\n\n<p class=\"wp-block-paragraph\">La <strong>vuelta al espacio p\u00fablico<\/strong> era uno de los reclamos de las organizaciones que nuclean a los artistas de tango. Motivado por la pandemia y las restricciones de eventos masivos en espacios cerrados como el Luna Park, restar\u00e1 saber si ese regreso a cielo abierto se sostendr\u00e1 en el tiempo con las pr\u00f3ximas ediciones o si volver\u00e1 a su escenario habitual de la calle Bouchard.<\/p>\n\n\n\n<figure class=\"wp-block-image\"><img decoding=\"async\" src=\"https:\/\/www.fracturaexpuesta.com.ar\/tango\/wp-content\/uploads\/tango-festival-mundial-2021-2.jpg\" alt=\"\" class=\"wp-image-5394\"\/><figcaption>La propuesta musical ser\u00e1 presencial y online.<\/figcaption><\/figure>\n\n\n\n<p style=\"color:#ff0004;font-size:28px\" class=\"has-text-color wp-block-paragraph\"><strong>El&nbsp;Festival&nbsp;(la&nbsp;m\u00fasica)<\/strong><\/p>\n\n\n\n<p class=\"wp-block-paragraph\">Con m\u00fasica en distintos espacios abiertos y cerrados y a trav\u00e9s de la plataforma Vivamos Cultura como epicentro para las propuestas virtuales, el festival presenta una grilla que re\u00fane los conciertos de artistas y grupos como Jos\u00e9 Colangelo, la Orquesta T\u00edpica Misteriosa Buenos Aires, Anal\u00eda Goldberg Cuarteto, Alfredo Piro, Walter R\u00edos, Nazarena C\u00e1ceres, Daniel Binelli, la Orquesta Los Crayones, Ca\u00f1\u00f3n, Tensi\u00f3n Tango, \u00abCucuza\u00bb Castiello y la Orquesta La Juan D&#8217;Arienzo, entre otros.<\/p>\n\n\n\n<p class=\"wp-block-paragraph\">La <strong>apertura del festival ser\u00e1 en el Auditorio de la Usina del Arte<\/strong> con <em>Pichuqueando<\/em>, un homenaje a An\u00edbal Troilo de la mano del violinista Fabi\u00e1n Bertero. <\/p>\n\n\n\n<p class=\"wp-block-paragraph\">Adem\u00e1s, el martes 21 a las 18, m\u00e1s de 20 artistas se reunir\u00e1n en el Parque Centenario para otro <strong>homenaje, el del Tango a Diego Maradona<\/strong>. All\u00ed estar\u00e1n, entre otros, Roxana Font\u00e1n, Ricardo Mar\u00edn, Alicia Vignola, Walter \u201cChino\u201d Laborde, \u201cCucuza\u201d Castiello y el \u201cCardenal\u201d Dom\u00ednguez que repasar\u00e1n en clave tanguera distintas canciones dedicadas al futbolista argentino.<\/p>\n\n\n\n<figure class=\"wp-block-image\"><img decoding=\"async\" src=\"https:\/\/www.fracturaexpuesta.com.ar\/tango\/wp-content\/uploads\/tango-festival-mundial-2021-1.jpg\" alt=\"\" class=\"wp-image-5395\"\/><figcaption>Festival y Mundial: el foco puesto en las milongas y los bailarines.<\/figcaption><\/figure>\n\n\n\n<p style=\"color:#ff0004;font-size:28px\" class=\"has-text-color wp-block-paragraph\"><strong>El Mundial (el baile)<\/strong><\/p>\n\n\n\n<p class=\"wp-block-paragraph\">La nueva edici\u00f3n del Festival y Mundial parece actuar como puerta de entrada hacia la <strong>reactivaci\u00f3n de las milongas y de la escena del baile <\/strong>en un contexto pand\u00e9mico. Numerosas parejas de bailarines estar\u00e1n en distintos espacios ofreciendo clases y, en ocasiones, compartiendo escenario con m\u00fasicos.<\/p>\n\n\n\n<p class=\"wp-block-paragraph\">Asimismo, en la Usina del Arte, se llevar\u00e1n a cabo las etapas del Mundial para culminar, el s\u00e1bado 25 desde las 15, con <strong>la final de Tango de Pista y Tango Escenario en Diagonal Norte<\/strong>. Algunas parejas competir\u00e1n de manera presencial y otras de forma virtual.<\/p>\n\n\n\n<p class=\"wp-block-paragraph\">Las milongas <strong>El Beso, Gricel, La Viruta, Lo de Celia y El Pial<\/strong> concentrar\u00e1n un segmento de las clases y exhibiciones de baile que tambi\u00e9n tendr\u00e1n lugar en centros culturales y en la mencionada plataforma web de la ciudad.<\/p>\n\n\n\n<figure class=\"wp-block-image\"><img decoding=\"async\" src=\"https:\/\/www.fracturaexpuesta.com.ar\/tango\/wp-content\/uploads\/1033_AFS_TangoBA_Natacha_20210730_1FS00557-1024x683.jpg\" alt=\"\" class=\"wp-image-5393\"\/><figcaption>La bailarina Natacha Poberaj debuta como directora art\u00edstica del Festival y Mundial.<\/figcaption><\/figure>\n\n\n\n<p class=\"wp-block-paragraph\" style=\"font-size:28px\"><strong>Entradas<\/strong><\/p>\n\n\n\n<p class=\"wp-block-paragraph\">Tanto para los espect\u00e1culos musicales como para las rondas de competencia del Mundial, la reserva de entradas estar\u00e1 disponible dos d\u00edas antes del evento en <a rel=\"noreferrer noopener\" aria-label=\"Vivamos Cultura (abre en una nueva pesta\u00f1a)\" href=\"https:\/\/vivamoscultura.buenosaires.gob.ar\/\" target=\"_blank\">Vivamos Cultura<\/a>.<\/p>\n\n\n\n<p class=\"wp-block-paragraph\">Habr\u00e1 aforo reducido, cumpliendo los protocolos y medidas sanitarias para el p\u00fablico y los competidores.<\/p>\n\n\n\n<div class=\"wp-block-media-text alignwide has-very-light-gray-background-color\" style=\"grid-template-columns:30% auto\"><figure class=\"wp-block-media-text__media\"><img decoding=\"async\" src=\"https:\/\/www.fracturaexpuesta.com.ar\/tango\/wp-content\/uploads\/tango-ba-2021-2.jpg\" alt=\"\" class=\"wp-image-5406\"\/><\/figure><div class=\"wp-block-media-text__content\">\n<p class=\"has-medium-font-size wp-block-paragraph\"><strong><em>Descargar la programaci\u00f3n completa <a href=\"https:\/\/www.fracturaexpuesta.com.ar\/tango\/wp-content\/uploads\/Dia-x-dia-Tango-2021.pdf\" target=\"_blank\" rel=\"noreferrer noopener\" aria-label=\"AQU\u00cd (abre en una nueva pesta\u00f1a)\">AQU\u00cd<\/a><\/em><\/strong><\/p>\n<\/div><\/div>\n\n\n\n<p class=\"wp-block-paragraph\"><\/p>\n\n\n\n<p class=\"wp-block-paragraph\"><\/p>\n","protected":false},"excerpt":{"rendered":"<p>El evento vuelve a tener propuestas presenciales. Una edici\u00f3n que parece poner su foco en las milongas y el baile. Descarg\u00e1 toda la programaci\u00f3n.<\/p>\n","protected":false},"author":1,"featured_media":5421,"comment_status":"open","ping_status":"open","sticky":false,"template":"","format":"standard","meta":{"footnotes":""},"categories":[3],"tags":[32,218,111,197],"class_list":["post-5387","post","type-post","status-publish","format-standard","has-post-thumbnail","hentry","category-noticias","tag-featured","tag-festival-de-tango","tag-tango","tag-tangoba"],"_links":{"self":[{"href":"https:\/\/www.fracturaexpuesta.com.ar\/tango\/wp-json\/wp\/v2\/posts\/5387","targetHints":{"allow":["GET"]}}],"collection":[{"href":"https:\/\/www.fracturaexpuesta.com.ar\/tango\/wp-json\/wp\/v2\/posts"}],"about":[{"href":"https:\/\/www.fracturaexpuesta.com.ar\/tango\/wp-json\/wp\/v2\/types\/post"}],"author":[{"embeddable":true,"href":"https:\/\/www.fracturaexpuesta.com.ar\/tango\/wp-json\/wp\/v2\/users\/1"}],"replies":[{"embeddable":true,"href":"https:\/\/www.fracturaexpuesta.com.ar\/tango\/wp-json\/wp\/v2\/comments?post=5387"}],"version-history":[{"count":17,"href":"https:\/\/www.fracturaexpuesta.com.ar\/tango\/wp-json\/wp\/v2\/posts\/5387\/revisions"}],"predecessor-version":[{"id":5422,"href":"https:\/\/www.fracturaexpuesta.com.ar\/tango\/wp-json\/wp\/v2\/posts\/5387\/revisions\/5422"}],"wp:featuredmedia":[{"embeddable":true,"href":"https:\/\/www.fracturaexpuesta.com.ar\/tango\/wp-json\/wp\/v2\/media\/5421"}],"wp:attachment":[{"href":"https:\/\/www.fracturaexpuesta.com.ar\/tango\/wp-json\/wp\/v2\/media?parent=5387"}],"wp:term":[{"taxonomy":"category","embeddable":true,"href":"https:\/\/www.fracturaexpuesta.com.ar\/tango\/wp-json\/wp\/v2\/categories?post=5387"},{"taxonomy":"post_tag","embeddable":true,"href":"https:\/\/www.fracturaexpuesta.com.ar\/tango\/wp-json\/wp\/v2\/tags?post=5387"}],"curies":[{"name":"wp","href":"https:\/\/api.w.org\/{rel}","templated":true}]}}