{"id":5429,"date":"2021-09-19T18:13:19","date_gmt":"2021-09-19T18:13:19","guid":{"rendered":"http:\/\/www.fracturaexpuesta.com.ar\/tango\/?p=5429"},"modified":"2021-10-27T01:59:05","modified_gmt":"2021-10-27T01:59:05","slug":"picadito-de-tango-32-para-el-oido-y-la-vista","status":"publish","type":"post","link":"https:\/\/www.fracturaexpuesta.com.ar\/tango\/picadito-de-tango-32-para-el-oido-y-la-vista\/","title":{"rendered":"Picadito de tango #32: de estreno"},"content":{"rendered":"\n<p style=\"color:#ff0004;font-size:28px\" class=\"has-text-color wp-block-paragraph\"><strong>La caldera, lo nuevo\nde Julieta Laso<\/strong><\/p>\n\n\n\n<p class=\"wp-block-paragraph\">\u201cCreo que todas las canciones pueden escucharse como <strong>esos sonidos lejanos <\/strong>que nos resultan conocidos y no recordamos de d\u00f3nde, no importa si las canciones son tristes o alegres, las a\u00f1oramos, nos recuerdan barrios, parientes, la escuela, alguna vecina, otras canciones\u201d.<\/p>\n\n\n\n<p class=\"wp-block-paragraph\">As\u00ed explica la cantante Julieta Laso el esp\u00edritu de <strong>su nuevo disco <em>La Caldera<\/em><\/strong> que, el 25 de septiembre, se presentar\u00e1 en plataformas musicales. Un material, el tercero en la carrera solista de Julieta, que aborda una variedad de <strong>m\u00fasicas del R\u00edo de la Plata<\/strong> a trav\u00e9s de distintos autores y obras.<\/p>\n\n\n\n<p class=\"wp-block-paragraph\">Enrique Santos Disc\u00e9polo, Sandro, Leda Valladares, Daniel Magal y Horacio Guarany, pasando por canciones nuevas de Diego Baiardi\u00b8 un vals de Lucio Mantel y la canci\u00f3n \u201cTrapito\u201d -compuesta por N\u00e9stor D\u2019Alesandro para la pel\u00edcula animada de Manuel Garc\u00eda Ferr\u00e9- forman parte de <em>La Caldera<\/em>.<\/p>\n\n\n\n<p class=\"wp-block-paragraph\">\u201cCuando canto s\u00e9 que sueno como una fonola con tierra. Eso puede que ayude. El disco se llama <em><strong>La Caldera<\/strong><\/em><strong>, que es el nombre del pueblo cerca de d\u00f3nde vivo ahora y es tambi\u00e9n la olla de las brujas<\/strong>\u201d, explica la cantante.<\/p>\n\n\n\n<p class=\"wp-block-paragraph\">Laso presentar\u00e1 su disco con un <strong>concierto en vivo el jueves 14 de octubre<\/strong>, a las 20, en Ciudad Cultural Konex (Sarmiento 3131).<\/p>\n\n\n\n<p class=\"wp-block-paragraph\"><strong>Escuch\u00e1 \u201cCara de gitana\u201d (Daniel Magal &#8211; Rub\u00e9n Lotes), un adelanto:<\/strong><\/p>\n\n\n\n<iframe loading=\"lazy\" src=\"https:\/\/open.spotify.com\/embed\/track\/6v9698xcHSO8J92eFl9UEb\" width=\"100%\" height=\"380\" frameBorder=\"0\" allowtransparency=\"true\" allow=\"encrypted-media\"><\/iframe>\n\n\n\n<p class=\"wp-block-paragraph\"><\/p>\n\n\n\n<p style=\"color:#ff0004;font-size:28px\" class=\"has-text-color wp-block-paragraph\"><strong>Fal\u00f3tico abolerado<\/strong><\/p>\n\n\n\n<p class=\"wp-block-paragraph\">Con gran solvencia art\u00edstica, el \u201cNegro\u201d Fal\u00f3tico ha <strong>desplegado su voz en el terreno del tango<\/strong> y desde hace ya tiempo tambi\u00e9n ha incorporado al bolero en su repertorio.<\/p>\n\n\n\n<p class=\"wp-block-paragraph\">Reconocido por su trabajo con la orquesta de Rodolfo Mederos y Amores Tangos, ahora Fal\u00f3tico inclina la cancha hacia el otro arco. Con <strong><em>Boleros<\/em>, su nuevo disco<\/strong>, el cantante presenta cl\u00e1sicos como \u00abLa puerta\u00bb, \u00abUsted\u00bb, \u00abReg\u00e1lame esta noche\u00bb y \u00abContigo en la distancia\u00bb bajo notables arreglos del pianista Mat\u00edas \u00c1lvarez.<\/p>\n\n\n\n<p class=\"wp-block-paragraph\">Con tapa creada por el dibujante Tute, <em>Boleros<\/em> cuenta con las participaciones de los m\u00fasicos Franco Luciani (arm\u00f3nica), Rub\u00e9n \u00abMono\u00bb Izaurralde (flauta traversa), Sergio Wagner (trompeta y flugel), David Cantoni (saxo) y Ariel Arga\u00f1araz (guitarra).<\/p>\n\n\n\n<p class=\"wp-block-paragraph\"><strong>Escuch\u00e1 \u201cBoleros\u201d:<\/strong><\/p>\n\n\n\n<iframe loading=\"lazy\" width=\"600\" height=\"355\" src=\"https:\/\/www.youtube.com\/embed\/Ic1P16WHsZw\" title=\"YouTube video player\" frameborder=\"0\" allow=\"accelerometer; autoplay; clipboard-write; encrypted-media; gyroscope; picture-in-picture\" allowfullscreen=\"\"><\/iframe>\n\n\n\n<p class=\"wp-block-paragraph\"><\/p>\n\n\n\n<p style=\"color:#ff0004;font-size:28px\" class=\"has-text-color wp-block-paragraph\"><strong>Nieves, Plebs y Mastrolorenzo reflexionan sobre el baile<\/strong><\/p>\n\n\n\n<p class=\"wp-block-paragraph\">El s\u00e1bado 25 de septiembre, a las 13, y por \u00fanica vez en redes, se estrenar\u00e1 <strong>la pel\u00edcula documental <em>Tango: del arrabal al escenario<\/em><\/strong>, una producci\u00f3n en donde los bailarines <strong>Mar\u00eda Nieves, Milena Plebs y Hugo Mastrolorenzo<\/strong> recorren su historia y reflexionan sobre la danza del tango.<\/p>\n\n\n\n<p class=\"wp-block-paragraph\">Entrevistados por el bailar\u00edn <strong>Krishna Olmedo<\/strong>, la pel\u00edcula re\u00fane a tres generaciones de artistas que dialogan para enriquecer la historia de una disciplina relevante dentro del <strong>panorama de la danza argentina<\/strong>. Bajo ese marco, se presentan los comienzos de la actividad profesional que protagoniz\u00f3 Mar\u00eda Nieves, la tangoman\u00eda producida por Tango Argentino de la mano de Milena Plebs y los desaf\u00edos de la vanguardia y el futuro en la voz de Hugo Mastrolorenzo.<\/p>\n\n\n\n<p class=\"wp-block-paragraph\">Dirigida por <strong>Dar\u00edo Lobo<\/strong>, <em>Tango: del arrabal al escenario<\/em> se podr\u00e1 ver en <a href=\"https:\/\/www.facebook.com\/Tango-del-arrabal-al-escenario-111761324488917\" target=\"_blank\" rel=\"noreferrer noopener\" aria-label=\"el espacio de Facebook de la pel\u00edcula (abre en una nueva pesta\u00f1a)\">el espacio de Facebook de la pel\u00edcula<\/a> y ofrecer\u00e1 la posibilidad de colaborar monetariamente con la producci\u00f3n.<\/p>\n\n\n\n<figure class=\"wp-block-image\"><img loading=\"lazy\" decoding=\"async\" width=\"1024\" height=\"576\" src=\"https:\/\/www.fracturaexpuesta.com.ar\/tango\/wp-content\/uploads\/maria-nieves-tango-1024x576.png\" alt=\"\" class=\"wp-image-5430\" srcset=\"https:\/\/www.fracturaexpuesta.com.ar\/tango\/wp-content\/uploads\/maria-nieves-tango-1024x576.png 1024w, https:\/\/www.fracturaexpuesta.com.ar\/tango\/wp-content\/uploads\/maria-nieves-tango-300x169.png 300w, https:\/\/www.fracturaexpuesta.com.ar\/tango\/wp-content\/uploads\/maria-nieves-tango-768x432.png 768w, https:\/\/www.fracturaexpuesta.com.ar\/tango\/wp-content\/uploads\/maria-nieves-tango.png 1366w\" sizes=\"auto, (max-width: 1024px) 100vw, 1024px\" \/><figcaption>Mar\u00eda Nieves repasa los tiempos del \u00abbaile social\u00bb.<\/figcaption><\/figure>\n\n\n\n<p class=\"wp-block-paragraph\"><\/p>\n\n\n\n<p class=\"wp-block-paragraph\"><\/p>\n","protected":false},"excerpt":{"rendered":"<p>Nuevos discos de Julieta Laso y \u00abNegro\u00bb Fal\u00f3tico y el estreno de la pel\u00edcula Tango: del arrabal al escenario.<\/p>\n","protected":false},"author":1,"featured_media":5431,"comment_status":"open","ping_status":"open","sticky":false,"template":"","format":"standard","meta":{"footnotes":""},"categories":[3],"tags":[32,418,103,417,419,420,201],"class_list":["post-5429","post","type-post","status-publish","format-standard","has-post-thumbnail","hentry","category-noticias","tag-featured","tag-hugo-mastrolorenzo","tag-julieta-laso","tag-maria-nieves","tag-milena-plebs","tag-negro-falotico","tag-picadito"],"_links":{"self":[{"href":"https:\/\/www.fracturaexpuesta.com.ar\/tango\/wp-json\/wp\/v2\/posts\/5429","targetHints":{"allow":["GET"]}}],"collection":[{"href":"https:\/\/www.fracturaexpuesta.com.ar\/tango\/wp-json\/wp\/v2\/posts"}],"about":[{"href":"https:\/\/www.fracturaexpuesta.com.ar\/tango\/wp-json\/wp\/v2\/types\/post"}],"author":[{"embeddable":true,"href":"https:\/\/www.fracturaexpuesta.com.ar\/tango\/wp-json\/wp\/v2\/users\/1"}],"replies":[{"embeddable":true,"href":"https:\/\/www.fracturaexpuesta.com.ar\/tango\/wp-json\/wp\/v2\/comments?post=5429"}],"version-history":[{"count":6,"href":"https:\/\/www.fracturaexpuesta.com.ar\/tango\/wp-json\/wp\/v2\/posts\/5429\/revisions"}],"predecessor-version":[{"id":5439,"href":"https:\/\/www.fracturaexpuesta.com.ar\/tango\/wp-json\/wp\/v2\/posts\/5429\/revisions\/5439"}],"wp:featuredmedia":[{"embeddable":true,"href":"https:\/\/www.fracturaexpuesta.com.ar\/tango\/wp-json\/wp\/v2\/media\/5431"}],"wp:attachment":[{"href":"https:\/\/www.fracturaexpuesta.com.ar\/tango\/wp-json\/wp\/v2\/media?parent=5429"}],"wp:term":[{"taxonomy":"category","embeddable":true,"href":"https:\/\/www.fracturaexpuesta.com.ar\/tango\/wp-json\/wp\/v2\/categories?post=5429"},{"taxonomy":"post_tag","embeddable":true,"href":"https:\/\/www.fracturaexpuesta.com.ar\/tango\/wp-json\/wp\/v2\/tags?post=5429"}],"curies":[{"name":"wp","href":"https:\/\/api.w.org\/{rel}","templated":true}]}}