{"id":5510,"date":"2021-09-29T14:01:13","date_gmt":"2021-09-29T14:01:13","guid":{"rendered":"http:\/\/www.fracturaexpuesta.com.ar\/tango\/?p=5510"},"modified":"2021-10-27T01:58:39","modified_gmt":"2021-10-27T01:58:39","slug":"picadito-de-tango-33-de-vanguardia-clasicos-y-nuevos","status":"publish","type":"post","link":"https:\/\/www.fracturaexpuesta.com.ar\/tango\/picadito-de-tango-33-de-vanguardia-clasicos-y-nuevos\/","title":{"rendered":"Picadito de tango #33: de vanguardia, cl\u00e1sicos y nuevos"},"content":{"rendered":"\n<p style=\"color:#ff0004;font-size:28px\" class=\"has-text-color wp-block-paragraph\"><strong>S\u00f3nico: siguiendo los\npasos de Rovira y Piazzolla<\/strong><\/p>\n\n\n\n<p class=\"wp-block-paragraph\">El grupo belga S\u00f3nico acaba de lanzar <em>Piazzolla &#8211; Rovira: The Edge of Tango<\/em>, un material que <strong>revisita el origen del tango vanguardia<\/strong> a trav\u00e9s de un notable trabajo de investigaci\u00f3n, recuperaci\u00f3n e interpretaci\u00f3n de dos bandoneonistas legendarios. <\/p>\n\n\n\n<p class=\"wp-block-paragraph\">Se trata de un producci\u00f3n que incluye, por primera vez en conjunto, la m\u00fasica del <strong>Octeto Buenos Aires de Astor Piazzolla y del Octeto La Plata de Eduardo Rovira<\/strong>, figuras y grupos fundantes en la vanguardia del tango.<\/p>\n\n\n\n<p class=\"wp-block-paragraph\">El <strong>\u00e1lbum doble (en CD y vinilo)<\/strong> de S\u00f3nico, compuesto de 16 obras, recupera material perdido ya que Piazzolla quem\u00f3 las partituras del octeto y los originales de Rovira fueron estropeados por una inundaci\u00f3n. Incluye adem\u00e1s cuatro <strong>piezas in\u00e9ditas<\/strong> conservadas en grabaciones no profesionales.<\/p>\n\n\n\n<figure class=\"wp-block-image\"><img loading=\"lazy\" decoding=\"async\" width=\"1024\" height=\"576\" src=\"https:\/\/www.fracturaexpuesta.com.ar\/tango\/wp-content\/uploads\/sonico-the-edge-of-tango-1024x576.jpg\" alt=\"\" class=\"wp-image-5512\" srcset=\"https:\/\/www.fracturaexpuesta.com.ar\/tango\/wp-content\/uploads\/sonico-the-edge-of-tango.jpg 1024w, https:\/\/www.fracturaexpuesta.com.ar\/tango\/wp-content\/uploads\/sonico-the-edge-of-tango-300x169.jpg 300w, https:\/\/www.fracturaexpuesta.com.ar\/tango\/wp-content\/uploads\/sonico-the-edge-of-tango-768x432.jpg 768w\" sizes=\"auto, (max-width: 1024px) 100vw, 1024px\" \/><figcaption>The edge of tango, lo nuevo de S\u00f3nico.<\/figcaption><\/figure>\n\n\n\n<p class=\"wp-block-paragraph\">Por el lado de Rovira pueden escucharse arreglos y temas originales como \u201cNonino\u201d, \u201cSerial dodecaf\u00f3nico\u201d o \u201cMonroe 3307\u201d. Con Piazzolla, suenan tangos como \u201cMarr\u00f3n y azul\u201d, \u201cTierra querida\u201d y \u201cA fuego lento\u201d.<\/p>\n\n\n\n<p class=\"wp-block-paragraph\">Creado en 2015 para poner en valor la obra de Rovira, ahora S\u00f3nico suma a Piazzolla para trazar un perfil art\u00edstico que retoma a aquellas propuestas que, desde el borde (\u201cthe edge\u201d), <strong>expandieron el cuadro sonoro del tango<\/strong> y se convirtieron en piezas clave del g\u00e9nero.<\/p>\n\n\n\n<p class=\"wp-block-paragraph\">Recreado en octeto, S\u00f3nico incluye en su formaci\u00f3n a m\u00fasicos de distintos or\u00edgenes. Integran la agrupaci\u00f3n del disco Lysandre Donoso (FR\/CL) y Carmela Delgado (FR\/ESP) en bandoneones; Stephen Meyer (USA\/BE) y Daniel Hurtado Jimen\u00e9z (ESP) en violines; Oscar Qui\u00f1onez (MX) en viola; Guillaume Lagravi\u00e8re (FR) en cello; Camilo C\u00f3rdoba (ARG\/IT) en guitarra el\u00e9ctrica; Ariel Eberstein (ARG\/BE) en contrabajo; Ivo De Greef (BE) en piano y Gaetan La Mela (BE) en glockenspiel.<\/p>\n\n\n\n<p class=\"wp-block-paragraph\"><strong>Escuch\u00e1 <em>Piazzolla &#8211; Rovira: The Edge of Tango<\/em>:<\/strong><\/p>\n\n\n\n<iframe loading=\"lazy\" src=\"https:\/\/open.spotify.com\/embed\/album\/41sC8yAQxPGz68hVI85HIG\" width=\"100%\" height=\"380\" frameBorder=\"0\" allowfullscreen=\"\" allow=\"autoplay; clipboard-write; encrypted-media; fullscreen; picture-in-picture\"><\/iframe>\n\n\n\n<p class=\"wp-block-paragraph\"><\/p>\n\n\n\n<p style=\"color:#ff0004;font-size:28px\" class=\"has-text-color wp-block-paragraph\"><strong>Dami\u00e1n Fontenla: por los caminos del tango y la canci\u00f3n<\/strong><\/p>\n\n\n\n<p class=\"wp-block-paragraph\">El cantante <strong>Dami\u00e1n Fontenla y los presentes<\/strong> dieron a conocer <strong>su debut discogr\u00e1fico<\/strong> con un material que retoma algunas obras imperecederas del tango y suma a ellas la canci\u00f3n litorale\u00f1a, el bolero y temas memorables como \u201cQuiero estar entre tus cosas\u201d (Daniel Melero) o \u201cUnforgettable\u201d (Irving Gordon).<\/p>\n\n\n\n<p class=\"wp-block-paragraph\">Acompa\u00f1ado por Cindy Harcha en bandone\u00f3n y Nicol\u00e1s Amato en guitarra, Fontenla luce su <strong>estilo personal, c\u00e1lido y sin estridencias<\/strong>. &nbsp;\u201cMi Luna\u201d, \u201cMar\u00eda\u201d o \u201cBarrio de tango\u201d son tangos que se oyen con una sinton\u00eda y t\u00edmbrica familiar, m\u00e1s cercana al que escucha que a los aires lejanos del artista de pedestal.<\/p>\n\n\n\n<p class=\"wp-block-paragraph\">El 22 de octubre, a las 21, el disco tendr\u00e1 su presentaci\u00f3n\noficial en el teatro del Bar de Fondo Cultural, con CD f\u00edsico incluido.<\/p>\n\n\n\n<p class=\"wp-block-paragraph\"><strong>Escucha \u201cMi luna\u201d, por Dami\u00e1n Fontenla y los presentes:<\/strong><\/p>\n\n\n\n<iframe loading=\"lazy\" width=\"600\" height=\"355\" src=\"https:\/\/www.youtube.com\/embed\/zqAOpAmlx2A\" title=\"YouTube video player\" frameborder=\"0\" allow=\"accelerometer; autoplay; clipboard-write; encrypted-media; gyroscope; picture-in-picture\" allowfullscreen=\"\"><\/iframe>\n\n\n\n<p class=\"wp-block-paragraph\"><\/p>\n\n\n\n<p style=\"color:#ff0004;font-size:28px\" class=\"has-text-color wp-block-paragraph\"><strong>Cine y m\u00fasica<\/strong><\/p>\n\n\n\n<p class=\"wp-block-paragraph\">Luego de su disco <em>Mercado de Tangos<\/em>, la pianista y compositora Daniela Mercado apunt\u00f3 su antena hacia la conexi\u00f3n de m\u00fasica y cine. Lanz\u00f3 recientemente dos sencillos que integran <strong>Relatos Cinematogr\u00e1ficos Volumen 2<\/strong>.<\/p>\n\n\n\n<p class=\"wp-block-paragraph\"><strong>Inspirada por films que marcaron su vida<\/strong>, Mercado presenta ahora los temas \u00abEl desasosiego de Anna\u00bb y \u00abVuelve a m\u00ed\u00bb, creados a partir de las pel\u00edculas Anna Karenina y Expiaci\u00f3n, deseo y pecado,&nbsp; del director Joe Wright. <\/p>\n\n\n\n<p class=\"wp-block-paragraph\">Una nueva etapa compositiva y t\u00edmbrica para la pianista -sin\nperder su matriz tanguera- que, seg\u00fan adelant\u00f3, tendr\u00e1 nuevos relatos cinematogr\u00e1ficos\ncon diferentes invitados y formaciones.<\/p>\n\n\n\n<p class=\"wp-block-paragraph\"><strong>Escuch\u00e1 \u00abEl desasosiego de Anna\u00bb:<\/strong><\/p>\n\n\n\n<iframe loading=\"lazy\" width=\"600\" height=\"355\" src=\"https:\/\/www.youtube.com\/embed\/Lvb0E2JSwWM\" title=\"YouTube video player\" frameborder=\"0\" allow=\"accelerometer; autoplay; clipboard-write; encrypted-media; gyroscope; picture-in-picture\" allowfullscreen=\"\"><\/iframe>\n\n\n\n<p class=\"wp-block-paragraph\"><\/p>\n\n\n\n<p class=\"wp-block-paragraph\"><\/p>\n","protected":false},"excerpt":{"rendered":"<p>Nuevos discos del grupo belga S\u00f3nico, Dami\u00e1n Fontenla y los presentes y Daniela Mercado.<\/p>\n","protected":false},"author":1,"featured_media":5511,"comment_status":"open","ping_status":"open","sticky":false,"template":"","format":"standard","meta":{"footnotes":""},"categories":[3],"tags":[426,427,32,201,425,111],"class_list":["post-5510","post","type-post","status-publish","format-standard","has-post-thumbnail","hentry","category-noticias","tag-damien-fontenla","tag-daniela-mercado","tag-featured","tag-picadito","tag-sonico","tag-tango"],"_links":{"self":[{"href":"https:\/\/www.fracturaexpuesta.com.ar\/tango\/wp-json\/wp\/v2\/posts\/5510","targetHints":{"allow":["GET"]}}],"collection":[{"href":"https:\/\/www.fracturaexpuesta.com.ar\/tango\/wp-json\/wp\/v2\/posts"}],"about":[{"href":"https:\/\/www.fracturaexpuesta.com.ar\/tango\/wp-json\/wp\/v2\/types\/post"}],"author":[{"embeddable":true,"href":"https:\/\/www.fracturaexpuesta.com.ar\/tango\/wp-json\/wp\/v2\/users\/1"}],"replies":[{"embeddable":true,"href":"https:\/\/www.fracturaexpuesta.com.ar\/tango\/wp-json\/wp\/v2\/comments?post=5510"}],"version-history":[{"count":2,"href":"https:\/\/www.fracturaexpuesta.com.ar\/tango\/wp-json\/wp\/v2\/posts\/5510\/revisions"}],"predecessor-version":[{"id":5638,"href":"https:\/\/www.fracturaexpuesta.com.ar\/tango\/wp-json\/wp\/v2\/posts\/5510\/revisions\/5638"}],"wp:featuredmedia":[{"embeddable":true,"href":"https:\/\/www.fracturaexpuesta.com.ar\/tango\/wp-json\/wp\/v2\/media\/5511"}],"wp:attachment":[{"href":"https:\/\/www.fracturaexpuesta.com.ar\/tango\/wp-json\/wp\/v2\/media?parent=5510"}],"wp:term":[{"taxonomy":"category","embeddable":true,"href":"https:\/\/www.fracturaexpuesta.com.ar\/tango\/wp-json\/wp\/v2\/categories?post=5510"},{"taxonomy":"post_tag","embeddable":true,"href":"https:\/\/www.fracturaexpuesta.com.ar\/tango\/wp-json\/wp\/v2\/tags?post=5510"}],"curies":[{"name":"wp","href":"https:\/\/api.w.org\/{rel}","templated":true}]}}