{"id":5612,"date":"2021-10-18T14:47:10","date_gmt":"2021-10-18T14:47:10","guid":{"rendered":"http:\/\/www.fracturaexpuesta.com.ar\/tango\/?p=5612"},"modified":"2021-10-18T15:12:35","modified_gmt":"2021-10-18T15:12:35","slug":"cucuza-y-acho-estol-se-unen-en-el-tuerto-y-los-ciegos","status":"publish","type":"post","link":"https:\/\/www.fracturaexpuesta.com.ar\/tango\/cucuza-y-acho-estol-se-unen-en-el-tuerto-y-los-ciegos\/","title":{"rendered":"Cucuza y Acho Estol se unen en \u00abEl tuerto y los ciegos\u00bb"},"content":{"rendered":"\n<p class=\"wp-block-paragraph\">A pocos d\u00edas del cumplea\u00f1os 70 de Charly Garc\u00eda, el cantor Cucuza Castiello y el guitarrista y compositor Acho Estol compartieron el video de \u00abEl tuerto y los ciegos\u00bb, de Sui Generis.<\/p>\n\n\n\n<p class=\"wp-block-paragraph\">El tema, que forma parte del disco <em>Mensunda: Tangolencia Rockera<\/em> de Castiello, retoma la obra de uno de los grupos pioneros del rock nacional para convertirla en una milonga con el sello de la producci\u00f3n sonora de Estol.<\/p>\n\n\n\n<p class=\"wp-block-paragraph\">Con eje en el mito de Casandra, Castiello y Estol ofrecen su interpretaci\u00f3n de una figura a la que Charly recurri\u00f3 en diversas oportunidades. \u00abCasandra llega para que nos enteremos de que est\u00e1 bien cambiar, que es necesario y que es algo que s\u00f3lo hace un coraz\u00f3n valiente\u00bb, dice el texto de Marian Venini que acompa\u00f1a al video.<\/p>\n\n\n\n<p class=\"wp-block-paragraph\"><strong>Mir\u00e1 \u00abEl tuerto y los ciegos\u00bb, dirigido por Federico \u00abVruma\u00bb Ottavianelli:<\/strong><\/p>\n\n\n\n<iframe loading=\"lazy\" width=\"600\" height=\"355\" src=\"https:\/\/www.youtube.com\/embed\/IXOrmP2Aueg\" title=\"YouTube video player\" frameborder=\"0\" allow=\"accelerometer; autoplay; clipboard-write; encrypted-media; gyroscope; picture-in-picture\" allowfullscreen=\"\"><\/iframe>\n\n\n\n<p class=\"wp-block-paragraph\"><\/p>\n\n\n\n<p class=\"wp-block-paragraph\"><\/p>\n","protected":false},"excerpt":{"rendered":"<p>El cantor y el guitarrista lanzaron el video de su versi\u00f3n del tema de Sui Generis.<\/p>\n","protected":false},"author":1,"featured_media":5613,"comment_status":"open","ping_status":"open","sticky":false,"template":"","format":"standard","meta":{"footnotes":""},"categories":[2],"tags":[428,119,32,429],"class_list":["post-5612","post","type-post","status-publish","format-standard","has-post-thumbnail","hentry","category-videos","tag-acho-estol","tag-cucuza-castiello","tag-featured","tag-vruma-ottavianelli"],"_links":{"self":[{"href":"https:\/\/www.fracturaexpuesta.com.ar\/tango\/wp-json\/wp\/v2\/posts\/5612","targetHints":{"allow":["GET"]}}],"collection":[{"href":"https:\/\/www.fracturaexpuesta.com.ar\/tango\/wp-json\/wp\/v2\/posts"}],"about":[{"href":"https:\/\/www.fracturaexpuesta.com.ar\/tango\/wp-json\/wp\/v2\/types\/post"}],"author":[{"embeddable":true,"href":"https:\/\/www.fracturaexpuesta.com.ar\/tango\/wp-json\/wp\/v2\/users\/1"}],"replies":[{"embeddable":true,"href":"https:\/\/www.fracturaexpuesta.com.ar\/tango\/wp-json\/wp\/v2\/comments?post=5612"}],"version-history":[{"count":6,"href":"https:\/\/www.fracturaexpuesta.com.ar\/tango\/wp-json\/wp\/v2\/posts\/5612\/revisions"}],"predecessor-version":[{"id":5620,"href":"https:\/\/www.fracturaexpuesta.com.ar\/tango\/wp-json\/wp\/v2\/posts\/5612\/revisions\/5620"}],"wp:featuredmedia":[{"embeddable":true,"href":"https:\/\/www.fracturaexpuesta.com.ar\/tango\/wp-json\/wp\/v2\/media\/5613"}],"wp:attachment":[{"href":"https:\/\/www.fracturaexpuesta.com.ar\/tango\/wp-json\/wp\/v2\/media?parent=5612"}],"wp:term":[{"taxonomy":"category","embeddable":true,"href":"https:\/\/www.fracturaexpuesta.com.ar\/tango\/wp-json\/wp\/v2\/categories?post=5612"},{"taxonomy":"post_tag","embeddable":true,"href":"https:\/\/www.fracturaexpuesta.com.ar\/tango\/wp-json\/wp\/v2\/tags?post=5612"}],"curies":[{"name":"wp","href":"https:\/\/api.w.org\/{rel}","templated":true}]}}