{"id":5765,"date":"2021-11-17T15:41:20","date_gmt":"2021-11-17T15:41:20","guid":{"rendered":"http:\/\/www.fracturaexpuesta.com.ar\/tango\/?p=5765"},"modified":"2021-11-17T15:53:40","modified_gmt":"2021-11-17T15:53:40","slug":"arrancan-tres-festivales-de-tango-con-numerosas-propuestas","status":"publish","type":"post","link":"https:\/\/www.fracturaexpuesta.com.ar\/tango\/arrancan-tres-festivales-de-tango-con-numerosas-propuestas\/","title":{"rendered":"Arrancan tres festivales de tango con numerosas propuestas"},"content":{"rendered":"\n<p class=\"wp-block-paragraph\">A poco de culminar el a\u00f1o y en el sostenido regreso de\nlas actividades vinculadas al tango en el AMBA, el segundo tramo de noviembre tendr\u00e1\nel despliegue de diversos y reconocidos festivales con distintas improntas.<\/p>\n\n\n\n<p class=\"wp-block-paragraph\">Se pondr\u00e1n en marcha las nuevas ediciones del Festival de\nTango de Urchasdon\u00eda, el Festival de Tango y Criollismo y el Festival de Tango de\nLa Boca.<\/p>\n\n\n\n<p class=\"wp-block-paragraph\" style=\"font-size:28px\"><strong>Festival de Tango\nde Urchasdon\u00eda<\/strong><\/p>\n\n\n\n<p class=\"wp-block-paragraph\">La quinta edici\u00f3n del Festival de Tango de Urchasdon\u00eda tendr\u00e1 lugar entre <strong>19 y el 22 de noviembre.<\/strong> La iniciativa congrega actividades que circular\u00e1n por los barrios de Villa Urquiza, Parque Chas, Villa Pueyrred\u00f3n y Agronom\u00eda.<\/p>\n\n\n\n<p class=\"wp-block-paragraph\">La programaci\u00f3n incluye la participaci\u00f3n de artistas como Cucuza Castiello, Tute, Chino Laborde, Lucio Arce, Omar Giammarco, Silvana Sosto, Mariana Maz\u00fa, Tango Contempo, Amores Tangos y el Negro Fal\u00f3tico, entre otros.<\/p>\n\n\n\n<p class=\"wp-block-paragraph\">La agenda completa de las actividades se puede seguir a trav\u00e9s de las redes del festival:<\/p>\n\n\n\n<iframe loading=\"lazy\" src=\"https:\/\/www.facebook.com\/plugins\/post.php?href=https%3A%2F%2Fwww.facebook.com%2Ffestivaltangourchasdonia%2Fposts%2F5167995193215475&#038;show_text=true&#038;width=500\" width=\"500\" height=\"666\" style=\"border:none;overflow:hidden\" scrolling=\"no\" frameborder=\"0\" allowfullscreen=\"true\" allow=\"autoplay; clipboard-write; encrypted-media; picture-in-picture; web-share\"><\/iframe>\n\n\n\n<p class=\"wp-block-paragraph\"><\/p>\n\n\n\n<p class=\"wp-block-paragraph\" style=\"font-size:28px\"><strong>Festival de Tango y Criollismo<\/strong><\/p>\n\n\n\n<p class=\"wp-block-paragraph\">Tambi\u00e9n en su quinta edici\u00f3n, el Festival de Tango y Criollismo se desarrollar\u00e1 los d\u00edas <strong>20 y 21 de noviembre, <\/strong>a trav\u00e9s de dos jornadas en las que la m\u00fasica de la llanura y la ciudad convivir\u00e1n en el escenario del auditorio de Radio Urbe, en Lomas de Zamora.<\/p>\n\n\n\n<p class=\"wp-block-paragraph\">Sciammarella Tango, Paula Su\u00e1rez y Leda Torres, Juan Pablo Navarro, Pira\u00f1a y el regreso la Orquesta T\u00edpica Agust\u00edn Guerrero son algunas de las propuestas tangueras que presenta el festival.<\/p>\n\n\n\n<iframe loading=\"lazy\" src=\"https:\/\/www.facebook.com\/plugins\/post.php?href=https%3A%2F%2Fwww.facebook.com%2Ftangoycriollismo%2Fposts%2F281608900639906&#038;show_text=true&#038;width=500\" width=\"500\" height=\"685\" style=\"border:none;overflow:hidden\" scrolling=\"no\" frameborder=\"0\" allowfullscreen=\"true\" allow=\"autoplay; clipboard-write; encrypted-media; picture-in-picture; web-share\"><\/iframe>\n\n\n\n<p class=\"wp-block-paragraph\"><\/p>\n\n\n\n<p class=\"wp-block-paragraph\" style=\"font-size:28px\"><strong>Festival de Tango\nde La Boca<\/strong><\/p>\n\n\n\n<p class=\"wp-block-paragraph\">Del <strong>25 al 27 de noviembre<\/strong> se llevar\u00e1 a cabo la 12\u00ba edici\u00f3n del Festival de Tango de La Boca. <\/p>\n\n\n\n<p class=\"wp-block-paragraph\">Orquesta Esquina Sur, Quinteto Negro La Boca, Gabriela\nElena, Patricia Malanca, Andrea Bollof, Orquesta Suerte Loca, Tangorra Orquesta\nAt\u00edpica, Las orillas, Marisa V\u00e1zquez y la Orquesta T\u00edpica La Vid\u00fa, son algunas\nde las propuestas musicales de este cl\u00e1sico festival.<\/p>\n\n\n\n<p class=\"wp-block-paragraph\">La programaci\u00f3n completa se encuentra en las redes del festival que adem\u00e1s transmitir\u00e1n en vivo todas las jornadas.<\/p>\n\n\n\n<iframe loading=\"lazy\" src=\"https:\/\/www.facebook.com\/plugins\/post.php?href=https%3A%2F%2Fwww.facebook.com%2FFestivalTangoLaBoca%2Fposts%2F6995912383768008&#038;show_text=true&#038;width=500\" width=\"500\" height=\"653\" style=\"border:none;overflow:hidden\" scrolling=\"no\" frameborder=\"0\" allowfullscreen=\"true\" allow=\"autoplay; clipboard-write; encrypted-media; picture-in-picture; web-share\"><\/iframe>\n\n\n\n<p class=\"wp-block-paragraph\"><\/p>\n","protected":false},"excerpt":{"rendered":"<p>En \u00abUrchasdon\u00eda\u00bb, La Boca y Lomas de Zamora se ponen en marcha nuevas ediciones de festivales de tango.<\/p>\n","protected":false},"author":1,"featured_media":5767,"comment_status":"open","ping_status":"open","sticky":false,"template":"","format":"standard","meta":{"footnotes":""},"categories":[3],"tags":[32,158,433,432,151],"class_list":["post-5765","post","type-post","status-publish","format-standard","has-post-thumbnail","hentry","category-noticias","tag-featured","tag-festival-de-tango-de-la-boca","tag-festival-de-tango-de-urchasdonia","tag-festival-de-tango-y-criollismo","tag-urchasdonia"],"_links":{"self":[{"href":"https:\/\/www.fracturaexpuesta.com.ar\/tango\/wp-json\/wp\/v2\/posts\/5765","targetHints":{"allow":["GET"]}}],"collection":[{"href":"https:\/\/www.fracturaexpuesta.com.ar\/tango\/wp-json\/wp\/v2\/posts"}],"about":[{"href":"https:\/\/www.fracturaexpuesta.com.ar\/tango\/wp-json\/wp\/v2\/types\/post"}],"author":[{"embeddable":true,"href":"https:\/\/www.fracturaexpuesta.com.ar\/tango\/wp-json\/wp\/v2\/users\/1"}],"replies":[{"embeddable":true,"href":"https:\/\/www.fracturaexpuesta.com.ar\/tango\/wp-json\/wp\/v2\/comments?post=5765"}],"version-history":[{"count":5,"href":"https:\/\/www.fracturaexpuesta.com.ar\/tango\/wp-json\/wp\/v2\/posts\/5765\/revisions"}],"predecessor-version":[{"id":5771,"href":"https:\/\/www.fracturaexpuesta.com.ar\/tango\/wp-json\/wp\/v2\/posts\/5765\/revisions\/5771"}],"wp:featuredmedia":[{"embeddable":true,"href":"https:\/\/www.fracturaexpuesta.com.ar\/tango\/wp-json\/wp\/v2\/media\/5767"}],"wp:attachment":[{"href":"https:\/\/www.fracturaexpuesta.com.ar\/tango\/wp-json\/wp\/v2\/media?parent=5765"}],"wp:term":[{"taxonomy":"category","embeddable":true,"href":"https:\/\/www.fracturaexpuesta.com.ar\/tango\/wp-json\/wp\/v2\/categories?post=5765"},{"taxonomy":"post_tag","embeddable":true,"href":"https:\/\/www.fracturaexpuesta.com.ar\/tango\/wp-json\/wp\/v2\/tags?post=5765"}],"curies":[{"name":"wp","href":"https:\/\/api.w.org\/{rel}","templated":true}]}}