{"id":5901,"date":"2021-12-22T14:40:00","date_gmt":"2021-12-22T14:40:00","guid":{"rendered":"http:\/\/www.fracturaexpuesta.com.ar\/tango\/?p=5901"},"modified":"2021-12-22T14:44:24","modified_gmt":"2021-12-22T14:44:24","slug":"la-otra-orilla-el-anima-barrial","status":"publish","type":"post","link":"https:\/\/www.fracturaexpuesta.com.ar\/tango\/la-otra-orilla-el-anima-barrial\/","title":{"rendered":"La otra orilla: \u00e1nima barrial y cr\u00f3nica proletaria"},"content":{"rendered":"\n<p class=\"wp-block-paragraph\">\u00abEs un tango que evoca, en sus pasillos desolados, el eco de una zona de la ciudad que ya ha ido quedando vac\u00eda del coraz\u00f3n activo de su gente\u00bb, dice Arenas en su an\u00e1lisis de <strong>\u00abFantasmas de un lugar\u00bb (2019), una composici\u00f3n con letra de Fernando Y\u00e1\u00f1ez y m\u00fasica de Carlos G\u00f3mez<\/strong>.<\/p>\n\n\n\n<p class=\"wp-block-paragraph\">\u00abLa poes\u00eda de Y\u00e1\u00f1ez compromete <strong>una zona alejada de Montevideo, que es Punta Yeguas<\/strong>. Lo que en otro tiempo fue el movimiento continuo de un hormigueo humano, es ahora un camposanto de edificios donde la sirena que convocaba a los obreros hoy no es m\u00e1s que un lamento solitario de llorona\u00bb, agrega el escritor uruguayo en el micro radial <em>La otra orilla<\/em>, emitido por <a rel=\"noreferrer noopener\" aria-label=\"Doble A (abre en una nueva pesta\u00f1a)\" href=\"http:\/\/www.fracturaexpuesta.com.ar\/doblearadio\/\" target=\"_blank\"><em>Doble A<\/em><\/a>.<\/p>\n\n\n\n<p class=\"wp-block-paragraph\">El tango como \u00abcr\u00f3nica proletaria\u00bb, los <strong>espectros de un barrio<\/strong> que hoy guarda el \u00e1nima de un pasado de trabajo y esperanza.<\/p>\n\n\n\n<p class=\"wp-block-paragraph\">Se escucha la versi\u00f3n realizada por el proyecto Canciones al cubo. <\/p>\n\n\n\n<iframe loading=\"lazy\" width=\"600\" height=\"355\" src=\"https:\/\/www.youtube.com\/embed\/ET0XCKD_J5s\" title=\"YouTube video player\" frameborder=\"0\" allow=\"accelerometer; autoplay; clipboard-write; encrypted-media; gyroscope; picture-in-picture\" allowfullscreen><\/iframe>\n\n\n\n<p class=\"wp-block-paragraph\"><\/p>\n\n\n\n<p class=\"wp-block-paragraph\"><\/p>\n","protected":false},"excerpt":{"rendered":"<p>En el nuevo episodio del micro radial \u00abLa otra orilla\u00bb, Jos\u00e9 Arenas indaga en el universo del tango \u00abFantasmas de un lugar\u00bb.<\/p>\n","protected":false},"author":1,"featured_media":5902,"comment_status":"open","ping_status":"open","sticky":false,"template":"","format":"standard","meta":{"footnotes":""},"categories":[298],"tags":[441,292,319,32,440,299,300,332],"class_list":["post-5901","post","type-post","status-publish","format-standard","has-post-thumbnail","hentry","category-doble-a","tag-carlos-gomez","tag-doble-a","tag-doblearadio","tag-featured","tag-fernando-yanez","tag-jose-arenas","tag-la-otra-orilla","tag-uruguay"],"_links":{"self":[{"href":"https:\/\/www.fracturaexpuesta.com.ar\/tango\/wp-json\/wp\/v2\/posts\/5901","targetHints":{"allow":["GET"]}}],"collection":[{"href":"https:\/\/www.fracturaexpuesta.com.ar\/tango\/wp-json\/wp\/v2\/posts"}],"about":[{"href":"https:\/\/www.fracturaexpuesta.com.ar\/tango\/wp-json\/wp\/v2\/types\/post"}],"author":[{"embeddable":true,"href":"https:\/\/www.fracturaexpuesta.com.ar\/tango\/wp-json\/wp\/v2\/users\/1"}],"replies":[{"embeddable":true,"href":"https:\/\/www.fracturaexpuesta.com.ar\/tango\/wp-json\/wp\/v2\/comments?post=5901"}],"version-history":[{"count":6,"href":"https:\/\/www.fracturaexpuesta.com.ar\/tango\/wp-json\/wp\/v2\/posts\/5901\/revisions"}],"predecessor-version":[{"id":5909,"href":"https:\/\/www.fracturaexpuesta.com.ar\/tango\/wp-json\/wp\/v2\/posts\/5901\/revisions\/5909"}],"wp:featuredmedia":[{"embeddable":true,"href":"https:\/\/www.fracturaexpuesta.com.ar\/tango\/wp-json\/wp\/v2\/media\/5902"}],"wp:attachment":[{"href":"https:\/\/www.fracturaexpuesta.com.ar\/tango\/wp-json\/wp\/v2\/media?parent=5901"}],"wp:term":[{"taxonomy":"category","embeddable":true,"href":"https:\/\/www.fracturaexpuesta.com.ar\/tango\/wp-json\/wp\/v2\/categories?post=5901"},{"taxonomy":"post_tag","embeddable":true,"href":"https:\/\/www.fracturaexpuesta.com.ar\/tango\/wp-json\/wp\/v2\/tags?post=5901"}],"curies":[{"name":"wp","href":"https:\/\/api.w.org\/{rel}","templated":true}]}}