{"id":5921,"date":"2022-01-10T18:09:51","date_gmt":"2022-01-10T18:09:51","guid":{"rendered":"http:\/\/www.fracturaexpuesta.com.ar\/tango\/?p=5921"},"modified":"2022-01-10T19:15:29","modified_gmt":"2022-01-10T19:15:29","slug":"picadito-de-tango-37-discos-que-cerraron-el-2021-y-que-se-escucharan-en-2022","status":"publish","type":"post","link":"https:\/\/www.fracturaexpuesta.com.ar\/tango\/picadito-de-tango-37-discos-que-cerraron-el-2021-y-que-se-escucharan-en-2022\/","title":{"rendered":"Picadito de tango #37: discos que cerraron el 2021 y que se escuchar\u00e1n en 2022"},"content":{"rendered":"\n<p style=\"color:#ff0004;font-size:28px\" class=\"has-text-color wp-block-paragraph\"><strong>In\u00e9s Cuello y\nGardel<\/strong><\/p>\n\n\n\n<p class=\"wp-block-paragraph\">La cantante In\u00e9s Cuello junto al quinteto La Grela lanz\u00f3 <em>Gardel<\/em>, un disco que recorre con <strong>notable despliegue vocal <\/strong>parte del repertorio del morocho.<\/p>\n\n\n\n<p class=\"wp-block-paragraph\">\u201cVolver\u201d, \u201cArrabal amargo\u201d, \u201cGolondrinas\u201d y \u201cEl d\u00eda que me quieras\u201d son algunas de las interpretaciones que encara Cuello acompa\u00f1ada de valiosos arreglos de tangos que, a pesar de sus m\u00faltiples abordajes en la historia, se actualizan con un resultado m\u00e1s que satisfactorio.<\/p>\n\n\n\n<p class=\"wp-block-paragraph\">Seg\u00fan adelant\u00f3 la cantante, mientras trabaja en las presentaciones del disco de Gardel, pr\u00f3ximamente pondr\u00e1 manos a la obra en un nuevo material que har\u00e1 foco esta vez en otro grande, Astor Piazzolla.<\/p>\n\n\n\n<p class=\"wp-block-paragraph\"><strong>\u25bc Escuch\u00e1 <em>Gardel<\/em>, de In\u00e9s Cuello &amp; La Grela:<\/strong><\/p>\n\n\n\n<iframe loading=\"lazy\" src=\"https:\/\/open.spotify.com\/embed\/album\/58C5RFFyWMsp7DgZKTstIC?utm_source=generator\" width=\"100%\" height=\"380\" frameBorder=\"0\" allowfullscreen=\"\" allow=\"autoplay; clipboard-write; encrypted-media; fullscreen; picture-in-picture\"><\/iframe>\n\n\n\n<p class=\"wp-block-paragraph\"><\/p>\n\n\n\n<p style=\"color:#ff0004;font-size:28px\" class=\"has-text-color wp-block-paragraph\"><strong>Negro sobre Negro<\/strong><\/p>\n\n\n\n<p class=\"wp-block-paragraph\">La <strong>cantante Victoria Di Raimondo y el guitarrista Hern\u00e1n Reinaudo<\/strong> dieron a conocer su disco <em>Negro sobre Negro<\/em>.<\/p>\n\n\n\n<p class=\"wp-block-paragraph\">El material, que re\u00fane seis obras originales en formato orquestal, es <strong>una perla de estos tiempos<\/strong> que demuestra no solo el excelente trabajo de ambos artistas sino tambi\u00e9n la trascendencia de los tangos de hoy, que ser\u00e1n los de ma\u00f1ana.<\/p>\n\n\n\n<p class=\"wp-block-paragraph\">Tangos \u201cespinosos\u201d, a decir de Di Raimondo, pero que en su <strong>esp\u00edritu despiadado y de temporal<\/strong> exorcizan a las fantasmas de la canci\u00f3n. Y de los humanos.<\/p>\n\n\n\n<p class=\"wp-block-paragraph\"><strong>\u25bc Escuch\u00e1 <em>Negro sobre Negro<\/em>:<\/strong><\/p>\n\n\n\n<iframe loading=\"lazy\" width=\"600\" height=\"355\" src=\"https:\/\/www.youtube.com\/embed\/ItHoRbkF_W8\" title=\"YouTube video player\" frameborder=\"0\" allow=\"accelerometer; autoplay; clipboard-write; encrypted-media; gyroscope; picture-in-picture\" allowfullscreen><\/iframe>\n\n\n\n<p class=\"wp-block-paragraph\"><\/p>\n\n\n\n<p style=\"color:#ff0004;font-size:28px\" class=\"has-text-color wp-block-paragraph\"><strong>Ariel Pirotti: entre\nayer y hoy<\/strong><\/p>\n\n\n\n<p class=\"wp-block-paragraph\">\u201cDial\u00e9ctica entre tradici\u00f3n, originalidad y producci\u00f3n de nuevas obras en la actualidad del tango\u201d. As\u00ed define el pianista Ariel Pirotti a su nuevo disco titulado <em>Pirottecnia<\/em>.<\/p>\n\n\n\n<p class=\"wp-block-paragraph\">Con la intenci\u00f3n de <strong>conciliar una s\u00edntesis entre las obras cl\u00e1sicas del g\u00e9nero y la \u201csensibilidad de una Buenos Aires globalizada\u201d<\/strong>, Pirotti \u2013ganador de un premio Gardel y nominado a los Latin Grammy- construye un trabajo que busca saltar los estereotipos y revitalizar los sonidos del tango.<\/p>\n\n\n\n<p class=\"wp-block-paragraph\"><em>Pirottecnia<\/em> cuenta con la participaci\u00f3n especial de <strong>Guillermo Bonetto<\/strong>, cantante de Los Cafres y del violinista <strong>Pablo Agri<\/strong>.<\/p>\n\n\n\n<p class=\"wp-block-paragraph\"><strong>\u25bc Mir\u00e1 el video de \u201cPor la vuelta\u201d, con Ariel Pirotti Cuarteto y Guillermo Bonetto:<\/strong><\/p>\n\n\n\n<iframe loading=\"lazy\" width=\"600\" height=\"355\" src=\"https:\/\/www.youtube.com\/embed\/Iy5-eslE0Cg\" title=\"YouTube video player\" frameborder=\"0\" allow=\"accelerometer; autoplay; clipboard-write; encrypted-media; gyroscope; picture-in-picture\" allowfullscreen><\/iframe>\n","protected":false},"excerpt":{"rendered":"<p>Nuevos lanzamientos de In\u00e9s Cuello y La Grela, Victoria Di Raimondo junto a Hern\u00e1n Reinaudo y Ariel Pirotti.<\/p>\n","protected":false},"author":1,"featured_media":5922,"comment_status":"open","ping_status":"open","sticky":false,"template":"","format":"standard","meta":{"footnotes":""},"categories":[3],"tags":[443,32,442,444,445,201,111,160],"class_list":["post-5921","post","type-post","status-publish","format-standard","has-post-thumbnail","hentry","category-noticias","tag-ariel-pirotti","tag-featured","tag-hernan-reinaudo","tag-ines-cuello","tag-la-grela","tag-picadito","tag-tango","tag-victoria-di-raimondo"],"_links":{"self":[{"href":"https:\/\/www.fracturaexpuesta.com.ar\/tango\/wp-json\/wp\/v2\/posts\/5921","targetHints":{"allow":["GET"]}}],"collection":[{"href":"https:\/\/www.fracturaexpuesta.com.ar\/tango\/wp-json\/wp\/v2\/posts"}],"about":[{"href":"https:\/\/www.fracturaexpuesta.com.ar\/tango\/wp-json\/wp\/v2\/types\/post"}],"author":[{"embeddable":true,"href":"https:\/\/www.fracturaexpuesta.com.ar\/tango\/wp-json\/wp\/v2\/users\/1"}],"replies":[{"embeddable":true,"href":"https:\/\/www.fracturaexpuesta.com.ar\/tango\/wp-json\/wp\/v2\/comments?post=5921"}],"version-history":[{"count":10,"href":"https:\/\/www.fracturaexpuesta.com.ar\/tango\/wp-json\/wp\/v2\/posts\/5921\/revisions"}],"predecessor-version":[{"id":5933,"href":"https:\/\/www.fracturaexpuesta.com.ar\/tango\/wp-json\/wp\/v2\/posts\/5921\/revisions\/5933"}],"wp:featuredmedia":[{"embeddable":true,"href":"https:\/\/www.fracturaexpuesta.com.ar\/tango\/wp-json\/wp\/v2\/media\/5922"}],"wp:attachment":[{"href":"https:\/\/www.fracturaexpuesta.com.ar\/tango\/wp-json\/wp\/v2\/media?parent=5921"}],"wp:term":[{"taxonomy":"category","embeddable":true,"href":"https:\/\/www.fracturaexpuesta.com.ar\/tango\/wp-json\/wp\/v2\/categories?post=5921"},{"taxonomy":"post_tag","embeddable":true,"href":"https:\/\/www.fracturaexpuesta.com.ar\/tango\/wp-json\/wp\/v2\/tags?post=5921"}],"curies":[{"name":"wp","href":"https:\/\/api.w.org\/{rel}","templated":true}]}}