{"id":5943,"date":"2022-01-23T18:16:48","date_gmt":"2022-01-23T18:16:48","guid":{"rendered":"http:\/\/www.fracturaexpuesta.com.ar\/tango\/?p=5943"},"modified":"2022-01-25T23:41:55","modified_gmt":"2022-01-25T23:41:55","slug":"anuncian-una-serie-dedicada-a-la-vida-de-carlos-gardel-y-dirigida-por-luis-ortega","status":"publish","type":"post","link":"https:\/\/www.fracturaexpuesta.com.ar\/tango\/anuncian-una-serie-dedicada-a-la-vida-de-carlos-gardel-y-dirigida-por-luis-ortega\/","title":{"rendered":"Anuncian una serie dedicada a la vida de Carlos Gardel y dirigida por Luis Ortega"},"content":{"rendered":"\n<p class=\"wp-block-paragraph\">El cineasta Luis Ortega y los responsables de la productora Kapow anunciaron que se encuentran preparando <strong>una serie que retratar\u00e1 la vida de Carlos Gardel<\/strong>, figura m\u00edtica de la cultura argentina y del tango.<\/p>\n\n\n\n<p class=\"wp-block-paragraph\">\u201cMe atrae mucho <strong>el primer Gardel<\/strong>, nacido en Francia como hijo del ladr\u00f3n Paul Lasserre, qui\u00e9n lo abandon\u00f3 antes de nacer\u201d, cont\u00f3 Ortega quien est\u00e1 trabajando el <strong>gui\u00f3n junto al periodista Rodolfo Palacios<\/strong>.<\/p>\n\n\n\n<div class=\"wp-block-image\"><figure class=\"aligncenter size-full is-resized\"><img loading=\"lazy\" decoding=\"async\" src=\"https:\/\/www.fracturaexpuesta.com.ar\/tango\/wp-content\/uploads\/gardel-ortega.jpg\" alt=\"\" class=\"wp-image-5948\" width=\"600\" height=\"379\" srcset=\"https:\/\/www.fracturaexpuesta.com.ar\/tango\/wp-content\/uploads\/gardel-ortega.jpg 600w, https:\/\/www.fracturaexpuesta.com.ar\/tango\/wp-content\/uploads\/gardel-ortega-300x190.jpg 300w\" sizes=\"auto, (max-width: 600px) 100vw, 600px\" \/><figcaption><em><sub><sup><strong>Luis Ortega sobre Gardel: \u201cLa mafia del Abasto son sus verdaderos descubridores\u00bb.<\/strong><\/sup><\/sub><\/em><\/figcaption><\/figure><\/div>\n\n\n\n<p class=\"wp-block-paragraph\">\u201cCuando Gardel llega solo con su madre al barrio del Abasto, tiene una inexplicable <strong>pulsi\u00f3n hacia lo marginal<\/strong>. Ya de chico les cantaba a los linyeras, a la polic\u00eda cuando se lo llevaban preso o a los internos cuando estuvo detenido en la c\u00e1rcel de Ushuaia\u201d, agreg\u00f3 el director de la biopic que tendr\u00e1 como <strong>base documental el libro sobre Gardel escrito por el historiador Felipe Pigna<\/strong>.<\/p>\n\n\n\n<p class=\"wp-block-paragraph\">En cuanto a las caracter\u00edsticas de la serie dedicada al \u201czorzal\u201d, Ortega cont\u00f3 tambien que se concentrar\u00e1 en el <strong>\u201cvalor dram\u00e1tico\u201d<\/strong> del personaje de Gardel y en los acontecimientos que marcaron su vida.<\/p>\n\n\n\n<p class=\"wp-block-paragraph\">\u201c<strong>La mafia del Abasto son sus verdaderos descubridores<\/strong>. Primero lo hacen robar para ellos y luego lo contratan como cantor oficial en sus tugurios. <strong>Su canto era una bendici\u00f3n para rufianes y cuchilleros<\/strong>. Hab\u00eda algo picaresco y sobrenatural en \u00e9l. Eso va a ser lindo de explorar porque no tiene l\u00edmites\u201d, adelant\u00f3 el cineasta. <\/p>\n\n\n\n<iframe loading=\"lazy\" width=\"600\" height=\"355\" src=\"https:\/\/www.youtube.com\/embed\/DH-5k7iRRj0\" title=\"YouTube video player\" frameborder=\"0\" allow=\"accelerometer; autoplay; clipboard-write; encrypted-media; gyroscope; picture-in-picture\" allowfullscreen=\"\"><\/iframe>\n\n\n\n<p class=\"wp-block-paragraph\"><\/p>\n\n\n\n<p class=\"wp-block-paragraph\">Desde Kapow, el directivo <strong>Agust\u00edn Sacanell<\/strong> asegur\u00f3 al medio estadounidense Variety que ser\u00e1 una serie&nbsp; \u201cde autor, premium y original\u201d. Y agreg\u00f3: \u201cPara hacerla bien tiene que ser <strong>una gran producci\u00f3n<\/strong>. No podemos llevarla a cabo con un presupuesto modesto\u201d.<\/p>\n\n\n\n<p class=\"wp-block-paragraph\">Hasta el momento, el proyecto no tiene t\u00edtulo confirmado y\nse desconoce quien interpretar\u00e1 a Gardel.<\/p>\n\n\n\n<p class=\"wp-block-paragraph\">Seg\u00fan indicaron los productores, la biopic podr\u00eda presentarse\nen mayo.<\/p>\n\n\n\n<iframe loading=\"lazy\" width=\"600\" height=\"355\" src=\"https:\/\/www.youtube.com\/embed\/uauAL0q26sI\" title=\"YouTube video player\" frameborder=\"0\" allow=\"accelerometer; autoplay; clipboard-write; encrypted-media; gyroscope; picture-in-picture\" allowfullscreen=\"\"><\/iframe>\n","protected":false},"excerpt":{"rendered":"<p>La biopic tendr\u00e1 direcci\u00f3n del argentino Luis Ortega, el mismo que llev\u00f3 adelante Historia de un clan y El marginal. Sin elenco a\u00fan confirmado, la presentaci\u00f3n se estima para mayo.<\/p>\n","protected":false},"author":1,"featured_media":5944,"comment_status":"open","ping_status":"open","sticky":false,"template":"","format":"standard","meta":{"footnotes":""},"categories":[3],"tags":[163,32,447,111],"class_list":["post-5943","post","type-post","status-publish","format-standard","has-post-thumbnail","hentry","category-noticias","tag-carlos-gardel","tag-featured","tag-luis-ortega","tag-tango"],"_links":{"self":[{"href":"https:\/\/www.fracturaexpuesta.com.ar\/tango\/wp-json\/wp\/v2\/posts\/5943","targetHints":{"allow":["GET"]}}],"collection":[{"href":"https:\/\/www.fracturaexpuesta.com.ar\/tango\/wp-json\/wp\/v2\/posts"}],"about":[{"href":"https:\/\/www.fracturaexpuesta.com.ar\/tango\/wp-json\/wp\/v2\/types\/post"}],"author":[{"embeddable":true,"href":"https:\/\/www.fracturaexpuesta.com.ar\/tango\/wp-json\/wp\/v2\/users\/1"}],"replies":[{"embeddable":true,"href":"https:\/\/www.fracturaexpuesta.com.ar\/tango\/wp-json\/wp\/v2\/comments?post=5943"}],"version-history":[{"count":12,"href":"https:\/\/www.fracturaexpuesta.com.ar\/tango\/wp-json\/wp\/v2\/posts\/5943\/revisions"}],"predecessor-version":[{"id":5990,"href":"https:\/\/www.fracturaexpuesta.com.ar\/tango\/wp-json\/wp\/v2\/posts\/5943\/revisions\/5990"}],"wp:featuredmedia":[{"embeddable":true,"href":"https:\/\/www.fracturaexpuesta.com.ar\/tango\/wp-json\/wp\/v2\/media\/5944"}],"wp:attachment":[{"href":"https:\/\/www.fracturaexpuesta.com.ar\/tango\/wp-json\/wp\/v2\/media?parent=5943"}],"wp:term":[{"taxonomy":"category","embeddable":true,"href":"https:\/\/www.fracturaexpuesta.com.ar\/tango\/wp-json\/wp\/v2\/categories?post=5943"},{"taxonomy":"post_tag","embeddable":true,"href":"https:\/\/www.fracturaexpuesta.com.ar\/tango\/wp-json\/wp\/v2\/tags?post=5943"}],"curies":[{"name":"wp","href":"https:\/\/api.w.org\/{rel}","templated":true}]}}