{"id":5952,"date":"2022-01-24T14:59:26","date_gmt":"2022-01-24T14:59:26","guid":{"rendered":"http:\/\/www.fracturaexpuesta.com.ar\/tango\/?p=5952"},"modified":"2022-01-24T23:03:21","modified_gmt":"2022-01-24T23:03:21","slug":"murio-osvaldo-peredo-el-cantor-querido-por-las-nuevas-generaciones-de-tango","status":"publish","type":"post","link":"https:\/\/www.fracturaexpuesta.com.ar\/tango\/murio-osvaldo-peredo-el-cantor-querido-por-las-nuevas-generaciones-de-tango\/","title":{"rendered":"Muri\u00f3 Osvaldo Peredo, el cantor querido por las nuevas generaciones de tango"},"content":{"rendered":"\n<p class=\"wp-block-paragraph\">El cantor Osvaldo Peredo falleci\u00f3 este lunes <strong>a los 91 a\u00f1os<\/strong>, en la Ciudad de Buenos Aires, producto de la complicaci\u00f3n de una dura enfermedad con la que ven\u00eda batallando.<\/p>\n\n\n\n<p class=\"wp-block-paragraph\">Allegados al artista informaron que no habr\u00e1 velatorio aunque indicaron que se prepara un homenaje, a modo de despedida, para el mes de marzo.<\/p>\n\n\n\n<p class=\"wp-block-paragraph\">Nacido el 9 de septiembre de 1930 en el barrio de Boedo, Peredo supo ser un <strong>puente entre la generaci\u00f3n que vivi\u00f3 las pasadas d\u00e9cadas doradas y las nuevas camadas de artistas del tango<\/strong>.<\/p>\n\n\n\n<p class=\"wp-block-paragraph\">Esa conducta, siempre abierta a conectar con las corrientes actuales, lo condujo a participar en distintos grupos como Amores Tangos, Tango Bardo, la Orquesta Victoria y la Orquesta T\u00edpica Almagro, entre otras formaciones.<\/p>\n\n\n\n<p class=\"wp-block-paragraph\">Tambi\u00e9n llev\u00f3 adelante una intensa carrera solista que lo manten\u00eda siempre vigente y activo. Cantaba en festivales, boliches, milongas y espacios culturales. Entre sus discos se encuentran <em>Ocho canciones de amor,\u00a0Berret\u00edn<\/em> y el reciente <em>El cantor<\/em> (2022), acompa\u00f1ados de una larga lista de participaciones en otras producciones discogr\u00e1ficas.<\/p>\n\n\n\n<iframe loading=\"lazy\" width=\"600\" height=\"355\" src=\"https:\/\/www.youtube.com\/embed\/z0N-u_UGf74\" title=\"YouTube video player\" frameborder=\"0\" allow=\"accelerometer; autoplay; clipboard-write; encrypted-media; gyroscope; picture-in-picture\" allowfullscreen=\"\"><\/iframe>\n\n\n\n<p class=\"wp-block-paragraph\"><\/p>\n\n\n\n<p class=\"wp-block-paragraph\">Las <strong>redes sociales se colmaron de im\u00e1genes de Osvaldo <\/strong>junto a numerosos artistas que compartieron diversos momentos musicales con el cantor. <\/p>\n\n\n\n<p class=\"wp-block-paragraph\">Apreciado y valorado por <strong>su calidez, sencillez y amabilidad<\/strong>, Peredo deja una huella profunda en los tangueros de hoy.<\/p>\n\n\n\n<p class=\"wp-block-paragraph\">\u201cEl tango retrata lo que pasa en la vida, es importante darle el paso a los j\u00f3venes, que pinten esta Buenos Aires de ahora\u201d, dec\u00eda Osvaldo en una de las visitas al programa de radio <em>Fractura Expuesta<\/em>.<\/p>\n\n\n\n<p class=\"has-text-color wp-block-paragraph\" style=\"color:#ff0004;font-size:26px\"><strong>\u00bfQu\u00e9 es el tango? seg\u00fan Osvaldo Peredo:<\/strong><\/p>\n\n\n\n<iframe loading=\"lazy\" width=\"100%\" height=\"300\" scrolling=\"no\" frameborder=\"no\" allow=\"autoplay\" src=\"https:\/\/w.soundcloud.com\/player\/?url=https%3A\/\/api.soundcloud.com\/tracks\/76964780&amp;color=%23ff5500&amp;auto_play=false&amp;hide_related=false&amp;show_comments=true&amp;show_user=true&amp;show_reposts=false&amp;show_teaser=true&amp;visual=true\"><\/iframe><div style=\"font-size: 10px; color: #cccccc;line-break: anywhere;word-break: normal;overflow: hidden;white-space: nowrap;text-overflow: ellipsis; font-family: Interstate,Lucida Grande,Lucida Sans Unicode,Lucida Sans,Garuda,Verdana,Tahoma,sans-serif;font-weight: 100;\"><a href=\"https:\/\/soundcloud.com\/fractura_expuesta\" title=\"Fractura Expuesta\" target=\"_blank\" style=\"color: #cccccc; text-decoration: none;\" rel=\"noopener\">Fractura Expuesta<\/a> \u2022 <a href=\"https:\/\/soundcloud.com\/fractura_expuesta\/que-es-el-tango-osvaldo-peredo\" title=\"\u00bfQu\u00e9 es el tango? Responde Osvaldo Peredo\" target=\"_blank\" style=\"color: #cccccc; text-decoration: none;\" rel=\"noopener\">\u00bfQu\u00e9 es el tango? Responde Osvaldo Peredo<\/a><\/div>\n","protected":false},"excerpt":{"rendered":"<p>A los 91 a\u00f1os falleci\u00f3 el cantor que supo enlazar la \u00e9poca dorada con la potente m\u00e1quina contempor\u00e1nea del tango.<\/p>\n","protected":false},"author":1,"featured_media":5953,"comment_status":"open","ping_status":"open","sticky":false,"template":"","format":"standard","meta":{"footnotes":""},"categories":[3],"tags":[32,448,111],"class_list":["post-5952","post","type-post","status-publish","format-standard","has-post-thumbnail","hentry","category-noticias","tag-featured","tag-osvaldo-peredo","tag-tango"],"_links":{"self":[{"href":"https:\/\/www.fracturaexpuesta.com.ar\/tango\/wp-json\/wp\/v2\/posts\/5952","targetHints":{"allow":["GET"]}}],"collection":[{"href":"https:\/\/www.fracturaexpuesta.com.ar\/tango\/wp-json\/wp\/v2\/posts"}],"about":[{"href":"https:\/\/www.fracturaexpuesta.com.ar\/tango\/wp-json\/wp\/v2\/types\/post"}],"author":[{"embeddable":true,"href":"https:\/\/www.fracturaexpuesta.com.ar\/tango\/wp-json\/wp\/v2\/users\/1"}],"replies":[{"embeddable":true,"href":"https:\/\/www.fracturaexpuesta.com.ar\/tango\/wp-json\/wp\/v2\/comments?post=5952"}],"version-history":[{"count":20,"href":"https:\/\/www.fracturaexpuesta.com.ar\/tango\/wp-json\/wp\/v2\/posts\/5952\/revisions"}],"predecessor-version":[{"id":5980,"href":"https:\/\/www.fracturaexpuesta.com.ar\/tango\/wp-json\/wp\/v2\/posts\/5952\/revisions\/5980"}],"wp:featuredmedia":[{"embeddable":true,"href":"https:\/\/www.fracturaexpuesta.com.ar\/tango\/wp-json\/wp\/v2\/media\/5953"}],"wp:attachment":[{"href":"https:\/\/www.fracturaexpuesta.com.ar\/tango\/wp-json\/wp\/v2\/media?parent=5952"}],"wp:term":[{"taxonomy":"category","embeddable":true,"href":"https:\/\/www.fracturaexpuesta.com.ar\/tango\/wp-json\/wp\/v2\/categories?post=5952"},{"taxonomy":"post_tag","embeddable":true,"href":"https:\/\/www.fracturaexpuesta.com.ar\/tango\/wp-json\/wp\/v2\/tags?post=5952"}],"curies":[{"name":"wp","href":"https:\/\/api.w.org\/{rel}","templated":true}]}}