{"id":5992,"date":"2022-01-30T14:35:54","date_gmt":"2022-01-30T14:35:54","guid":{"rendered":"http:\/\/www.fracturaexpuesta.com.ar\/tango\/?p=5992"},"modified":"2022-01-30T15:45:56","modified_gmt":"2022-01-30T15:45:56","slug":"lanzaran-un-disco-con-canciones-de-spinetta-hechas-en-version-tango","status":"publish","type":"post","link":"https:\/\/www.fracturaexpuesta.com.ar\/tango\/lanzaran-un-disco-con-canciones-de-spinetta-hechas-en-version-tango\/","title":{"rendered":"Lanzar\u00e1n un disco con canciones de Spinetta hechas en versi\u00f3n tango"},"content":{"rendered":"\n<p class=\"wp-block-paragraph\">A poco de cumplirse 10 a\u00f1os de la partida de Spinetta, el grupo <strong>Los Altiyeros<\/strong> anunci\u00f3 que presentar\u00e1 un disco con versiones en clave de tango de canciones del Flaco.<\/p>\n\n\n\n<p class=\"wp-block-paragraph\">El material llevar\u00e1 por t\u00edtulo <em><strong>Spinettango<\/strong><\/em> y contar\u00e1 con invitados especiales como <strong>Litto Nebbia, Daniel Melingo, Mimi Maura, Falta y Resto, Santiago Mu\u00f1iz y Dami\u00e1n Torres Quinteto<\/strong>.<\/p>\n\n\n\n<p class=\"wp-block-paragraph\">\u201cCementerio Club\u201d, \u201cTema de Pototo\u201d o \u201cSeguir viviendo sin tu amor\u201d son algunas de las canciones de Spinetta que tomar\u00e1n forma de tango.<\/p>\n\n\n\n<p class=\"wp-block-paragraph\">Producido por <strong>Hern\u00e1n Sforzini<\/strong>, la salida del disco est\u00e1 prevista para el 1 de abril. Sin embargo, en marzo habr\u00e1 dos adelantos. El 4 estar\u00e1 disponible el primer single, que ser\u00e1 \u201cSeguir viviendo sin tu amor\u201d, y el 18 se conocer\u00e1 la versi\u00f3n de \u201cMuchacha ojos de papel\u201d, con la colaboraci\u00f3n de Nebbia.<\/p>\n\n\n\n<p class=\"wp-block-paragraph\">\u201cEl d\u00eda de su partida lo tengo muy presente ya que me encontraba a solo dos butacas de su hija Vera cuando recibi\u00f3 la noticia. Hoy, a 10 a\u00f1os de su partida, celebramos su genialidad con este colectivo de m\u00fasicos maravillosos de los cuales me siento muy agradecido\u201d, dijo el productor Sforzini tras anunciar el material con un video en el que se escucha a Spinetta hablando del tango y de Piazzolla.<\/p>\n\n\n\n<figure class=\"wp-block-embed is-type-rich is-provider-gestor-del-servicio wp-block-embed-gestor-del-servicio wp-embed-aspect-4-3 wp-has-aspect-ratio\"><div class=\"wp-block-embed__wrapper\">\n<iframe loading=\"lazy\" title=\"Spinettango presentado por Los Altiyeros.\" width=\"640\" height=\"480\" src=\"https:\/\/www.youtube.com\/embed\/Cg9Q06r8LJs?feature=oembed\" frameborder=\"0\" allow=\"accelerometer; autoplay; clipboard-write; encrypted-media; gyroscope; picture-in-picture; web-share\" referrerpolicy=\"strict-origin-when-cross-origin\" allowfullscreen><\/iframe>\n<\/div><figcaption><sup><em><span class=\"has-inline-color has-cyan-bluish-gray-color\">El adelanto del disco Spinettango.<\/span><\/em><\/sup><\/figcaption><\/figure>\n\n\n\n<p class=\"wp-block-paragraph\">No es la primera vez que Spinetta es reversionado en tango. Son numerosas las interpretaciones que distintos grupos y solistas hicieron de la obra del m\u00fasico argentino nacido el 23 de enero de 1950 y fallecido el 8 de febrero de 2012.<\/p>\n\n\n\n<p class=\"wp-block-paragraph\">\u201cMi t\u00edos lo negaban a Piazzolla. Yo discut\u00eda, ten\u00eda 14 a\u00f1os y les dec\u00eda \u2018\u00bfpero no ven a los aviones que aterrizan, los edificios, el tr\u00e1fico, los autos?\u2019 Eso es Piazzolla, es el futuro, la ciudad que crece, no es el tipo ah\u00ed llorando porque la mina lo abandon\u00f3. Y sigo pensando lo mismo. Piazzolla es el futuro\u201d, contaba Spinetta.<\/p>\n\n\n\n<p class=\"wp-block-paragraph\"><strong>Doble A<\/strong>, <a href=\"http:\/\/www.fracturaexpuesta.com.ar\/doblearadio\/\" target=\"_blank\" rel=\"noreferrer noopener\" title=\"la radio online de Fractura Expuesta\">la radio online de Fractura Expuesta<\/a>, realiz\u00f3 el especial <strong>\u201cSpinetta y el tango\u201d<\/strong>, un recorrido por la obra y la voz del Flaco y por las versiones que se realizaron sobre el repertorio de una de las piezas clave de la m\u00fasica argentina.<\/p>\n\n\n\n<p class=\"wp-block-paragraph\">Un viaje sonoro por la ruta de los tangos de Luis Alberto Spinetta con grupos como <strong>Siniestra, la Orquesta T\u00edpica Misteriosa Buenos Aires, Juan Vattuone, M\u00f3nica Navarro (Uruguay) y Altertango<\/strong>.<\/p>\n\n\n\n<figure class=\"wp-block-embed is-type-video is-provider-youtube wp-block-embed-youtube wp-embed-aspect-16-9 wp-has-aspect-ratio\"><div class=\"wp-block-embed__wrapper\">\n<iframe loading=\"lazy\" title=\"Spinetta y el tango\" width=\"640\" height=\"360\" src=\"https:\/\/www.youtube.com\/embed\/6ayBSeH_FYE?feature=oembed\" frameborder=\"0\" allow=\"accelerometer; autoplay; clipboard-write; encrypted-media; gyroscope; picture-in-picture; web-share\" referrerpolicy=\"strict-origin-when-cross-origin\" allowfullscreen><\/iframe>\n<\/div><figcaption><sup><em><span class=\"has-inline-color has-cyan-bluish-gray-color\">Spinetta y el tango, una producci\u00f3n especial de Doble A | Radio Tango<\/span><\/em><\/sup><\/figcaption><\/figure>\n\n\n\n<p class=\"wp-block-paragraph\"><\/p>\n","protected":false},"excerpt":{"rendered":"<p>Se llamar\u00e1 \u201cSpinettango\u201d y contar\u00e1 con invitados como Litto Nebbia, Daniel Melingo y Mimi Maura, entre otros.<\/p>\n","protected":false},"author":1,"featured_media":5994,"comment_status":"open","ping_status":"open","sticky":false,"template":"","format":"standard","meta":{"footnotes":""},"categories":[3],"tags":[247,32,450,365,449,271,306,111],"class_list":["post-5992","post","type-post","status-publish","format-standard","has-post-thumbnail","hentry","category-noticias","tag-daniel-melingo","tag-featured","tag-hernan-sforzini","tag-litto-nebbia","tag-los-altiyeros","tag-luis-alberto-spinetta","tag-spinetta","tag-tango"],"_links":{"self":[{"href":"https:\/\/www.fracturaexpuesta.com.ar\/tango\/wp-json\/wp\/v2\/posts\/5992","targetHints":{"allow":["GET"]}}],"collection":[{"href":"https:\/\/www.fracturaexpuesta.com.ar\/tango\/wp-json\/wp\/v2\/posts"}],"about":[{"href":"https:\/\/www.fracturaexpuesta.com.ar\/tango\/wp-json\/wp\/v2\/types\/post"}],"author":[{"embeddable":true,"href":"https:\/\/www.fracturaexpuesta.com.ar\/tango\/wp-json\/wp\/v2\/users\/1"}],"replies":[{"embeddable":true,"href":"https:\/\/www.fracturaexpuesta.com.ar\/tango\/wp-json\/wp\/v2\/comments?post=5992"}],"version-history":[{"count":8,"href":"https:\/\/www.fracturaexpuesta.com.ar\/tango\/wp-json\/wp\/v2\/posts\/5992\/revisions"}],"predecessor-version":[{"id":6003,"href":"https:\/\/www.fracturaexpuesta.com.ar\/tango\/wp-json\/wp\/v2\/posts\/5992\/revisions\/6003"}],"wp:featuredmedia":[{"embeddable":true,"href":"https:\/\/www.fracturaexpuesta.com.ar\/tango\/wp-json\/wp\/v2\/media\/5994"}],"wp:attachment":[{"href":"https:\/\/www.fracturaexpuesta.com.ar\/tango\/wp-json\/wp\/v2\/media?parent=5992"}],"wp:term":[{"taxonomy":"category","embeddable":true,"href":"https:\/\/www.fracturaexpuesta.com.ar\/tango\/wp-json\/wp\/v2\/categories?post=5992"},{"taxonomy":"post_tag","embeddable":true,"href":"https:\/\/www.fracturaexpuesta.com.ar\/tango\/wp-json\/wp\/v2\/tags?post=5992"}],"curies":[{"name":"wp","href":"https:\/\/api.w.org\/{rel}","templated":true}]}}