{"id":6033,"date":"2022-02-03T19:41:56","date_gmt":"2022-02-03T19:41:56","guid":{"rendered":"http:\/\/www.fracturaexpuesta.com.ar\/tango\/?p=6033"},"modified":"2022-02-03T19:53:39","modified_gmt":"2022-02-03T19:53:39","slug":"cuestionan-datos-de-la-biopic-que-se-hara-sobre-gardel","status":"publish","type":"post","link":"https:\/\/www.fracturaexpuesta.com.ar\/tango\/cuestionan-datos-de-la-biopic-que-se-hara-sobre-gardel\/","title":{"rendered":"Cuestionan datos de la biopic que se har\u00e1 sobre Gardel"},"content":{"rendered":"\n<p class=\"wp-block-paragraph\">Luego de conocerse que el cineasta Luis Ortega prepara una serie sobre Carlos Gardel, el presidente del <strong>Centro de Estudios Gardelianos<\/strong>, Enrique Espina Rawson, cuestion\u00f3 el enfoque de la producci\u00f3n que retratar\u00e1 una parte de la vida del \u201cZorzal\u201d.<\/p>\n\n\n\n<p class=\"wp-block-paragraph\">El directivo gardeliano aludi\u00f3 a un \u201cdesconocimiento\u201d de Ortega y tambi\u00e9n del historiador Felipe Pigna \u2013autor del libro sobre el que se basar\u00e1 la serie- al momento de encuadrar a la figura de Gardel.<\/p>\n\n\n\n<p class=\"wp-block-paragraph\">\u201cAtribuye Luis Ortega a Gardel el haber sido <strong>ladr\u00f3n y cantor oficial para una supuesta mafia del Abasto<\/strong>, tambi\u00e9n llevar desde ni\u00f1o un balazo en su cuerpo (sin aclarar c\u00f3mo y por qu\u00e9), y el cantar para los presos de Ushuaia. Todas estas afirmaciones <strong>no tienen sustento documental alguno<\/strong>. Sin contar con el extra\u00f1o elogio que la voz de Gardel hac\u00eda las delicias de matones y degolladores\u201d, expres\u00f3 Espina Rawson en una carta dada a conocer recientemente a trav\u00e9s de un portal de noticias.<\/p>\n\n\n\n<figure class=\"wp-block-image size-full\"><img loading=\"lazy\" decoding=\"async\" width=\"800\" height=\"602\" src=\"https:\/\/www.fracturaexpuesta.com.ar\/tango\/wp-content\/uploads\/gardel-cantor.jpg\" alt=\"\" class=\"wp-image-6034\" srcset=\"https:\/\/www.fracturaexpuesta.com.ar\/tango\/wp-content\/uploads\/gardel-cantor.jpg 800w, https:\/\/www.fracturaexpuesta.com.ar\/tango\/wp-content\/uploads\/gardel-cantor-300x226.jpg 300w, https:\/\/www.fracturaexpuesta.com.ar\/tango\/wp-content\/uploads\/gardel-cantor-768x578.jpg 768w\" sizes=\"auto, (max-width: 800px) 100vw, 800px\" \/><figcaption><sup><span class=\"has-inline-color has-cyan-bluish-gray-color\">A m\u00e1s de 80 a\u00f1os de su partida, Gardel sigue despertando controversias.<\/span><\/sup><\/figcaption><\/figure>\n\n\n\n<p class=\"wp-block-paragraph\">Asimismo, el titular del Centro de Estudios Gardelianos mencion\u00f3: \u201cTodos sabemos que la documentaci\u00f3n y recuerdos de Gardel que pose\u00eda Irineo Leguisamo est\u00e1 en posesi\u00f3n de Palito Ortega, su heredero, y suponemos que Luis habr\u00e1 participado m\u00e1s de una vez en charlas familiares sobre el tema\u201d. <\/p>\n\n\n\n<p class=\"wp-block-paragraph\">En tal sentido, alert\u00f3: \u201cResultar\u00eda doblemente doloroso que, so pretexto de una serie, <strong>se mancillara la memoria<\/strong> de la excelente persona que fuera en vida nuestro querido y admirado Carlos Gardel\u201d.<\/p>\n\n\n\n<p class=\"wp-block-paragraph\">\u201cMe ofrezco a asesorar ad-honorem a los realizadores de la serie\u201d, dijo Espina Rawson quien tiempo atr\u00e1s, a trav\u00e9s del centro de estudios que preside, particip\u00f3 en las <strong>instancias judiciales que se promovieron a prop\u00f3sito de la discusi\u00f3n acerca de la nacionalidad de Gardel<\/strong>, pol\u00e9mica en la que se lleg\u00f3 a solicitar la realizaci\u00f3n de estudios de histocompatibilidad gen\u00e9tica entre \u00abel Zorzal\u00bb y su madre.<\/p>\n\n\n\n<p class=\"wp-block-paragraph\">\u201cEvitar que la aparente intenci\u00f3n de homenajear a Gardel, termine resultando un ultraje a su memoria\u201d, concluye el escrito que pone en duda la informaci\u00f3n que manejar\u00e1 la serie dirigida por Luis Ortega sobre el \u201cMorocho del Abasto\u201d.<\/p>\n","protected":false},"excerpt":{"rendered":"<p>Dicen que la informaci\u00f3n sobre la que se fundamentar\u00e1 la serie tiene inexactitudes y \u201cdesconocimiento\u201d.<\/p>\n","protected":false},"author":1,"featured_media":6037,"comment_status":"open","ping_status":"open","sticky":false,"template":"","format":"standard","meta":{"footnotes":""},"categories":[3],"tags":[163,451,32,452,447,111],"class_list":["post-6033","post","type-post","status-publish","format-standard","has-post-thumbnail","hentry","category-noticias","tag-carlos-gardel","tag-enrique-espina-rawson","tag-featured","tag-gardel","tag-luis-ortega","tag-tango"],"_links":{"self":[{"href":"https:\/\/www.fracturaexpuesta.com.ar\/tango\/wp-json\/wp\/v2\/posts\/6033","targetHints":{"allow":["GET"]}}],"collection":[{"href":"https:\/\/www.fracturaexpuesta.com.ar\/tango\/wp-json\/wp\/v2\/posts"}],"about":[{"href":"https:\/\/www.fracturaexpuesta.com.ar\/tango\/wp-json\/wp\/v2\/types\/post"}],"author":[{"embeddable":true,"href":"https:\/\/www.fracturaexpuesta.com.ar\/tango\/wp-json\/wp\/v2\/users\/1"}],"replies":[{"embeddable":true,"href":"https:\/\/www.fracturaexpuesta.com.ar\/tango\/wp-json\/wp\/v2\/comments?post=6033"}],"version-history":[{"count":4,"href":"https:\/\/www.fracturaexpuesta.com.ar\/tango\/wp-json\/wp\/v2\/posts\/6033\/revisions"}],"predecessor-version":[{"id":6039,"href":"https:\/\/www.fracturaexpuesta.com.ar\/tango\/wp-json\/wp\/v2\/posts\/6033\/revisions\/6039"}],"wp:featuredmedia":[{"embeddable":true,"href":"https:\/\/www.fracturaexpuesta.com.ar\/tango\/wp-json\/wp\/v2\/media\/6037"}],"wp:attachment":[{"href":"https:\/\/www.fracturaexpuesta.com.ar\/tango\/wp-json\/wp\/v2\/media?parent=6033"}],"wp:term":[{"taxonomy":"category","embeddable":true,"href":"https:\/\/www.fracturaexpuesta.com.ar\/tango\/wp-json\/wp\/v2\/categories?post=6033"},{"taxonomy":"post_tag","embeddable":true,"href":"https:\/\/www.fracturaexpuesta.com.ar\/tango\/wp-json\/wp\/v2\/tags?post=6033"}],"curies":[{"name":"wp","href":"https:\/\/api.w.org\/{rel}","templated":true}]}}