{"id":6097,"date":"2022-02-24T00:58:33","date_gmt":"2022-02-24T00:58:33","guid":{"rendered":"http:\/\/www.fracturaexpuesta.com.ar\/tango\/?p=6097"},"modified":"2022-02-24T01:25:34","modified_gmt":"2022-02-24T01:25:34","slug":"picadito-de-tango-38-dejar-atras-la-pandemia","status":"publish","type":"post","link":"https:\/\/www.fracturaexpuesta.com.ar\/tango\/picadito-de-tango-38-dejar-atras-la-pandemia\/","title":{"rendered":"Picadito de tango #38: \u00bfdejar atr\u00e1s la pandemia?"},"content":{"rendered":"\n<p class=\"wp-block-paragraph\" style=\"font-size:28px\"><strong><span style=\"color:#ff0004\" class=\"has-inline-color\">D\u2019 Arienzo en guitarras<\/span><\/strong><\/p>\n\n\n\n<p class=\"wp-block-paragraph\">El cantor y guitarrista Juan Villarreal y el guitarrista Patricio No\u00e9 Crom dieron a conocer el disco <em>D\u2019 Arienzo en guitarras<\/em>.<\/p>\n\n\n\n<p class=\"wp-block-paragraph\">El material, el tercero en la historia del d\u00fao, compila esta vez <strong>versiones guitarreras y cantadas del repertorio del legendario director de orquesta<\/strong>. Villarreal y Crom pasean con solidez por una selecci\u00f3n de obras como \u201cTango Brujo\u201d, \u201cPaciencia\u201d o \u201cYa lo ves\u201d.<\/p>\n\n\n\n<p class=\"wp-block-paragraph\">\u201cMaestro Juan D Arienzo, rey del comp\u00e1s, danos a nuestras manos el secreto de tu ritmo. A nuestras guitarras, el fantasma de tu orquesta\u201d, se escucha recitar a Villarreal en tono de oraci\u00f3n.<\/p>\n\n\n\n<p class=\"wp-block-paragraph\">Con invitados como Guido Iacopetti (Sexteto Fantasma), Malamado Tango y Pablo Ramos &amp; Los Herederos del Comp\u00e1s.<\/p>\n\n\n\n<figure class=\"wp-block-embed is-type-video is-provider-youtube wp-block-embed-youtube wp-embed-aspect-4-3 wp-has-aspect-ratio\"><div class=\"wp-block-embed__wrapper\">\n<iframe loading=\"lazy\" title=\"Tango Brujo\" width=\"640\" height=\"480\" src=\"https:\/\/www.youtube.com\/embed\/6AE_9tZ5Cj0?feature=oembed\" frameborder=\"0\" allow=\"accelerometer; autoplay; clipboard-write; encrypted-media; gyroscope; picture-in-picture; web-share\" referrerpolicy=\"strict-origin-when-cross-origin\" allowfullscreen><\/iframe>\n<\/div><figcaption><span class=\"has-inline-color has-cyan-bluish-gray-color\">\u00abTango brujo\u00bb, del nuevo disco de Villarreal y Crom<\/span><\/figcaption><\/figure>\n\n\n\n<p class=\"wp-block-paragraph\" style=\"font-size:28px\"><strong><span style=\"color:#ff0004\" class=\"has-inline-color\">Festival de Tango de Luj\u00e1n<\/span><\/strong><\/p>\n\n\n\n<p class=\"wp-block-paragraph\">A partir del <strong>mi\u00e9rcoles 2 y hasta el domingo 6 de marzo<\/strong> se pondr\u00e1 en marcha la segunda edici\u00f3n de Festival de Tango de Luj\u00e1n.<\/p>\n\n\n\n<p class=\"wp-block-paragraph\">Con entrada gratuita, la propuesta reunir\u00e1 conciertos, pe\u00f1a de tango, pista de baile y proyecciones audiovisuales. Las sedes ser\u00e1n el Cinema Rosso, la pe\u00f1a del Club Argentino, el Museo E. Udaondo y el Teatro Trinidad Guevara.<\/p>\n\n\n\n<p class=\"wp-block-paragraph\">Participar\u00e1n, entre otros, la orquesta Fern\u00e1ndez Fierro, Hugo Pagano Tr\u00edo, Malena Rossi, Mart\u00edn Taboada y el Octeto Atemporal.<\/p>\n\n\n\n<iframe loading=\"lazy\" src=\"https:\/\/www.facebook.com\/plugins\/post.php?href=https%3A%2F%2Fwww.facebook.com%2FFestivaldeTangodeLujan%2Fposts%2F1009637612966399&#038;show_text=false&#038;width=500\" width=\"500\" height=\"498\" style=\"border:none;overflow:hidden\" scrolling=\"no\" frameborder=\"0\" allowfullscreen=\"true\" allow=\"autoplay; clipboard-write; encrypted-media; picture-in-picture; web-share\"><\/iframe>\n\n\n\n<p class=\"wp-block-paragraph\"><\/p>\n\n\n\n<p class=\"wp-block-paragraph\" style=\"font-size:28px\"><strong><span style=\"color:#ff0004\" class=\"has-inline-color\">Comienza el ciclo \u201cBandole\u00f3n\u201d<\/span><\/strong><\/p>\n\n\n\n<p class=\"wp-block-paragraph\">Desde marzo y durante <strong>los segundos s\u00e1bados de cada mes <\/strong>se desarrollar\u00e1 el Ciclo Bandole\u00f3n, una propuesta -bajo producci\u00f3n de la pianista Sara Chara- que presentar\u00e1 en su programaci\u00f3n a diferentes agrupaciones de la escena actual del tango.<\/p>\n\n\n\n<p class=\"wp-block-paragraph\">Los conciertos tendr\u00e1n lugar en <strong>El Alambique<\/strong> (Griveo 2350), en el barrio de Villa Pueyrred\u00f3n, y la grilla abrir\u00e1 el s\u00e1bado 12, desde las 20.30, con el concierto de <strong>Sciammarella Tango<\/strong>, una orquesta multicultural y femenina que congrega a m\u00fasicas de Jap\u00f3n, Corea, Ucrania, Italia, Chile y Argentina.<\/p>\n\n\n\n<figure class=\"wp-block-image size-large\"><img loading=\"lazy\" decoding=\"async\" width=\"1024\" height=\"1024\" src=\"https:\/\/www.fracturaexpuesta.com.ar\/tango\/wp-content\/uploads\/274243946_10224307642471640_4037342103915873185_n-1024x1024.jpg\" alt=\"\" class=\"wp-image-6105\" srcset=\"https:\/\/www.fracturaexpuesta.com.ar\/tango\/wp-content\/uploads\/274243946_10224307642471640_4037342103915873185_n-1024x1024.jpg 1024w, https:\/\/www.fracturaexpuesta.com.ar\/tango\/wp-content\/uploads\/274243946_10224307642471640_4037342103915873185_n-300x300.jpg 300w, https:\/\/www.fracturaexpuesta.com.ar\/tango\/wp-content\/uploads\/274243946_10224307642471640_4037342103915873185_n-150x150.jpg 150w, https:\/\/www.fracturaexpuesta.com.ar\/tango\/wp-content\/uploads\/274243946_10224307642471640_4037342103915873185_n-768x768.jpg 768w, https:\/\/www.fracturaexpuesta.com.ar\/tango\/wp-content\/uploads\/274243946_10224307642471640_4037342103915873185_n-100x100.jpg 100w, https:\/\/www.fracturaexpuesta.com.ar\/tango\/wp-content\/uploads\/274243946_10224307642471640_4037342103915873185_n.jpg 1080w\" sizes=\"auto, (max-width: 1024px) 100vw, 1024px\" \/><figcaption><span class=\"has-inline-color has-cyan-bluish-gray-color\">Bandole\u00f3n, un ciclo de tango que arranca el 12 de marzo<\/span><\/figcaption><\/figure>\n","protected":false},"excerpt":{"rendered":"<p>Nuevos discos junto a ciclos y actividades presenciales. \u00bfVa quedando atr\u00e1s la pandemia para el tango?<\/p>\n","protected":false},"author":1,"featured_media":6104,"comment_status":"open","ping_status":"open","sticky":false,"template":"","format":"standard","meta":{"footnotes":""},"categories":[3],"tags":[457,32,455,453,454,201,456,111],"class_list":["post-6097","post","type-post","status-publish","format-standard","has-post-thumbnail","hentry","category-noticias","tag-ciclo-bandoleon","tag-featured","tag-festival-de-tango-de-lujan","tag-juan-villarreal","tag-patricio-noe-crom","tag-picadito","tag-sara-chara","tag-tango"],"_links":{"self":[{"href":"https:\/\/www.fracturaexpuesta.com.ar\/tango\/wp-json\/wp\/v2\/posts\/6097","targetHints":{"allow":["GET"]}}],"collection":[{"href":"https:\/\/www.fracturaexpuesta.com.ar\/tango\/wp-json\/wp\/v2\/posts"}],"about":[{"href":"https:\/\/www.fracturaexpuesta.com.ar\/tango\/wp-json\/wp\/v2\/types\/post"}],"author":[{"embeddable":true,"href":"https:\/\/www.fracturaexpuesta.com.ar\/tango\/wp-json\/wp\/v2\/users\/1"}],"replies":[{"embeddable":true,"href":"https:\/\/www.fracturaexpuesta.com.ar\/tango\/wp-json\/wp\/v2\/comments?post=6097"}],"version-history":[{"count":9,"href":"https:\/\/www.fracturaexpuesta.com.ar\/tango\/wp-json\/wp\/v2\/posts\/6097\/revisions"}],"predecessor-version":[{"id":6108,"href":"https:\/\/www.fracturaexpuesta.com.ar\/tango\/wp-json\/wp\/v2\/posts\/6097\/revisions\/6108"}],"wp:featuredmedia":[{"embeddable":true,"href":"https:\/\/www.fracturaexpuesta.com.ar\/tango\/wp-json\/wp\/v2\/media\/6104"}],"wp:attachment":[{"href":"https:\/\/www.fracturaexpuesta.com.ar\/tango\/wp-json\/wp\/v2\/media?parent=6097"}],"wp:term":[{"taxonomy":"category","embeddable":true,"href":"https:\/\/www.fracturaexpuesta.com.ar\/tango\/wp-json\/wp\/v2\/categories?post=6097"},{"taxonomy":"post_tag","embeddable":true,"href":"https:\/\/www.fracturaexpuesta.com.ar\/tango\/wp-json\/wp\/v2\/tags?post=6097"}],"curies":[{"name":"wp","href":"https:\/\/api.w.org\/{rel}","templated":true}]}}