{"id":6258,"date":"2022-03-10T17:45:26","date_gmt":"2022-03-10T17:45:26","guid":{"rendered":"http:\/\/www.fracturaexpuesta.com.ar\/tango\/?p=6258"},"modified":"2022-03-10T18:10:34","modified_gmt":"2022-03-10T18:10:34","slug":"la-otra-orilla-la-ilusion-feliz","status":"publish","type":"post","link":"https:\/\/www.fracturaexpuesta.com.ar\/tango\/la-otra-orilla-la-ilusion-feliz\/","title":{"rendered":"La otra orilla: la ilusi\u00f3n feliz"},"content":{"rendered":"\n<p class=\"wp-block-paragraph\">Ya est\u00e1 en el aire de <a href=\"http:\/\/www.fracturaexpuesta.com.ar\/doblearadio\/\" target=\"_blank\" rel=\"noreferrer noopener\" title=\"Doble A | Radio Tango\">Doble A | Radio Tango<\/a> una nueva entrega del micro radial <strong>\u00abLa otra orilla\u00bb<\/strong>, el espacio dedicado a <strong>recorrer y analizar el cancionero popular y tanguero de Uruguay<\/strong>.<\/p>\n\n\n\n<p class=\"wp-block-paragraph\">Conducido por el escritor y letrista <strong>Jos\u00e9 Arenas<\/strong>, el episodio m\u00e1s reciente indaga en <strong>\u00abMaga\u00bb, una obra con letra de Mauricio Rosencof y m\u00fasica de Jaime Roos<\/strong>.<\/p>\n\n\n\n<p class=\"wp-block-paragraph\">\u00abEn Maga los enamorados miran el R\u00edo de la Plata como si contemplaran la grandeza del imposible y, sin embargo, mantuvieran la felicidad de que aquello que sue\u00f1an, les pertenece al menos por un momento\u00bb, dice Arenas sobre una canci\u00f3n recreada a partir de los sonetos que <strong>Rosencof escribi\u00f3 en prisi\u00f3n durante la \u00faltima dictadura uruguaya<\/strong> y que Roos llev\u00f3 m\u00e1s tarde al disco <em>La Margarita<\/em>.<\/p>\n\n\n\n<div class=\"wp-block-image\"><figure class=\"aligncenter size-large is-resized\"><img loading=\"lazy\" decoding=\"async\" src=\"https:\/\/www.fracturaexpuesta.com.ar\/tango\/wp-content\/uploads\/roos-rosencof-717x1024.jpg\" alt=\"\" class=\"wp-image-6260\" width=\"538\" height=\"768\" srcset=\"https:\/\/www.fracturaexpuesta.com.ar\/tango\/wp-content\/uploads\/roos-rosencof-717x1024.jpg 717w, https:\/\/www.fracturaexpuesta.com.ar\/tango\/wp-content\/uploads\/roos-rosencof-210x300.jpg 210w, https:\/\/www.fracturaexpuesta.com.ar\/tango\/wp-content\/uploads\/roos-rosencof-768x1097.jpg 768w, https:\/\/www.fracturaexpuesta.com.ar\/tango\/wp-content\/uploads\/roos-rosencof-1076x1536.jpg 1076w, https:\/\/www.fracturaexpuesta.com.ar\/tango\/wp-content\/uploads\/roos-rosencof.jpg 1434w\" sizes=\"auto, (max-width: 538px) 100vw, 538px\" \/><figcaption><sub>Roos y Rosencof en \u00e9pocas de la grabaci\u00f3n de \u00abLa Margarita\u00bb<\/sub><\/figcaption><\/figure><\/div>\n\n\n\n<p class=\"wp-block-paragraph\">\u00ab<strong>Los poetas del tango siempre han manejado el soneto<\/strong>, por dentro o por fuera de la canci\u00f3n. Celedonio Flores, Enrique Cad\u00edcamo, H\u00e9ctor Negro, Juli\u00e1n Centeya, incluso en algunos tangos de C\u00e1tulo Castillo como <em>Patio m\u00ed<\/em>o\u00bb, dice el escritor uruguayo en La otra orilla. <\/p>\n\n\n\n<p class=\"wp-block-paragraph\">\u00abQuiz\u00e1 sean el soneto y la copla las dos formas po\u00e9ticas que m\u00e1s tiempo hayan pasado en el inconsciente popular col\u00e1ndose en la poes\u00eda a lo largo del tiempo con m\u00e1s facilidad\u00bb, contin\u00faa.<\/p>\n\n\n\n<p class=\"wp-block-paragraph\">Y agrega finalmente sobre el texto que musicaliza Roos: \u00abLejos de la invierner\u00eda nost\u00e1lgica, la foto que se construye desborda sol, ilusi\u00f3n (&#8230;) <strong>el hechizo y la fantas\u00eda son mucho mejores que la realidad<\/strong>\u00ab. <\/p>\n\n\n\n<p class=\"wp-block-paragraph\"><strong><em>Escuch\u00e1 el cap\u00edtulo \u00abMaga\u00bb de La otra orilla:<\/em><\/strong><\/p>\n\n\n\n<iframe loading=\"lazy\" width=\"600\" height=\"355\" src=\"https:\/\/www.youtube.com\/embed\/xqxp2ebSdlI\" title=\"YouTube video player\" frameborder=\"0\" allow=\"accelerometer; autoplay; clipboard-write; encrypted-media; gyroscope; picture-in-picture\" allowfullscreen><\/iframe>\n","protected":false},"excerpt":{"rendered":"<p>Jos\u00e9 Arenas se adentra en el universo de \u00abMaga\u00bb, de Mauricio Rosencof y Jaime Roos. Escuchalo en Doble A, la radio online de Fractura Expuesta.<\/p>\n","protected":false},"author":1,"featured_media":6259,"comment_status":"open","ping_status":"open","sticky":false,"template":"","format":"standard","meta":{"footnotes":""},"categories":[298],"tags":[292,319,32,348,299,300,332],"class_list":["post-6258","post","type-post","status-publish","format-standard","has-post-thumbnail","hentry","category-doble-a","tag-doble-a","tag-doblearadio","tag-featured","tag-jaime-ross","tag-jose-arenas","tag-la-otra-orilla","tag-uruguay"],"_links":{"self":[{"href":"https:\/\/www.fracturaexpuesta.com.ar\/tango\/wp-json\/wp\/v2\/posts\/6258","targetHints":{"allow":["GET"]}}],"collection":[{"href":"https:\/\/www.fracturaexpuesta.com.ar\/tango\/wp-json\/wp\/v2\/posts"}],"about":[{"href":"https:\/\/www.fracturaexpuesta.com.ar\/tango\/wp-json\/wp\/v2\/types\/post"}],"author":[{"embeddable":true,"href":"https:\/\/www.fracturaexpuesta.com.ar\/tango\/wp-json\/wp\/v2\/users\/1"}],"replies":[{"embeddable":true,"href":"https:\/\/www.fracturaexpuesta.com.ar\/tango\/wp-json\/wp\/v2\/comments?post=6258"}],"version-history":[{"count":10,"href":"https:\/\/www.fracturaexpuesta.com.ar\/tango\/wp-json\/wp\/v2\/posts\/6258\/revisions"}],"predecessor-version":[{"id":6271,"href":"https:\/\/www.fracturaexpuesta.com.ar\/tango\/wp-json\/wp\/v2\/posts\/6258\/revisions\/6271"}],"wp:featuredmedia":[{"embeddable":true,"href":"https:\/\/www.fracturaexpuesta.com.ar\/tango\/wp-json\/wp\/v2\/media\/6259"}],"wp:attachment":[{"href":"https:\/\/www.fracturaexpuesta.com.ar\/tango\/wp-json\/wp\/v2\/media?parent=6258"}],"wp:term":[{"taxonomy":"category","embeddable":true,"href":"https:\/\/www.fracturaexpuesta.com.ar\/tango\/wp-json\/wp\/v2\/categories?post=6258"},{"taxonomy":"post_tag","embeddable":true,"href":"https:\/\/www.fracturaexpuesta.com.ar\/tango\/wp-json\/wp\/v2\/tags?post=6258"}],"curies":[{"name":"wp","href":"https:\/\/api.w.org\/{rel}","templated":true}]}}