{"id":6320,"date":"2022-03-22T21:05:31","date_gmt":"2022-03-22T21:05:31","guid":{"rendered":"http:\/\/www.fracturaexpuesta.com.ar\/tango\/?p=6320"},"modified":"2022-03-23T02:12:41","modified_gmt":"2022-03-23T02:12:41","slug":"jose-arenas-los-artistas-y-grupos-que-surgen-hoy-quieren-dar-su-vision-del-tango","status":"publish","type":"post","link":"https:\/\/www.fracturaexpuesta.com.ar\/tango\/jose-arenas-los-artistas-y-grupos-que-surgen-hoy-quieren-dar-su-vision-del-tango\/","title":{"rendered":"Jos\u00e9 Arenas: \u201cLos artistas y grupos que surgen hoy quieren dar su visi\u00f3n del tango\u201d"},"content":{"rendered":"\n<p class=\"wp-block-paragraph\">El escritor, poeta y letrista uruguayo Jos\u00e9 Arenas, dialog\u00f3 con <a href=\"http:\/\/www.fracturaexpuesta.com.ar\/doblearadio\/\" target=\"_blank\" rel=\"noreferrer noopener\" title=\"Doble A | Radio Tango\"><em>Doble A | Radio Tango<\/em><\/a> en una entrevista que recorri\u00f3 temas como la escritura, el panorama actual del tango en Uruguay y las formas del amor.<\/p>\n\n\n\n<p class=\"has-text-color wp-block-paragraph\" style=\"color:#ff0000;font-size:28px\"><strong>La tarea de escribir<\/strong><\/p>\n\n\n\n<p class=\"wp-block-paragraph\">\u201cLa letr\u00edstica es un disciplina en s\u00ed misma, necesita herramientas y una metodolog\u00eda que es bastante distinta que la de escribir un poema. La letra tiene su propio universo, es aquella forma po\u00e9tica que va a ser cantada, que va a tener una m\u00fasica. Es todo un proceso\u201d, explic\u00f3 Jos\u00e9 en la charla que mantuvo con Maxi Senkiw en el espacio de la <em>Victrola Ciclot\u00edmica<\/em>.<\/p>\n\n\n\n<p class=\"wp-block-paragraph\">\u201cNo podr\u00eda vivir sin escribir. <strong>Podr\u00eda hacer de todo pero lo que quiero es estar escribiendo<\/strong>. Hago performance, act\u00fao, doy clases o talleres pero si tengo que elegir una cosa, quiero estar en mi casa escribiendo\u201d, agreg\u00f3 el autor de libros -de poes\u00eda ,ensayos y narrativa- como <em>Fueye hembra<\/em>, <em>Papeles suizos<\/em> y <em>Maricas muertas<\/em>, entre otros.<\/p>\n\n\n\n<figure class=\"wp-block-image size-full\"><img loading=\"lazy\" decoding=\"async\" width=\"960\" height=\"540\" src=\"https:\/\/www.fracturaexpuesta.com.ar\/tango\/wp-content\/uploads\/24131268_10210962555768115_3881253723056333911_n.jpg\" alt=\"\" class=\"wp-image-6330\" srcset=\"https:\/\/www.fracturaexpuesta.com.ar\/tango\/wp-content\/uploads\/24131268_10210962555768115_3881253723056333911_n.jpg 960w, https:\/\/www.fracturaexpuesta.com.ar\/tango\/wp-content\/uploads\/24131268_10210962555768115_3881253723056333911_n-300x169.jpg 300w, https:\/\/www.fracturaexpuesta.com.ar\/tango\/wp-content\/uploads\/24131268_10210962555768115_3881253723056333911_n-768x432.jpg 768w\" sizes=\"auto, (max-width: 960px) 100vw, 960px\" \/><figcaption><sub><em><sup>\u00abCreo en el amor concreto, en lo peque\u00f1o del amor, no en el amor como un especie de entidad\u00bb<\/sup><\/em><\/sub><\/figcaption><\/figure>\n\n\n\n<p class=\"has-text-color wp-block-paragraph\" style=\"color:#ff0000;font-size:28px\"><strong>El presente del tango en Uruguay<\/strong><\/p>\n\n\n\n<p class=\"wp-block-paragraph\">\u201c<strong>El panorama del tango en Uruguay ha crecido enormemente<\/strong>, a diferencia de hace 10 a\u00f1os atr\u00e1s. Fueron apareciendo m\u00fasicos y cantantes j\u00f3venes que han decidido hacer tango nuevo, sus propios tangos. Hay una gran cantidad de gente haciendo sus reversiones o sus obras. Eso es algo que me deja muy contento\u201d, celebr\u00f3 Arenas.<\/p>\n\n\n\n<blockquote class=\"wp-block-quote is-layout-flow wp-block-quote-is-layout-flow\"><p><em>Escuch\u00e1 <a href=\"http:\/\/www.fracturaexpuesta.com.ar\/doblearadio\/\" target=\"_blank\" rel=\"noreferrer noopener\" title=\"Doble A\">Doble A<\/a>, la radio online de tango de Fractura Expuesta<\/em><\/p><\/blockquote>\n\n\n\n<p class=\"wp-block-paragraph\">Y agreg\u00f3 sobre la escena tanguera en Uruguay: \u201c<strong>Creo que todos los artistas y grupos que surgen hoy quieren dar su visi\u00f3n del tango. Y se forma una paleta muy interesante<\/strong>. Hay estilos que toman hasta escuelas que son contempor\u00e1neas. Por ejemplo, est\u00e1 el grupo <em>Sin Palabras<\/em> que trabajan el perfil arregl\u00edstico de Juli\u00e1n Peralta. Y otros que encaran la l\u00ednea del Tata Cedr\u00f3n, Agust\u00edn Guerrero o Ramiro Gallo\u201d.<\/p>\n\n\n\n<p class=\"has-text-color wp-block-paragraph\" style=\"color:#ff0000;font-size:28px\"><strong>Expandir la forma amor<\/strong><\/p>\n\n\n\n<p class=\"wp-block-paragraph\">Consultado por uno de los temas de su obra, Jos\u00e9 Arenas habl\u00f3 sobre su modo de entender el amor. \u201cCreo en <strong>el amor concreto, en lo peque\u00f1o del amor, no en el amor como un especie de entidad<\/strong>. Foucault hablaba de micropol\u00edtica y al amor lo pienso as\u00ed, como los microgestos que podemos llenar de una buena energ\u00eda amorosa, comprometida y delicada para poder mejorar una \u00e9poca. Son peque\u00f1os gestos como bancar un amigo. Gestos de esa dimensi\u00f3n micro que hacen que una sociedad pueda ir luego hacia un cambio ya m\u00e1s grande. Ese es el amor que me interesa\u201d.<\/p>\n\n\n\n<p class=\"wp-block-paragraph\"><strong>Escuch\u00e1 la entrevista completa a Jos\u00e9 Arenas:<\/strong><\/p>\n\n\n\n<figure class=\"wp-block-embed is-type-video is-provider-youtube wp-block-embed-youtube wp-embed-aspect-16-9 wp-has-aspect-ratio\"><div class=\"wp-block-embed__wrapper\">\n<iframe loading=\"lazy\" title=\"\ud83d\udd08 Entrevista a Jos\u00e9 Arenas en \ud83d\udcdf Doble A | Radio Tango\" width=\"640\" height=\"360\" src=\"https:\/\/www.youtube.com\/embed\/S3Ezf_ZVUsg?feature=oembed\" frameborder=\"0\" allow=\"accelerometer; autoplay; clipboard-write; encrypted-media; gyroscope; picture-in-picture; web-share\" referrerpolicy=\"strict-origin-when-cross-origin\" allowfullscreen><\/iframe>\n<\/div><\/figure>\n\n\n\n<p class=\"wp-block-paragraph\"><\/p>\n\n\n\n<p class=\"wp-block-paragraph\"><\/p>\n","protected":false},"excerpt":{"rendered":"<p>En una entrevista con Doble A, el escritor uruguayo habl\u00f3 de la escena del tango en su pa\u00eds, el trabajo literario y el amor.<\/p>\n","protected":false},"author":1,"featured_media":6327,"comment_status":"open","ping_status":"open","sticky":false,"template":"","format":"standard","meta":{"footnotes":""},"categories":[298,3],"tags":[407,319,32,299,177,300,111,332],"class_list":["post-6320","post","type-post","status-publish","format-standard","has-post-thumbnail","hentry","category-doble-a","category-noticias","tag-agustin-guerrero","tag-doblearadio","tag-featured","tag-jose-arenas","tag-julian-peralta","tag-la-otra-orilla","tag-tango","tag-uruguay"],"_links":{"self":[{"href":"https:\/\/www.fracturaexpuesta.com.ar\/tango\/wp-json\/wp\/v2\/posts\/6320","targetHints":{"allow":["GET"]}}],"collection":[{"href":"https:\/\/www.fracturaexpuesta.com.ar\/tango\/wp-json\/wp\/v2\/posts"}],"about":[{"href":"https:\/\/www.fracturaexpuesta.com.ar\/tango\/wp-json\/wp\/v2\/types\/post"}],"author":[{"embeddable":true,"href":"https:\/\/www.fracturaexpuesta.com.ar\/tango\/wp-json\/wp\/v2\/users\/1"}],"replies":[{"embeddable":true,"href":"https:\/\/www.fracturaexpuesta.com.ar\/tango\/wp-json\/wp\/v2\/comments?post=6320"}],"version-history":[{"count":14,"href":"https:\/\/www.fracturaexpuesta.com.ar\/tango\/wp-json\/wp\/v2\/posts\/6320\/revisions"}],"predecessor-version":[{"id":6336,"href":"https:\/\/www.fracturaexpuesta.com.ar\/tango\/wp-json\/wp\/v2\/posts\/6320\/revisions\/6336"}],"wp:featuredmedia":[{"embeddable":true,"href":"https:\/\/www.fracturaexpuesta.com.ar\/tango\/wp-json\/wp\/v2\/media\/6327"}],"wp:attachment":[{"href":"https:\/\/www.fracturaexpuesta.com.ar\/tango\/wp-json\/wp\/v2\/media?parent=6320"}],"wp:term":[{"taxonomy":"category","embeddable":true,"href":"https:\/\/www.fracturaexpuesta.com.ar\/tango\/wp-json\/wp\/v2\/categories?post=6320"},{"taxonomy":"post_tag","embeddable":true,"href":"https:\/\/www.fracturaexpuesta.com.ar\/tango\/wp-json\/wp\/v2\/tags?post=6320"}],"curies":[{"name":"wp","href":"https:\/\/api.w.org\/{rel}","templated":true}]}}