{"id":6433,"date":"2022-04-06T01:54:38","date_gmt":"2022-04-06T01:54:38","guid":{"rendered":"https:\/\/www.fracturaexpuesta.com.ar\/tango\/?p=6433"},"modified":"2022-04-06T02:05:25","modified_gmt":"2022-04-06T02:05:25","slug":"picadito-de-tango-39-cucha","status":"publish","type":"post","link":"https:\/\/www.fracturaexpuesta.com.ar\/tango\/picadito-de-tango-39-cucha\/","title":{"rendered":"Picadito de tango #39: cuch\u00e1!"},"content":{"rendered":"\n<p class=\"has-text-color wp-block-paragraph\" style=\"color:#ff0000;font-size:28px\"><strong>Tangos desde el borde<\/strong><\/p>\n\n\n\n<p class=\"wp-block-paragraph\">Con el lanzamiento de los temas que integran <em>Visionarias<\/em>, el sexteto La vagabunda dio a conocer la primera entrega de lo que ser\u00e1 <strong>su segundo disco<\/strong>. El material total estar\u00e1 formado por cuatro EPs-cap\u00edtulos (<em>Visionarias, Invisibles, Deja Vu y Revisiones<\/em>) que se presentar\u00e1n en plataformas digitales a lo largo de 2022.<\/p>\n\n\n\n<p class=\"wp-block-paragraph\">Lo nuevo de La Vagabunda busca \u201cregistrar en palabras y sonidos aquellos temas y personajes que han sido relegados a los bordes. \u00bfBordes de qu\u00e9? De la sociedad, de la historia, de la tradici\u00f3n, de la vida, de la memoria, de lo narrable\u201d.<\/p>\n\n\n\n<p class=\"wp-block-paragraph\">El primer EP, <em>Visionarias<\/em>, presenta a <strong>figuras femeninas pioneras <\/strong>en el proceso de empoderamiento y transformaci\u00f3n de los derechos y libertades de las mujeres. Las canciones que lo integran son \u201cEst\u00e1n lloviendo mujeres\u201d (Wilson Saliwonczyk &#8211; CintiaTrigo) y \u201cTu negra sombra\u201d (Cintia Trigo &#8211; Elbi Olalla).<\/p>\n\n\n\n<p class=\"wp-block-paragraph\"><strong>Escuch\u00e1 \u201cTu sombra negra\u201d de La Vagabunda:<\/strong><\/p>\n\n\n\n<iframe loading=\"lazy\" width=\"600\" height=\"355\" src=\"https:\/\/www.youtube.com\/embed\/NXw45dUZelE\" title=\"YouTube video player\" frameborder=\"0\" allow=\"accelerometer; autoplay; clipboard-write; encrypted-media; gyroscope; picture-in-picture\" allowfullscreen=\"\"><\/iframe>\n\n\n\n<p class=\"wp-block-paragraph\"><\/p>\n\n\n\n<p class=\"has-text-color wp-block-paragraph\" style=\"color:#ff0000;font-size:28px\"><strong>\u201cEste \u00e1lbum es el m\u00e1s profundo y personal\u201d<\/strong><\/p>\n\n\n\n<p class=\"wp-block-paragraph\">El cantante Hern\u00e1n Lucero edit\u00f3 <em>Las noches que han pasado<\/em>, su octavo disco.<\/p>\n\n\n\n<p class=\"wp-block-paragraph\">\u201cEste \u00e1lbum es el m\u00e1s profundo y personal de mi carrera. <strong>El int\u00e9rprete vuelve a convivir con el autor y con el compositor, despu\u00e9s de casi 10 a\u00f1os sin grabar temas propios<\/strong>. Sigo considerando que el tango es un est\u00e9tica desde la cual abrazar toda la canci\u00f3n de mi \u00e9poca\u201d, cuenta Lucero sobre su nueva producci\u00f3n.<\/p>\n\n\n\n<p class=\"wp-block-paragraph\">El material re\u00fane canciones propias y otras en colaboraci\u00f3n con artistas como Pedro Mairal, Tute y Max Aguirre. Junto a ellos tambi\u00e9n aparecen artistas invitadas como las cantautoras Luciana Jury y Charo Bogar\u00edn.<\/p>\n\n\n\n<p class=\"wp-block-paragraph\">\u201cLas nuevas canciones intentan <strong>contar las historias de Buenos Aires y su gente<\/strong>: las nuevas y viejas formas de amar, de luchar por la felicidad, el agobio y la asfixia de los d\u00edas de encierro, la fantas\u00eda de vivir otras vidas en otros tiempos y en otros lugares\u201d, agrega Lucero sobre <em>Las noches que han pasado<\/em>.<\/p>\n\n\n\n<p class=\"wp-block-paragraph\"><strong>Escuch\u00e1 <em>Las noches que han pasado<\/em> de Hern\u00e1n Lucero:<\/strong><\/p>\n\n\n\n<iframe loading=\"lazy\" style=\"border-radius:12px\" src=\"https:\/\/open.spotify.com\/embed\/album\/7uvaQTAlaUI2vINC7Ed6BK?utm_source=generator\" width=\"100%\" height=\"380\" frameborder=\"0\" allowfullscreen=\"\" allow=\"autoplay; clipboard-write; encrypted-media; fullscreen; picture-in-picture\"><\/iframe>\n\n\n\n<p class=\"wp-block-paragraph\"><\/p>\n\n\n\n<p class=\"has-text-color wp-block-paragraph\" style=\"color:#ff0000;font-size:28px\"><strong>Bestiario sonoro<\/strong><\/p>\n\n\n\n<p class=\"wp-block-paragraph\">Bombay Bs As, el grupo de guitarras y cantor, public\u00f3 en plataformas musicales <em><strong>Noche herida<\/strong><\/em>, nuevo disco integrado, como ya es habitual, por obras propias.<\/p>\n\n\n\n<p class=\"wp-block-paragraph\">Reconocido por su <strong>singular sello sonoro y po\u00e9tico<\/strong>, Bombay Bs As presenta un material que re\u00fane \u201cun compendio de mitos y leyendas urbanas con \u00e9pica lunfarda\u201d, cuentan desde el grupo.<\/p>\n\n\n\n<p class=\"wp-block-paragraph\">\u201cEs un mapa de catastro del derrotero laber\u00edntico trazado por <strong>personajes fantasmag\u00f3ricos, trasnochados y taciturnos que deambulan por las orillas de la gran ciudad<\/strong>. Oraciones paganas que musicalizan un bestiario sonoro grabado como cicatrices en la piel del asfalto\u00bb, agregan en Bombay Bs As sobre el ambiente del disco.<\/p>\n\n\n\n<p class=\"wp-block-paragraph\"><strong>Escuch\u00e1 <em>Noche herida<\/em> de Bombay Bs As:<\/strong><\/p>\n\n\n\n<iframe loading=\"lazy\" width=\"600\" height=\"355\" src=\"https:\/\/www.youtube.com\/embed\/TMjb4Res4Qk\" title=\"YouTube video player\" frameborder=\"0\" allow=\"accelerometer; autoplay; clipboard-write; encrypted-media; gyroscope; picture-in-picture\" allowfullscreen=\"\"><\/iframe>\n\n\n\n<p class=\"wp-block-paragraph\"><\/p>\n\n\n\n<p class=\"wp-block-paragraph\"><\/p>\n","protected":false},"excerpt":{"rendered":"<p>Tres lanzamientos de discos. La vagabunda, Hern\u00e1n Lucero y Bombay Bs As presentan nuevo material.<\/p>\n","protected":false},"author":1,"featured_media":6434,"comment_status":"open","ping_status":"open","sticky":false,"template":"","format":"standard","meta":{"footnotes":""},"categories":[3],"tags":[199,32,461,144,201],"class_list":["post-6433","post","type-post","status-publish","format-standard","has-post-thumbnail","hentry","category-noticias","tag-bombay-buenos-aires","tag-featured","tag-hernan-lucero","tag-la-vagabunda","tag-picadito"],"_links":{"self":[{"href":"https:\/\/www.fracturaexpuesta.com.ar\/tango\/wp-json\/wp\/v2\/posts\/6433","targetHints":{"allow":["GET"]}}],"collection":[{"href":"https:\/\/www.fracturaexpuesta.com.ar\/tango\/wp-json\/wp\/v2\/posts"}],"about":[{"href":"https:\/\/www.fracturaexpuesta.com.ar\/tango\/wp-json\/wp\/v2\/types\/post"}],"author":[{"embeddable":true,"href":"https:\/\/www.fracturaexpuesta.com.ar\/tango\/wp-json\/wp\/v2\/users\/1"}],"replies":[{"embeddable":true,"href":"https:\/\/www.fracturaexpuesta.com.ar\/tango\/wp-json\/wp\/v2\/comments?post=6433"}],"version-history":[{"count":3,"href":"https:\/\/www.fracturaexpuesta.com.ar\/tango\/wp-json\/wp\/v2\/posts\/6433\/revisions"}],"predecessor-version":[{"id":6438,"href":"https:\/\/www.fracturaexpuesta.com.ar\/tango\/wp-json\/wp\/v2\/posts\/6433\/revisions\/6438"}],"wp:featuredmedia":[{"embeddable":true,"href":"https:\/\/www.fracturaexpuesta.com.ar\/tango\/wp-json\/wp\/v2\/media\/6434"}],"wp:attachment":[{"href":"https:\/\/www.fracturaexpuesta.com.ar\/tango\/wp-json\/wp\/v2\/media?parent=6433"}],"wp:term":[{"taxonomy":"category","embeddable":true,"href":"https:\/\/www.fracturaexpuesta.com.ar\/tango\/wp-json\/wp\/v2\/categories?post=6433"},{"taxonomy":"post_tag","embeddable":true,"href":"https:\/\/www.fracturaexpuesta.com.ar\/tango\/wp-json\/wp\/v2\/tags?post=6433"}],"curies":[{"name":"wp","href":"https:\/\/api.w.org\/{rel}","templated":true}]}}