{"id":6591,"date":"2022-05-01T21:43:07","date_gmt":"2022-05-01T21:43:07","guid":{"rendered":"https:\/\/www.fracturaexpuesta.com.ar\/tango\/?p=6591"},"modified":"2022-05-02T01:44:55","modified_gmt":"2022-05-02T01:44:55","slug":"murio-juan-vattuone-el-cantor-de-las-alegrias-los-fangales-y-las-injusticias","status":"publish","type":"post","link":"https:\/\/www.fracturaexpuesta.com.ar\/tango\/murio-juan-vattuone-el-cantor-de-las-alegrias-los-fangales-y-las-injusticias\/","title":{"rendered":"Muri\u00f3 Juan Vattuone, el cantor necesario para una vida mejor"},"content":{"rendered":"\n<p class=\"wp-block-paragraph\">El m\u00fasico, cantor, actor y compositor de tango Juan Vattuone <strong>falleci\u00f3 este domingo a los 73 a\u00f1os<\/strong>, seg\u00fan informaron sus hijas. <\/p>\n\n\n\n<p class=\"wp-block-paragraph\">El artista, de amplia trayectoria y con una de las improntas m\u00e1s genuinas en el circuito tanguero, fue hallado sin vida en su domicilio.<\/p>\n\n\n\n<p class=\"wp-block-paragraph\">Vattuone, que se iba a presentar en pocos d\u00edas con su actual espect\u00e1culo \u00abComi\u00f3 Man\u00ed\u00bb, se hab\u00eda reincorporado a los escenarios <strong>luego de atravesar distintos episodios de salud<\/strong>. Hab\u00eda sufrido la amputaci\u00f3n de un pie y llevaba adelante un tratamiento de di\u00e1lisis.<\/p>\n\n\n\n<p class=\"wp-block-paragraph\">\u00abUn <strong>hombre feliz, un gran artista popular argentino<\/strong>\u00ab, resumi\u00f3 Anita, una de sus hijas, al dar conocer el fallecimiento de su padre.<\/p>\n\n\n\n<figure class=\"wp-block-image size-full\"><img loading=\"lazy\" decoding=\"async\" width=\"960\" height=\"634\" src=\"https:\/\/www.fracturaexpuesta.com.ar\/tango\/wp-content\/uploads\/juan-vattuone-tango.jpg\" alt=\"\" class=\"wp-image-5445\" srcset=\"https:\/\/www.fracturaexpuesta.com.ar\/tango\/wp-content\/uploads\/juan-vattuone-tango.jpg 960w, https:\/\/www.fracturaexpuesta.com.ar\/tango\/wp-content\/uploads\/juan-vattuone-tango-300x198.jpg 300w, https:\/\/www.fracturaexpuesta.com.ar\/tango\/wp-content\/uploads\/juan-vattuone-tango-768x507.jpg 768w\" sizes=\"auto, (max-width: 960px) 100vw, 960px\" \/><figcaption><sup><em>\u00abNosotros somos los tipos que so\u00f1amos despiertos\u00bb, dec\u00eda el artista.<\/em><\/sup><\/figcaption><\/figure>\n\n\n\n<p class=\"wp-block-paragraph\"><\/p>\n\n\n\n<p class=\"wp-block-paragraph\"><strong>A contrapelo de la figura estereotipada del tanguero<\/strong> compadr\u00f3n y presumido, el arte de Vattuone convocaba a las emociones esenciales y sustanciosas. El afecto, el coraz\u00f3n al frente, la empat\u00eda y la solidaridad eran moneda corriente en la obra de <strong>un artista ensamblado a la mec\u00e1nica popular y atento a las injusticias estructurales.<\/strong><\/p>\n\n\n\n<p class=\"has-text-align-center wp-block-paragraph\" style=\"font-size:28px\"><strong><em>\u00abHe sido un poco resistido en los medios de tango por decir lo que digo, por cantar lo que canto\u00bb<\/em><\/strong><\/p>\n\n\n\n<p class=\"wp-block-paragraph\">Con sus letras, el autor de temas como \u00abEl yuta Lorenzo\u00bb, \u00abNi olvido ni perd\u00f3n\u00bb, \u00abTierra Negra\u00bb o \u00abAmalia, la de Malabia\u00bb, coloc\u00f3 la mirada sobre paisajes, personajes y desventuras que ampliaron el horizonte de los temas tratados por el tango.<\/p>\n\n\n\n<p class=\"wp-block-paragraph\">\u00abHe sido un poco resistido en los medios de tango por decir lo que digo, por cantar lo que canto y por las letras que escribo\u00bb, sosten\u00eda Vattuone en el programa de radio <em>Fractura Expuesta<\/em>.<\/p>\n\n\n\n<p class=\"wp-block-paragraph\">\u00abSoy del R\u00edo de la Plata, no me jacto ni me rindo\u00bb, cantaba adem\u00e1s el artista en el mencionado espacio radial. Y as\u00ed anduvo, sin rendirse a pesar de los obst\u00e1culos que le antepuso la vida.<\/p>\n\n\n\n<iframe loading=\"lazy\" width=\"560\" height=\"315\" src=\"https:\/\/www.youtube.com\/embed\/Jwl6ZeowqTE\" title=\"YouTube video player\" frameborder=\"0\" allow=\"accelerometer; autoplay; clipboard-write; encrypted-media; gyroscope; picture-in-picture\" allowfullscreen><\/iframe>\n\n\n\n<p class=\"wp-block-paragraph\"><\/p>\n\n\n\n<p class=\"wp-block-paragraph\">Luego de su recuperaci\u00f3n, Vattuone decidi\u00f3 volver a los concietos con un espect\u00e1culo al que denomin\u00f3 \u00abEl regreso\u00bb. En esa ocasi\u00f3n, el cantor habl\u00f3 de un \u00abtiempo complicado en el que <strong>un mont\u00f3n de gente me fue apoyando<\/strong>, empujando, ayudando a que salga a flote\u00bb. <\/p>\n\n\n\n<p class=\"wp-block-paragraph\">Sin perder nunca su fortaleza de vida, Vattuone dec\u00eda: \u00abVuelvo con la misma fe, con el mismo humor y alegr\u00eda que me da tener a grandes artistas amigos que me ayudan a sobrevivir y a gozar\u00bb.<\/p>\n\n\n\n<p class=\"wp-block-paragraph\">\u00abNosotros somos los tipos que so\u00f1amos despiertos porque so\u00f1ar dormido sue\u00f1a cualquiera\u00bb, afirmaba el cantor argentino con su habitual sentido del humor .<\/p>\n\n\n\n<p class=\"wp-block-paragraph\">Juan Vattuone, el que so\u00f1\u00f3 los tangos desde el coraz\u00f3n y cant\u00f3 a los fangales y las alegr\u00edas. El cantor necesario para una vida mejor.<\/p>\n\n\n\n<p class=\"wp-block-paragraph\"><strong>Vattuone canta \u00abSos Gardel\u00bb:<\/strong><\/p>\n\n\n\n<figure class=\"wp-block-embed is-type-rich is-provider-gestor-del-servicio wp-block-embed-gestor-del-servicio wp-embed-aspect-16-9 wp-has-aspect-ratio\"><div class=\"wp-block-embed__wrapper\">\n<iframe loading=\"lazy\" title=\"Sos Gardel - Juan Vattuone\" width=\"640\" height=\"360\" src=\"https:\/\/www.youtube.com\/embed\/vmA-AsyWv_E?feature=oembed\" frameborder=\"0\" allow=\"accelerometer; autoplay; clipboard-write; encrypted-media; gyroscope; picture-in-picture; web-share\" referrerpolicy=\"strict-origin-when-cross-origin\" allowfullscreen><\/iframe>\n<\/div><\/figure>\n\n\n\n<p class=\"wp-block-paragraph\"><\/p>\n\n\n\n<p class=\"wp-block-paragraph\"><strong>Juan Vattuone canta \u00abSoy del R\u00edo de la Plata\u00bb, en <em>Fractura Expuesta Radio Tango<\/em> (2010):<\/strong><\/p>\n\n\n\n<figure class=\"wp-block-embed is-type-rich is-provider-gestor-del-servicio wp-block-embed-gestor-del-servicio wp-embed-aspect-4-3 wp-has-aspect-ratio\"><div class=\"wp-block-embed__wrapper\">\n<iframe loading=\"lazy\" title=\"Juan Vattuone - Soy del R\u00edo de la Plata - Fractura Expuesta Radio Tango\" width=\"640\" height=\"480\" src=\"https:\/\/www.youtube.com\/embed\/0TmfsL3Yv-Y?feature=oembed\" frameborder=\"0\" allow=\"accelerometer; autoplay; clipboard-write; encrypted-media; gyroscope; picture-in-picture; web-share\" referrerpolicy=\"strict-origin-when-cross-origin\" allowfullscreen><\/iframe>\n<\/div><\/figure>\n","protected":false},"excerpt":{"rendered":"<p>El cantor y compositor de tango, uno de los m\u00e1s originales, falleci\u00f3 a los 73 a\u00f1os.<\/p>\n","protected":false},"author":1,"featured_media":6592,"comment_status":"open","ping_status":"open","sticky":false,"template":"","format":"standard","meta":{"footnotes":""},"categories":[3],"tags":[32,146],"class_list":["post-6591","post","type-post","status-publish","format-standard","has-post-thumbnail","hentry","category-noticias","tag-featured","tag-juan-vattuone"],"_links":{"self":[{"href":"https:\/\/www.fracturaexpuesta.com.ar\/tango\/wp-json\/wp\/v2\/posts\/6591","targetHints":{"allow":["GET"]}}],"collection":[{"href":"https:\/\/www.fracturaexpuesta.com.ar\/tango\/wp-json\/wp\/v2\/posts"}],"about":[{"href":"https:\/\/www.fracturaexpuesta.com.ar\/tango\/wp-json\/wp\/v2\/types\/post"}],"author":[{"embeddable":true,"href":"https:\/\/www.fracturaexpuesta.com.ar\/tango\/wp-json\/wp\/v2\/users\/1"}],"replies":[{"embeddable":true,"href":"https:\/\/www.fracturaexpuesta.com.ar\/tango\/wp-json\/wp\/v2\/comments?post=6591"}],"version-history":[{"count":20,"href":"https:\/\/www.fracturaexpuesta.com.ar\/tango\/wp-json\/wp\/v2\/posts\/6591\/revisions"}],"predecessor-version":[{"id":6629,"href":"https:\/\/www.fracturaexpuesta.com.ar\/tango\/wp-json\/wp\/v2\/posts\/6591\/revisions\/6629"}],"wp:featuredmedia":[{"embeddable":true,"href":"https:\/\/www.fracturaexpuesta.com.ar\/tango\/wp-json\/wp\/v2\/media\/6592"}],"wp:attachment":[{"href":"https:\/\/www.fracturaexpuesta.com.ar\/tango\/wp-json\/wp\/v2\/media?parent=6591"}],"wp:term":[{"taxonomy":"category","embeddable":true,"href":"https:\/\/www.fracturaexpuesta.com.ar\/tango\/wp-json\/wp\/v2\/categories?post=6591"},{"taxonomy":"post_tag","embeddable":true,"href":"https:\/\/www.fracturaexpuesta.com.ar\/tango\/wp-json\/wp\/v2\/tags?post=6591"}],"curies":[{"name":"wp","href":"https:\/\/api.w.org\/{rel}","templated":true}]}}