{"id":6736,"date":"2022-05-20T14:22:11","date_gmt":"2022-05-20T14:22:11","guid":{"rendered":"https:\/\/www.fracturaexpuesta.com.ar\/tango\/?p=6736"},"modified":"2022-05-25T21:14:04","modified_gmt":"2022-05-25T21:14:04","slug":"julieta-laso-elijo-las-canciones-que-me-liberan-de-mi","status":"publish","type":"post","link":"https:\/\/www.fracturaexpuesta.com.ar\/tango\/julieta-laso-elijo-las-canciones-que-me-liberan-de-mi\/","title":{"rendered":"Julieta Laso: \u201cElijo las canciones que me liberan de m\u00ed\u201d"},"content":{"rendered":"\n<p class=\"wp-block-paragraph\">Cuando Julieta Laso se despidi\u00f3 de la Fern\u00e1ndez Fierro se prometieron con Yuri Venturin &nbsp;-contrabajista de la orquesta- grabar un disco. Ese disco finalmente lleg\u00f3 y es <em><strong>Cabeza Negra<\/strong><\/em>. Estar\u00e1 disponible en plataformas el pr\u00f3ximo 3 de junio.<\/p>\n\n\n\n<p class=\"wp-block-paragraph\">Es el <strong>cuarto \u00e1lbum solista <\/strong>de la cantante que contin\u00faa transitando sus sabias inquietudes musicales. Siempre con el tango acompa\u00f1ando pero tambi\u00e9n buscando m\u00e1s.<\/p>\n\n\n\n<p class=\"wp-block-paragraph\">Es que con <em>Cabeza Negra<\/em> se entrecruzan paisajes sonoros, <strong>las m\u00fasicas del monte y del arrabal<\/strong>. Son esos lugares que recorre Julieta, entre Buenos Aires y Salta, su actual provincia de residencia que comparte con la cineasta Lucrecia Martel.<\/p>\n\n\n\n<p class=\"wp-block-paragraph\">Autores como Horacio Guarany, Alfredo Zitarrosa o Violeta Parra se cruzan con actuales como Tomi Lebrero, Alfredo \u201cTape\u201d Rub\u00edn, Alejandro Guyot o el propio Yuri Venturin, que adem\u00e1s es el arreglador y director musical del disco.<\/p>\n\n\n\n<figure class=\"wp-block-image size-large\"><img loading=\"lazy\" decoding=\"async\" width=\"1024\" height=\"1024\" src=\"https:\/\/www.fracturaexpuesta.com.ar\/tango\/wp-content\/uploads\/280750951_533240081638066_5837550523623254084_n-1024x1024.jpg\" alt=\"\" class=\"wp-image-6738\" srcset=\"https:\/\/www.fracturaexpuesta.com.ar\/tango\/wp-content\/uploads\/280750951_533240081638066_5837550523623254084_n-1024x1024.jpg 1024w, https:\/\/www.fracturaexpuesta.com.ar\/tango\/wp-content\/uploads\/280750951_533240081638066_5837550523623254084_n-300x300.jpg 300w, https:\/\/www.fracturaexpuesta.com.ar\/tango\/wp-content\/uploads\/280750951_533240081638066_5837550523623254084_n-150x150.jpg 150w, https:\/\/www.fracturaexpuesta.com.ar\/tango\/wp-content\/uploads\/280750951_533240081638066_5837550523623254084_n-768x768.jpg 768w, https:\/\/www.fracturaexpuesta.com.ar\/tango\/wp-content\/uploads\/280750951_533240081638066_5837550523623254084_n-1536x1536.jpg 1536w, https:\/\/www.fracturaexpuesta.com.ar\/tango\/wp-content\/uploads\/280750951_533240081638066_5837550523623254084_n-100x100.jpg 100w, https:\/\/www.fracturaexpuesta.com.ar\/tango\/wp-content\/uploads\/280750951_533240081638066_5837550523623254084_n.jpg 2048w\" sizes=\"auto, (max-width: 1024px) 100vw, 1024px\" \/><figcaption><em><sup>Es el cuarto disco de la cantante.<\/sup><\/em><\/figcaption><\/figure>\n\n\n\n<p class=\"wp-block-paragraph\">\u201cSeg\u00fan dice Yuri, \u00e9l eligi\u00f3 canciones que se parecen a m\u00ed. <strong>Yo elijo las canciones que me liberan de m\u00ed<\/strong>\u201d, cuenta Laso sobre la dupla de trabajo.<\/p>\n\n\n\n<p class=\"wp-block-paragraph\">Y agrega sobre el material: \u201cEl bandone\u00f3n resplandece con toda su potencia sonora. Hay voces de folklore, de tango, de milonga y de baguala. El sonido un poco distorsionado de los fueyes pone a este disco en una zona rara\u201d.<\/p>\n\n\n\n<p class=\"wp-block-paragraph\">En esa sinton\u00eda parece andar <strong>\u201cCoraz\u00f3n maldito\u201d, primer corte del disco<\/strong> que versiona una canci\u00f3n de Violeta Parra en una atm\u00f3sfera circular y dram\u00e1tica.<\/p>\n\n\n\n<iframe loading=\"lazy\" width=\"560\" height=\"315\" src=\"https:\/\/www.youtube.com\/embed\/IHhvt2s1XUw\" title=\"YouTube video player\" frameborder=\"0\" allow=\"accelerometer; autoplay; clipboard-write; encrypted-media; gyroscope; picture-in-picture\" allowfullscreen=\"\"><\/iframe>\n\n\n\n<p class=\"wp-block-paragraph\"><\/p>\n\n\n\n<p class=\"wp-block-paragraph\"><strong><em>Cabeza Negra<\/em> es un peregrinaje.<\/strong> Laso parece no adjudicarse un punto fijo de anclaje musical. Como si su tradici\u00f3n fuera la de explorar los caminos de arrabales, selvas y montes misteriosos y balcones conurbanos. En rigor, son los paisajes de su existencia, de sus emociones, los que habita desde adentro y desde afuera.<\/p>\n\n\n\n<blockquote class=\"wp-block-quote is-layout-flow wp-block-quote-is-layout-flow\"><p>\u201cLa m\u00fasica, el canto, me ayud\u00f3 a reconciliarme conmigo y con las personas\u201d<\/p><\/blockquote>\n\n\n\n<p class=\"wp-block-paragraph\">Sobre esa exploraci\u00f3n sostiene <strong>Lucrecia Martel<\/strong>: \u201cNo es un disco exactamente urbano. Es el arrabal de este continente. En sus barrios se cruzan todas las tradiciones musicales de este continente. La ciudad no mira al r\u00edo marr\u00f3n, tampoco acepta su destino de tolder\u00eda\u201d.<\/p>\n\n\n\n<p class=\"wp-block-paragraph\"><strong>\u201cLa m\u00fasica, el canto, me ayud\u00f3 a reconciliarme conmigo y con las personas\u201d<\/strong>, confiesa Laso. \u201cYo de chica me frotaba la piel porque pensaba que estaba manchada. Me peleaba con lo crespo de mi melena mestiza. Pero cuando canto voy derecho para ese lado. Canto a esas manchas que por suerte no se borran\u201d, dice la cantante ante la salida de su nuevo disco.<\/p>\n\n\n\n<p class=\"wp-block-paragraph\">El material tendr\u00e1 su presentaci\u00f3n oficial en vivo el <strong>s\u00e1bado 11 de junio<\/strong>, a las 20, en el Teatro Margarita Xirgu (Chacabuco 875).<\/p>\n","protected":false},"excerpt":{"rendered":"<p>La cantante adelanta \u00abCabeza Negra\u00bb, su nuevo disco. Un peregrinaje por los paisajes de su existencia.  Arrabales, montes y balcones conurbanos<\/p>\n","protected":false},"author":1,"featured_media":6737,"comment_status":"open","ping_status":"open","sticky":false,"template":"","format":"standard","meta":{"footnotes":""},"categories":[4,3],"tags":[32,210,103,111,466],"class_list":["post-6736","post","type-post","status-publish","format-standard","has-post-thumbnail","hentry","category-discos","category-noticias","tag-featured","tag-fernandez-fierro","tag-julieta-laso","tag-tango","tag-yuri-venturin"],"_links":{"self":[{"href":"https:\/\/www.fracturaexpuesta.com.ar\/tango\/wp-json\/wp\/v2\/posts\/6736","targetHints":{"allow":["GET"]}}],"collection":[{"href":"https:\/\/www.fracturaexpuesta.com.ar\/tango\/wp-json\/wp\/v2\/posts"}],"about":[{"href":"https:\/\/www.fracturaexpuesta.com.ar\/tango\/wp-json\/wp\/v2\/types\/post"}],"author":[{"embeddable":true,"href":"https:\/\/www.fracturaexpuesta.com.ar\/tango\/wp-json\/wp\/v2\/users\/1"}],"replies":[{"embeddable":true,"href":"https:\/\/www.fracturaexpuesta.com.ar\/tango\/wp-json\/wp\/v2\/comments?post=6736"}],"version-history":[{"count":6,"href":"https:\/\/www.fracturaexpuesta.com.ar\/tango\/wp-json\/wp\/v2\/posts\/6736\/revisions"}],"predecessor-version":[{"id":6800,"href":"https:\/\/www.fracturaexpuesta.com.ar\/tango\/wp-json\/wp\/v2\/posts\/6736\/revisions\/6800"}],"wp:featuredmedia":[{"embeddable":true,"href":"https:\/\/www.fracturaexpuesta.com.ar\/tango\/wp-json\/wp\/v2\/media\/6737"}],"wp:attachment":[{"href":"https:\/\/www.fracturaexpuesta.com.ar\/tango\/wp-json\/wp\/v2\/media?parent=6736"}],"wp:term":[{"taxonomy":"category","embeddable":true,"href":"https:\/\/www.fracturaexpuesta.com.ar\/tango\/wp-json\/wp\/v2\/categories?post=6736"},{"taxonomy":"post_tag","embeddable":true,"href":"https:\/\/www.fracturaexpuesta.com.ar\/tango\/wp-json\/wp\/v2\/tags?post=6736"}],"curies":[{"name":"wp","href":"https:\/\/api.w.org\/{rel}","templated":true}]}}