{"id":6745,"date":"2022-05-24T18:39:41","date_gmt":"2022-05-24T18:39:41","guid":{"rendered":"https:\/\/www.fracturaexpuesta.com.ar\/tango\/?p=6745"},"modified":"2022-05-25T00:41:23","modified_gmt":"2022-05-25T00:41:23","slug":"murio-alejandro-bettinotti-el-cantautor-que-afianzo-el-vinculo-entre-tango-y-rock","status":"publish","type":"post","link":"https:\/\/www.fracturaexpuesta.com.ar\/tango\/murio-alejandro-bettinotti-el-cantautor-que-afianzo-el-vinculo-entre-tango-y-rock\/","title":{"rendered":"Muri\u00f3 Alejandro Bettinotti, el cantautor que afianz\u00f3 el v\u00ednculo entre tango y rock"},"content":{"rendered":"\n<p class=\"wp-block-paragraph\">El pianista, compositor y cantante Alejandro Bettinotti <strong>falleci\u00f3 ayer, a los 59 a\u00f1os<\/strong>, luego de atravesar <strong>una dura enfermedad<\/strong>.<\/p>\n\n\n\n<p class=\"wp-block-paragraph\">Con una trayectoria de m\u00e1s de 30 a\u00f1os y numerosos discos editados, Bettinotti supo construir un perfil propio en el universo del <strong>tango, combinando ese estilo con la tradici\u00f3n del rock<\/strong> y una letr\u00edstica que sondeaba el esp\u00edritu humano y el cuerpo social.<\/p>\n\n\n\n<figure class=\"wp-block-image size-full is-resized\"><img loading=\"lazy\" decoding=\"async\" src=\"https:\/\/www.fracturaexpuesta.com.ar\/tango\/wp-content\/uploads\/alejandro-bettinotti-tango-rock-1.jpg\" alt=\"\" class=\"wp-image-6750\" width=\"840\" height=\"547\" srcset=\"https:\/\/www.fracturaexpuesta.com.ar\/tango\/wp-content\/uploads\/alejandro-bettinotti-tango-rock-1.jpg 900w, https:\/\/www.fracturaexpuesta.com.ar\/tango\/wp-content\/uploads\/alejandro-bettinotti-tango-rock-1-300x196.jpg 300w, https:\/\/www.fracturaexpuesta.com.ar\/tango\/wp-content\/uploads\/alejandro-bettinotti-tango-rock-1-768x501.jpg 768w\" sizes=\"auto, (max-width: 840px) 100vw, 840px\" \/><figcaption><sup><em>Alejandro Bettinotti, un artista con historia de tango y rock<\/em><\/sup><\/figcaption><\/figure>\n\n\n\n<p class=\"wp-block-paragraph\">Tango y rock, esas eran las se\u00f1ales de un m\u00fasico <strong>siempre inquieto y l\u00facido, atento a los movimientos de una humanidad desenfocada<\/strong>. Alejandro cantaba a las cosas bellas con una po\u00e9tica natural y franca. Pero tambi\u00e9n pon\u00eda su mirada sobre determinadas penumbras de la historia. As\u00ed abordaba el deterioro medioambiental, los conflictos b\u00e9licos, la hambruna y los impactos de los medios de comunicaci\u00f3n, entre muchos asuntos.<\/p>\n\n\n\n<blockquote class=\"wp-block-quote is-layout-flow wp-block-quote-is-layout-flow\"><p>\u00abTango y rock es una mezcla de la que todos somos parte\u00bb<\/p><\/blockquote>\n\n\n\n<p class=\"wp-block-paragraph\">\u201cCuando era pendejo, iba a ver a <strong>Charly Garc\u00eda, Spinetta y Piazzolla<\/strong>. En ese momento no compon\u00eda tango pero luego todo eso aflor\u00f3\u201d, recordaba el cantautor -durante <strong>una entrevista en el programa <em>Fractura Expuesta Radio Tango<\/em><\/strong>&#8211; sobre las influencias de su estilo.<\/p>\n\n\n\n<p class=\"wp-block-paragraph\">\u201cTango y rock es una mezcla de la que todos somos parte. Nuestra manera de contar las cosas est\u00e1 emparentada con eso\u201d, agregaba Bettinotti.<\/p>\n\n\n\n<p class=\"wp-block-paragraph\">Aliado al sendero de las <strong>producciones independientes y autogestionadas<\/strong>, el artista edit\u00f3 14 discos de estudio. Desde los a\u00f1os 80 se lo escuch\u00f3 con agrupaciones como Barrio Negro y Se\u00f1ores Monos. Hacia el comienzo de los 2000 consolid\u00f3 su trayectoria de tango, rock y poes\u00eda urbana con el d\u00fao Bettinotti-Fern\u00e1ndez y m\u00e1s tarde con su carrera solista.<\/p>\n\n\n\n<p class=\"wp-block-paragraph\">Los Porte\u00f1os de Gardel, Tangolpeados, El hombre muere del hombre, Tangos a la deriva o Armas de la Paz son algunos de sus discos. En 2021 present\u00f3, con distintos conciertos, Traigo Noticias, su \u00faltima producci\u00f3n discogr\u00e1fica.<\/p>\n\n\n\n<figure class=\"wp-block-embed is-type-rich is-provider-gestor-del-servicio wp-block-embed-gestor-del-servicio wp-embed-aspect-4-3 wp-has-aspect-ratio\"><div class=\"wp-block-embed__wrapper\">\n<iframe loading=\"lazy\" title=\"Bettinotti - Fernandez - Los porte\u00f1os de Gardel\" width=\"640\" height=\"480\" src=\"https:\/\/www.youtube.com\/embed\/NZqXbWOIiqY?feature=oembed\" frameborder=\"0\" allow=\"accelerometer; autoplay; clipboard-write; encrypted-media; gyroscope; picture-in-picture; web-share\" referrerpolicy=\"strict-origin-when-cross-origin\" allowfullscreen><\/iframe>\n<\/div><\/figure>\n\n\n\n<p class=\"wp-block-paragraph\"><\/p>\n\n\n\n<p class=\"wp-block-paragraph\">Con lo mejor de la herencia rockera -aquella de la <strong>mirada vital, profunda y contracultural<\/strong>&#8211; y la huella del sentir tanguero, Bettinotti acert\u00f3 con su raz\u00f3n de ser. Un artista original, \u00edntegro, sin brillos de misteriosos oropeles y genuino en su objetivo de cantar y conmover el edificio de la existencia humana. <\/p>\n\n\n\n<p class=\"wp-block-paragraph\">\u201cYo no quise ser un \u00e1ngel, yo no quise ser doctor, yo no quise ser Bob Marley, ni tampoco un Rolling Stone; s\u00f3lo quise caracoles que juntamos bajo el sol, tantos caracoles que ahora sobran para vos\u201d, se lo escucha.<\/p>\n\n\n\n<figure class=\"wp-block-embed is-type-rich is-provider-gestor-del-servicio wp-block-embed-gestor-del-servicio wp-embed-aspect-16-9 wp-has-aspect-ratio\"><div class=\"wp-block-embed__wrapper\">\n<iframe loading=\"lazy\" title=\"Argentina Alejandro Bettinotti\" width=\"640\" height=\"360\" src=\"https:\/\/www.youtube.com\/embed\/jYXlJduRob4?feature=oembed\" frameborder=\"0\" allow=\"accelerometer; autoplay; clipboard-write; encrypted-media; gyroscope; picture-in-picture; web-share\" referrerpolicy=\"strict-origin-when-cross-origin\" allowfullscreen><\/iframe>\n<\/div><\/figure>\n","protected":false},"excerpt":{"rendered":"<p>Con herencia rockera y sentir tanguero, Bettinotti construy\u00f3 un estilo propio y genuino. Falleci\u00f3 a los 59 a\u00f1os.<\/p>\n","protected":false},"author":1,"featured_media":6746,"comment_status":"open","ping_status":"open","sticky":false,"template":"","format":"standard","meta":{"footnotes":""},"categories":[3],"tags":[228,32,349,111],"class_list":["post-6745","post","type-post","status-publish","format-standard","has-post-thumbnail","hentry","category-noticias","tag-alejandro-bettinotti","tag-featured","tag-rock","tag-tango"],"_links":{"self":[{"href":"https:\/\/www.fracturaexpuesta.com.ar\/tango\/wp-json\/wp\/v2\/posts\/6745","targetHints":{"allow":["GET"]}}],"collection":[{"href":"https:\/\/www.fracturaexpuesta.com.ar\/tango\/wp-json\/wp\/v2\/posts"}],"about":[{"href":"https:\/\/www.fracturaexpuesta.com.ar\/tango\/wp-json\/wp\/v2\/types\/post"}],"author":[{"embeddable":true,"href":"https:\/\/www.fracturaexpuesta.com.ar\/tango\/wp-json\/wp\/v2\/users\/1"}],"replies":[{"embeddable":true,"href":"https:\/\/www.fracturaexpuesta.com.ar\/tango\/wp-json\/wp\/v2\/comments?post=6745"}],"version-history":[{"count":8,"href":"https:\/\/www.fracturaexpuesta.com.ar\/tango\/wp-json\/wp\/v2\/posts\/6745\/revisions"}],"predecessor-version":[{"id":6760,"href":"https:\/\/www.fracturaexpuesta.com.ar\/tango\/wp-json\/wp\/v2\/posts\/6745\/revisions\/6760"}],"wp:featuredmedia":[{"embeddable":true,"href":"https:\/\/www.fracturaexpuesta.com.ar\/tango\/wp-json\/wp\/v2\/media\/6746"}],"wp:attachment":[{"href":"https:\/\/www.fracturaexpuesta.com.ar\/tango\/wp-json\/wp\/v2\/media?parent=6745"}],"wp:term":[{"taxonomy":"category","embeddable":true,"href":"https:\/\/www.fracturaexpuesta.com.ar\/tango\/wp-json\/wp\/v2\/categories?post=6745"},{"taxonomy":"post_tag","embeddable":true,"href":"https:\/\/www.fracturaexpuesta.com.ar\/tango\/wp-json\/wp\/v2\/tags?post=6745"}],"curies":[{"name":"wp","href":"https:\/\/api.w.org\/{rel}","templated":true}]}}