{"id":6888,"date":"2022-06-07T19:28:38","date_gmt":"2022-06-07T19:28:38","guid":{"rendered":"https:\/\/www.fracturaexpuesta.com.ar\/tango\/?p=6888"},"modified":"2022-06-08T02:08:29","modified_gmt":"2022-06-08T02:08:29","slug":"picadito-de-tango-42-%ef%bf%bc","status":"publish","type":"post","link":"https:\/\/www.fracturaexpuesta.com.ar\/tango\/picadito-de-tango-42-%ef%bf%bc\/","title":{"rendered":"Picadito de tango #42: temporada oto\u00f1o-invierno"},"content":{"rendered":"\n<p class=\"has-text-color wp-block-paragraph\" style=\"color:#fe0000;font-size:28px\"><strong>Acho Estol y la aventura musical<\/strong><\/p>\n\n\n\n<p class=\"wp-block-paragraph\">El m\u00fasico y compositor Acho Estol presenta <em>Estar ah\u00ed<\/em>, su <strong>sexto disco solista<\/strong> y el sucesor de <em>Folkenstein <\/em>(2018).<\/p>\n\n\n\n<p class=\"wp-block-paragraph\">A poco de dar a conocer <em>Hikikomori<\/em> (2021) con La Chicana, ahora Estol lanza un material en donde <strong>refuerza su faceta tanguera<\/strong> aunque sin descartar el sello reconocible que atraviesa a sus canciones, el de compaginar sonoridades, instrumentos y ritmos que asientan el rico \u201cm\u00e9todo Estol\u201d.<\/p>\n\n\n\n<p class=\"wp-block-paragraph\">Productor y creador de su propio material, Acho arrima en esta ocasi\u00f3n sus obras a artistas como <strong>Cucuza Castiello, Natalia Baz\u00e1n, Daniela Horovitz y Mamba Mal\u00ed<\/strong>. Junto a Acho, ellos tambi\u00e9n ponen sus voces en temas como \u201cMala sombra\u201d, \u201cLa herida\u201d, \u201cLa pesadilla\u201d o el ya cl\u00e1sico \u201cMi involuci\u00f3n\u201d.<\/p>\n\n\n\n<p class=\"wp-block-paragraph\">Sin purismos de g\u00e9nero y con esp\u00edritu inquieto y creativo, el nuevo disco de Estol -digital y f\u00edsico- reafirma su visi\u00f3n del arte como <strong>una aventura musical siempre abierta<\/strong>.<\/p>\n\n\n\n<p class=\"wp-block-paragraph\"><strong><em>Escuch\u00e1 \u00abEstar ah\u00ed\u00bb, de Acho Estol:<\/em><\/strong><\/p>\n\n\n\n<iframe loading=\"lazy\" style=\"border-radius:12px\" src=\"https:\/\/open.spotify.com\/embed\/album\/4brzspbPNurOzoLPSh1qpi?utm_source=generator\" width=\"100%\" height=\"380\" frameborder=\"0\" allowfullscreen=\"\" allow=\"autoplay; clipboard-write; encrypted-media; fullscreen; picture-in-picture\"><\/iframe>\n\n\n\n<p class=\"wp-block-paragraph\"><\/p>\n\n\n\n<p class=\"has-text-color wp-block-paragraph\" style=\"color:#ff0000;font-size:28px\"><strong>La Hoguera: tangos de hoy<\/strong><\/p>\n\n\n\n<p class=\"wp-block-paragraph\">Temas instrumentales originales y tangos cantados de compositores contempor\u00e1neos integran <em>Macumba<\/em>, el nuevo y segundo disco del <strong>sexteto La Hoguera<\/strong>.<\/p>\n\n\n\n<p class=\"wp-block-paragraph\">Lanzado recientemente en plataformas musicales y grabado en 2021 durante el periodo de la pandemia, La Hoguera regresa con un material que <strong>dialoga con la tradici\u00f3n y construye a la vez un color personal <\/strong>alternando al tango con otros estilos rioplatenses y la m\u00fasica acad\u00e9mica.<\/p>\n\n\n\n<p class=\"wp-block-paragraph\">El disco cuenta con la participaci\u00f3n de Nicol\u00e1s Abosky, Alejandro Guyot, el \u201cTape\u201d Rub\u00edn y Natal\u00ed Di Vincenzo que interpretan canciones de su autor\u00eda. As\u00ed se escuchan temas como \u201cSeptiembre\u201d (Juli\u00e1n Corach), \u201cReina noche\u201d (Alfredo \u201cTape\u201d Rubin) o \u201cCaos\u201d (Natal\u00ed Di Vincenzo).<\/p>\n\n\n\n<p class=\"wp-block-paragraph\"><strong><em>Escuch\u00e1 completo \u201cMacumba\u201d, de La Hoguera:<\/em><\/strong><\/p>\n\n\n\n<iframe style=\"border: 0; width: 500px; height: 620px;\" src=\"https:\/\/bandcamp.com\/EmbeddedPlayer\/album=3798956572\/size=large\/bgcol=ffffff\/linkcol=0687f5\/tracklist=false\/transparent=true\/\" seamless=\"\"><a href=\"https:\/\/lahogueratango.bandcamp.com\/album\/macumba\">Macumba by La Hoguera Tango<\/a><\/iframe>\n\n\n\n<p class=\"wp-block-paragraph\"><\/p>\n\n\n\n<p class=\"has-text-color wp-block-paragraph\" style=\"color:#ff0000;font-size:28px\"><strong>Anuncian la 38\u00ba edici\u00f3n presencial del Festival de Tango en La Falda<\/strong><\/p>\n\n\n\n<p class=\"wp-block-paragraph\">Los organizadores del Festival Nacional de Tango de La Falda anunciaron recientemente <strong>las fechas y artistas <\/strong>de la 38\u00ba edici\u00f3n del legendario evento cordob\u00e9s. Este a\u00f1o volver\u00e1 a la presencialidad luego de la interrupci\u00f3n producida por la pandemia.<\/p>\n\n\n\n<p class=\"wp-block-paragraph\">El <strong>viernes 22 y el s\u00e1bado 23 <\/strong>de julio se llevaran adelante las reconocidas <strong>noches de gala del festival<\/strong> a las que se suman distintas actividades que se desarrollar\u00e1n durante todo ese mes.<\/p>\n\n\n\n<p class=\"wp-block-paragraph\">Ra\u00fal Lavi\u00e9, Rodolfo Tuli\u00e1n, la Orquesta Escuela Municipal de Tango de La Falda, la Rom\u00e1ntica Milonguera, Mar\u00eda Jos\u00e9 Demare, Franco Luciani, Jos\u00e9 Col\u00e1ngelo, Marcelo Santos, In\u00e9s Cuello y el Quinteto La Grela, Tango Loco, Sexteto Mayor, Osvaldo Piro con Susana Rinaldi y Cucuza Castiello ser\u00e1n parte de la programaci\u00f3n musical del festival.<\/p>\n\n\n\n<p class=\"wp-block-paragraph\">Junto con los conciertos, a lo largo de julio habr\u00e1 actividades como el concurso de vidrieras y fachadas de tango, los espect\u00e1culos en bares y caf\u00e9s de la ciudad, milongas, exposiciones, obras de teatro, seminarios y talleres, entre otras propuestas.<\/p>\n\n\n\n<p class=\"wp-block-paragraph\"><strong><em>Consult\u00e1 la programaci\u00f3n completa <a href=\"https:\/\/www.lafalda.gob.ar\/sites\/default\/files\/descargas\/grilla_festival_nacional_del_tango.pdf\" target=\"_blank\" rel=\"noreferrer noopener\">aqu\u00ed<\/a>.<\/em><\/strong><\/p>\n\n\n\n<figure class=\"wp-block-image size-full\"><img loading=\"lazy\" decoding=\"async\" width=\"900\" height=\"600\" src=\"https:\/\/www.fracturaexpuesta.com.ar\/tango\/wp-content\/uploads\/Tango2018_10.jpg\" alt=\"\" class=\"wp-image-6890\" srcset=\"https:\/\/www.fracturaexpuesta.com.ar\/tango\/wp-content\/uploads\/Tango2018_10.jpg 900w, https:\/\/www.fracturaexpuesta.com.ar\/tango\/wp-content\/uploads\/Tango2018_10-300x200.jpg 300w, https:\/\/www.fracturaexpuesta.com.ar\/tango\/wp-content\/uploads\/Tango2018_10-768x512.jpg 768w\" sizes=\"auto, (max-width: 900px) 100vw, 900px\" \/><\/figure>\n","protected":false},"excerpt":{"rendered":"<p>Acho Estol, La Hoguera y el Festival Nacional de Tango de La Falda.<\/p>\n","protected":false},"author":1,"featured_media":6892,"comment_status":"open","ping_status":"open","sticky":false,"template":"","format":"standard","meta":{"footnotes":""},"categories":[3],"tags":[428,32,305,467,201,111],"class_list":["post-6888","post","type-post","status-publish","format-standard","has-post-thumbnail","hentry","category-noticias","tag-acho-estol","tag-featured","tag-festival-de-tango-de-la-falda","tag-la-hoguera","tag-picadito","tag-tango"],"_links":{"self":[{"href":"https:\/\/www.fracturaexpuesta.com.ar\/tango\/wp-json\/wp\/v2\/posts\/6888","targetHints":{"allow":["GET"]}}],"collection":[{"href":"https:\/\/www.fracturaexpuesta.com.ar\/tango\/wp-json\/wp\/v2\/posts"}],"about":[{"href":"https:\/\/www.fracturaexpuesta.com.ar\/tango\/wp-json\/wp\/v2\/types\/post"}],"author":[{"embeddable":true,"href":"https:\/\/www.fracturaexpuesta.com.ar\/tango\/wp-json\/wp\/v2\/users\/1"}],"replies":[{"embeddable":true,"href":"https:\/\/www.fracturaexpuesta.com.ar\/tango\/wp-json\/wp\/v2\/comments?post=6888"}],"version-history":[{"count":12,"href":"https:\/\/www.fracturaexpuesta.com.ar\/tango\/wp-json\/wp\/v2\/posts\/6888\/revisions"}],"predecessor-version":[{"id":6904,"href":"https:\/\/www.fracturaexpuesta.com.ar\/tango\/wp-json\/wp\/v2\/posts\/6888\/revisions\/6904"}],"wp:featuredmedia":[{"embeddable":true,"href":"https:\/\/www.fracturaexpuesta.com.ar\/tango\/wp-json\/wp\/v2\/media\/6892"}],"wp:attachment":[{"href":"https:\/\/www.fracturaexpuesta.com.ar\/tango\/wp-json\/wp\/v2\/media?parent=6888"}],"wp:term":[{"taxonomy":"category","embeddable":true,"href":"https:\/\/www.fracturaexpuesta.com.ar\/tango\/wp-json\/wp\/v2\/categories?post=6888"},{"taxonomy":"post_tag","embeddable":true,"href":"https:\/\/www.fracturaexpuesta.com.ar\/tango\/wp-json\/wp\/v2\/tags?post=6888"}],"curies":[{"name":"wp","href":"https:\/\/api.w.org\/{rel}","templated":true}]}}