{"id":6956,"date":"2022-06-20T15:54:51","date_gmt":"2022-06-20T15:54:51","guid":{"rendered":"https:\/\/www.fracturaexpuesta.com.ar\/tango\/?p=6956"},"modified":"2022-06-20T16:28:49","modified_gmt":"2022-06-20T16:28:49","slug":"victoria-di-raimondo-le-pongo-todas-las-fichas-a-esta-nueva-generacion-en-el-tango","status":"publish","type":"post","link":"https:\/\/www.fracturaexpuesta.com.ar\/tango\/victoria-di-raimondo-le-pongo-todas-las-fichas-a-esta-nueva-generacion-en-el-tango\/","title":{"rendered":"Victoria Di Raimondo: \u00abLe pongo todas las fichas a esta nueva generaci\u00f3n en el tango\u00bb"},"content":{"rendered":"\n<p class=\"wp-block-paragraph\">La cantante <strong>Victoria Di Raimondo<\/strong> convers\u00f3 con <a href=\"http:\/\/www.fracturaexpuesta.com.ar\/doblearadio\/\" target=\"_blank\" rel=\"noreferrer noopener\" title=\"Doble A | Radio Tango\"><em>Doble A | Radio Tango<\/em><\/a> en una charla que recorri\u00f3 su mirada sobre la cultura y el tango de hoy, sus nuevos proyectos, su historia con el canto, la poes\u00eda y la m\u00fasica y el equilibrio entre las luces y sombras de los paisajes interiores y exteriores.<\/p>\n\n\n\n<p class=\"wp-block-paragraph\">\u00abEl canto siempre ha sido para m\u00ed una cuesti\u00f3n bastante natural. Lo empec\u00e9 a cultivar desde muy peque\u00f1a y sola. No hab\u00eda m\u00fasicos en mi familia\u00bb, cont\u00f3 Di Raimondo en di\u00e1logo con<strong> la radio online de Fractura Expuesta<\/strong>. Y sostuvo: \u201cEl canto es mi manera de estar en el mundo\u201d.<\/p>\n\n\n\n<blockquote class=\"wp-block-quote is-layout-flow wp-block-quote-is-layout-flow\"><p>\u00abA veces no entiendo mucho esta \u00e9poca. Me molesta un tramo de la m\u00fasica y las ideas que circulan\u00bb<\/p><\/blockquote>\n\n\n\n<p class=\"wp-block-paragraph\">Sobre el contexto que atraviesa a <strong>la m\u00fasica y el tango en particular<\/strong>, la cantante valor\u00f3 la aparici\u00f3n de las <strong>nuevas camadas<\/strong>. \u201cLe pongo todas las fichas a esta nueva generaci\u00f3n en el tango. Si me preguntaban hace 20 a\u00f1os si iba a ver lo que estoy viendo ahora, no la ve\u00eda ni ah\u00ed. <strong>Toda esta nueva generaci\u00f3n va a traer cosas buen\u00edsimas.<\/strong> Eso me da una alegr\u00eda incre\u00edble. As\u00ed el futuro va a estar buen\u00edsimo\u201d, dijo.<\/p>\n\n\n\n<p class=\"wp-block-paragraph\">\u201cNosotros somos <strong>una generaci\u00f3n intermedia que empezamos a hacer tangos nuevos. Pero era un poco una militancia porque hab\u00eda que defenderlos bastante.<\/strong> Lo digo con conocimiento de causa. Creo que la gente m\u00e1s joven ahora no tiene esos problemas o esas ataduras y tiene mucho conocimiento y mucha libertad\u201d, agreg\u00f3 Di Raimondo en la charla que mantuvo con Maxi Senkiw.<\/p>\n\n\n\n<p class=\"wp-block-paragraph\">Como contrapeso, la cantante mendocina -ahora radicada en la Ciudad de Buenos Aires- tambi\u00e9n alert\u00f3 sobre la etapa actual de la industria musical: \u00abA veces no entiendo mucho esta \u00e9poca. <strong>Me molesta un tramo de la m\u00fasica y las ideas que circulan. <\/strong>Y la explicaci\u00f3n no puede ser que uno ya es grande y no comprende esa cosa tan fea y vac\u00eda. La m\u00fasica no est\u00e1 exenta del monstruo del neoliberalismo que se devora todos los asuntos. No me gustan las cosas que se escuchan ahora como el trap, no me agrada lo que representa\u201d.<\/p>\n\n\n\n<p class=\"has-text-color wp-block-paragraph\" style=\"color:#ff0000;font-size:26px\"><strong>Lo que viene y lo que hay<\/strong><\/p>\n\n\n\n<p class=\"wp-block-paragraph\">Durante la entrevista, Victoria adelant\u00f3 que trabaja en <strong>un nuevo disco de su autor\u00eda<\/strong> que llevar\u00e1 el nombre de <em><strong>El incendio atr\u00e1s <\/strong><\/em>y que buscar\u00e1 grabar en su provincia natal junto a m\u00fasicos-amigos mendocinos. \u00abSon canciones muy vinculadas a Mendoza y al pasado, tal vez una met\u00e1fora de esos recuerdos de atr\u00e1s que se encienden con mucha intensidad en la memoria\u00bb.<\/p>\n\n\n\n<blockquote class=\"wp-block-quote is-layout-flow wp-block-quote-is-layout-flow\"><p>\u00abDe unos a\u00f1os a esta parte me he tomado todo con una calma muy grande. Era una calma que necesitaba para hacer las cosas\u00bb<\/p><\/blockquote>\n\n\n\n<p class=\"wp-block-paragraph\">A pesar de crear y participar en numerosas iniciativas (Cuarteto La P\u00faa, Orquesta T\u00edpica Di Pasquale, Del Bajo Quinteto, entre otros) Di Raimondo manifest\u00f3 que la intensidad de su actividad no le impide encarar los proyectos con tranquilidad.<\/p>\n\n\n\n<figure class=\"wp-block-image size-full\"><img loading=\"lazy\" decoding=\"async\" width=\"850\" height=\"500\" src=\"https:\/\/www.fracturaexpuesta.com.ar\/tango\/wp-content\/uploads\/victoria_di_raimondo.jpg\" alt=\"\" class=\"wp-image-2390\" srcset=\"https:\/\/www.fracturaexpuesta.com.ar\/tango\/wp-content\/uploads\/victoria_di_raimondo.jpg 850w, https:\/\/www.fracturaexpuesta.com.ar\/tango\/wp-content\/uploads\/victoria_di_raimondo-300x176.jpg 300w, https:\/\/www.fracturaexpuesta.com.ar\/tango\/wp-content\/uploads\/victoria_di_raimondo-768x452.jpg 768w\" sizes=\"auto, (max-width: 850px) 100vw, 850px\" \/><figcaption><em><sup>Victoria Di Raimondo: \u00abCompartir la m\u00fasica siempre me ha parecido algo muy milagroso\u00bb<\/sup><\/em><\/figcaption><\/figure>\n\n\n\n<p class=\"wp-block-paragraph\">\u201cDe unos a\u00f1os a esta parte <strong>me he tomado todo con una calma muy grande<\/strong>. Era una calma que necesitaba para hacer las cosas. Me pongo a pensar la cantidad de viajes que hice y no lo puedo creer. Fueron 10 o 15 a\u00f1os de una efervescencia muy linda pero, a la vez, desgastante\u201d, confes\u00f3 la artista que recientemente public\u00f3 el disco<em> Negro sobre negro<\/em> junto al guitarrista Hern\u00e1n Reinaudo.<\/p>\n\n\n\n<p class=\"wp-block-paragraph\">En clave de analizar su historia, la cantante mencion\u00f3 sus a\u00f1os en la banda Altertango y habl\u00f3 tambi\u00e9n del presente.  \u201c<strong>Altertango fue una \u00e9poca muy linda<\/strong>. Luego lleg\u00f3 la parte en la que me vine para ac\u00e1 (Buenos Aires). En ese camino he empezado a tocar con un mont\u00f3n de personas y he aprendido muchas cosas de lo que es el encuentro con los m\u00fasicos\u201d, coment\u00f3.<\/p>\n\n\n\n<p class=\"wp-block-paragraph\">Y concluy\u00f3: \u201c<strong>Compartir la m\u00fasica siempre me ha parecido algo muy milagroso<\/strong>. Cuando vas a un ensayo y aparece el <em>feeling<\/em> con los m\u00fasicos. Y adem\u00e1s todas las cosas que aprend\u00e9s. La luz est\u00e1 ah\u00ed, en los amigos que hac\u00e9s, en las hermosas charlas que ten\u00e9s\u201d.<\/p>\n\n\n\n<p class=\"wp-block-paragraph\"><strong>Entrevista completa a Victoria Di Raimondo en <a href=\"http:\/\/www.fracturaexpuesta.com.ar\/doblearadio\/\" target=\"_blank\" rel=\"noreferrer noopener\">Doble A<\/a>:<\/strong><\/p>\n\n\n\n<iframe loading=\"lazy\" width=\"560\" height=\"315\" src=\"https:\/\/www.youtube.com\/embed\/tptV9sy9kzk\" title=\"YouTube video player\" frameborder=\"0\" allow=\"accelerometer; autoplay; clipboard-write; encrypted-media; gyroscope; picture-in-picture\" allowfullscreen=\"\"><\/iframe>\n\n\n\n<p class=\"wp-block-paragraph\"><\/p>\n","protected":false},"excerpt":{"rendered":"<p>Entrevista en Doble A a la cantante de tango. Su historia, su mirada sobre una parte de la m\u00fasica actual y el futuro del tango.<\/p>\n","protected":false},"author":1,"featured_media":6958,"comment_status":"open","ping_status":"open","sticky":false,"template":"","format":"standard","meta":{"footnotes":""},"categories":[298,3],"tags":[292,32,111,160],"class_list":["post-6956","post","type-post","status-publish","format-standard","has-post-thumbnail","hentry","category-doble-a","category-noticias","tag-doble-a","tag-featured","tag-tango","tag-victoria-di-raimondo"],"_links":{"self":[{"href":"https:\/\/www.fracturaexpuesta.com.ar\/tango\/wp-json\/wp\/v2\/posts\/6956","targetHints":{"allow":["GET"]}}],"collection":[{"href":"https:\/\/www.fracturaexpuesta.com.ar\/tango\/wp-json\/wp\/v2\/posts"}],"about":[{"href":"https:\/\/www.fracturaexpuesta.com.ar\/tango\/wp-json\/wp\/v2\/types\/post"}],"author":[{"embeddable":true,"href":"https:\/\/www.fracturaexpuesta.com.ar\/tango\/wp-json\/wp\/v2\/users\/1"}],"replies":[{"embeddable":true,"href":"https:\/\/www.fracturaexpuesta.com.ar\/tango\/wp-json\/wp\/v2\/comments?post=6956"}],"version-history":[{"count":15,"href":"https:\/\/www.fracturaexpuesta.com.ar\/tango\/wp-json\/wp\/v2\/posts\/6956\/revisions"}],"predecessor-version":[{"id":6977,"href":"https:\/\/www.fracturaexpuesta.com.ar\/tango\/wp-json\/wp\/v2\/posts\/6956\/revisions\/6977"}],"wp:featuredmedia":[{"embeddable":true,"href":"https:\/\/www.fracturaexpuesta.com.ar\/tango\/wp-json\/wp\/v2\/media\/6958"}],"wp:attachment":[{"href":"https:\/\/www.fracturaexpuesta.com.ar\/tango\/wp-json\/wp\/v2\/media?parent=6956"}],"wp:term":[{"taxonomy":"category","embeddable":true,"href":"https:\/\/www.fracturaexpuesta.com.ar\/tango\/wp-json\/wp\/v2\/categories?post=6956"},{"taxonomy":"post_tag","embeddable":true,"href":"https:\/\/www.fracturaexpuesta.com.ar\/tango\/wp-json\/wp\/v2\/tags?post=6956"}],"curies":[{"name":"wp","href":"https:\/\/api.w.org\/{rel}","templated":true}]}}