{"id":7047,"date":"2022-06-30T19:21:38","date_gmt":"2022-06-30T19:21:38","guid":{"rendered":"https:\/\/www.fracturaexpuesta.com.ar\/tango\/?p=7047"},"modified":"2022-07-01T00:27:52","modified_gmt":"2022-07-01T00:27:52","slug":"se-conocieron-los-discos-y-artistas-de-tango-nominados-a-los-premios-gardel-2022","status":"publish","type":"post","link":"https:\/\/www.fracturaexpuesta.com.ar\/tango\/se-conocieron-los-discos-y-artistas-de-tango-nominados-a-los-premios-gardel-2022\/","title":{"rendered":"Se conocieron los discos y artistas de tango nominados a los Premios Gardel 2022"},"content":{"rendered":"\n<p class=\"wp-block-paragraph\">Ya se conocen las producciones y artistas que ser\u00e1n parte de la 24\u00ba edici\u00f3n de los Premios Gardel.<\/p>\n\n\n\n<p class=\"wp-block-paragraph\">En materia de tango, el galard\u00f3n re\u00fane tres categor\u00edas en las que se premiar\u00e1 al <strong>mejor \u00e1lbum de artista, mejor \u00e1lbum de orquesta o grupo y mejor canci\u00f3n<\/strong>. Se contempla a las producciones publicadas en los \u00faltimos 12 meses.<\/p>\n\n\n\n<p class=\"wp-block-paragraph\">Este a\u00f1o, <strong>Julieta Laso, Hern\u00e1n Lucero, Natalia Baz\u00e1n, In\u00e9s Cuello y Diego Schissi<\/strong> son algunos de los artistas nominados que integran las ternas tangueras.<\/p>\n\n\n\n<p class=\"wp-block-paragraph\">Luego de dos ediciones realizadas de manera virtual es el regreso de los premios a la presencialidad.<\/p>\n\n\n\n<p class=\"wp-block-paragraph\">Seg\u00fan indicaron los organizadores, la entrega se realizar\u00e1 el <strong>martes 23 de agosto<\/strong> en un espacio que se conocer\u00e1 en los pr\u00f3ximos d\u00edas junto con la informaci\u00f3n vinculada a la transmisi\u00f3n del evento.<\/p>\n\n\n\n<p class=\"has-text-color wp-block-paragraph\" style=\"color:#ff0000;font-size:26px\"><strong>Todos los nominados en las categor\u00edas de tango<\/strong><\/p>\n\n\n\n<p class=\"wp-block-paragraph\"><strong>Mejor \u00e1lbum artista de tango<\/strong><\/p>\n\n\n\n<ul class=\"wp-block-list\"><li>\u201cDe Barro y Cielo\u201d &#8211; Natalia Baz\u00e1n<\/li><li>\u201cLas noches que han pasado\u201d &#8211; Hern\u00e1n Lucero<\/li><li>\u201cLa Caldera\u201d &#8211; Julieta Laso<\/li><\/ul>\n\n\n\n<p class=\"wp-block-paragraph\"><strong>Mejor \u00e1lbum orquesta y \/ o grupo de tango y \/ o instrumental<\/strong><\/p>\n\n\n\n<ul class=\"wp-block-list\"><li>\u201cTe\u201d &#8211; Diego Schissi Quinteto<\/li><li>\u201cGardel\u201d &#8211; In\u00e9s Cuello &amp; La Grela Quinteto de Tango<\/li><li>\u201c100\u201d &#8211; Escalandrum<\/li><\/ul>\n\n\n\n<p class=\"wp-block-paragraph\"><strong>Mejor canci\u00f3n de tango<\/strong><\/p>\n\n\n\n<ul class=\"wp-block-list\"><li>\u201cGricel\u201d &#8211; N\u00e9stor Fabi\u00e1n y Juli\u00e1n Hermida<\/li><li>\u201cNostalgias\u201d (En vivo) &#8211; Tangoloco feat. Katie Viqueira<\/li><li>\u201cOtra chica muerta\u201d &#8211; Patricia Malanca<\/li><\/ul>\n\n\n\n<p class=\"wp-block-paragraph\">Por fuera de las categor\u00edas espec\u00edficas, el tango ocupa lugar tambi\u00e9n en \u00ab\u00c1lbum del a\u00f1o\u00bb con el disco <em>100<\/em> (homenaje a Piazzolla) de Escalandrum y en \u00abMejor \u00e1lbum Instrumental\/Fusi\u00f3n\/World Music\u00bb con <em>Piazzolla 100 a\u00f1os despu\u00e9s<\/em> de <strong>Rub\u00e9n Ferrero, Pablo Porcelli y Patricio Villarejo<\/strong>.<\/p>\n","protected":false},"excerpt":{"rendered":"<p>La ceremonia de premiaci\u00f3n ser\u00e1 el martes 23 de agosto.<\/p>\n","protected":false},"author":1,"featured_media":7048,"comment_status":"open","ping_status":"open","sticky":false,"template":"","format":"standard","meta":{"footnotes":""},"categories":[3],"tags":[32,193,111],"class_list":["post-7047","post","type-post","status-publish","format-standard","has-post-thumbnail","hentry","category-noticias","tag-featured","tag-premios-gardel","tag-tango"],"_links":{"self":[{"href":"https:\/\/www.fracturaexpuesta.com.ar\/tango\/wp-json\/wp\/v2\/posts\/7047","targetHints":{"allow":["GET"]}}],"collection":[{"href":"https:\/\/www.fracturaexpuesta.com.ar\/tango\/wp-json\/wp\/v2\/posts"}],"about":[{"href":"https:\/\/www.fracturaexpuesta.com.ar\/tango\/wp-json\/wp\/v2\/types\/post"}],"author":[{"embeddable":true,"href":"https:\/\/www.fracturaexpuesta.com.ar\/tango\/wp-json\/wp\/v2\/users\/1"}],"replies":[{"embeddable":true,"href":"https:\/\/www.fracturaexpuesta.com.ar\/tango\/wp-json\/wp\/v2\/comments?post=7047"}],"version-history":[{"count":3,"href":"https:\/\/www.fracturaexpuesta.com.ar\/tango\/wp-json\/wp\/v2\/posts\/7047\/revisions"}],"predecessor-version":[{"id":7054,"href":"https:\/\/www.fracturaexpuesta.com.ar\/tango\/wp-json\/wp\/v2\/posts\/7047\/revisions\/7054"}],"wp:featuredmedia":[{"embeddable":true,"href":"https:\/\/www.fracturaexpuesta.com.ar\/tango\/wp-json\/wp\/v2\/media\/7048"}],"wp:attachment":[{"href":"https:\/\/www.fracturaexpuesta.com.ar\/tango\/wp-json\/wp\/v2\/media?parent=7047"}],"wp:term":[{"taxonomy":"category","embeddable":true,"href":"https:\/\/www.fracturaexpuesta.com.ar\/tango\/wp-json\/wp\/v2\/categories?post=7047"},{"taxonomy":"post_tag","embeddable":true,"href":"https:\/\/www.fracturaexpuesta.com.ar\/tango\/wp-json\/wp\/v2\/tags?post=7047"}],"curies":[{"name":"wp","href":"https:\/\/api.w.org\/{rel}","templated":true}]}}