{"id":7084,"date":"2022-07-06T21:01:46","date_gmt":"2022-07-06T21:01:46","guid":{"rendered":"https:\/\/www.fracturaexpuesta.com.ar\/tango\/?p=7084"},"modified":"2022-07-07T01:13:33","modified_gmt":"2022-07-07T01:13:33","slug":"picadito-de-tango-43-lanzados","status":"publish","type":"post","link":"https:\/\/www.fracturaexpuesta.com.ar\/tango\/picadito-de-tango-43-lanzados\/","title":{"rendered":"Picadito de tango #43: lanzados"},"content":{"rendered":"\n<p class=\"has-text-color wp-block-paragraph\" style=\"color:#ff0000;font-size:26px\"><strong>Furacero: saliendo de las formas establecidas<\/strong><\/p>\n\n\n\n<p class=\"wp-block-paragraph\">Rosario es una de las ciudades con una notable actividad musical tanguera y Furacero es uno de los grupos que representa a ese movimiento contempor\u00e1neo.<\/p>\n\n\n\n<p class=\"wp-block-paragraph\">El quinteto acaba de publicar <em><strong>Saliendo 2, <\/strong><\/em>un EP que tiene al <strong>formato audiovisual<\/strong> como eje de su presentaci\u00f3n. Se trata 4 canciones originales en formato videoclip, \u201ccon el tango como n\u00facleo central, expandi\u00e9ndose hacia el folklore y el candombe\u201d, cuentan desde Furacero.<\/p>\n\n\n\n<p class=\"wp-block-paragraph\">\u201cSaliendo de las formas establecidas, de ese formato t\u00edpico que es el disco, apostando a la importancia que hoy d\u00eda cobra el lenguaje audiovisual y tambi\u00e9n <strong>saliendo del concepto m\u00e1s tradicionalista del tango<\/strong>, herman\u00e1ndolo con otras m\u00fasicas populares latinoamericanas\u201d, cuenta el guitarrista Facundo Madrid sobre el concepto del EP.\u00a0<\/p>\n\n\n\n<p class=\"wp-block-paragraph\"><em>Saliendo 2<\/em> contiene <strong>\u201cTierra de mi barrio\u201d <\/strong>(E. Pereiro), chacarera trunca, que cuenta con la participaci\u00f3n de Emiliano Zamora en flauta traversa y del percusionista Juancho Perone, referente de trayectoria en el \u00e1mbito del folclore. <strong>\u201cSenderos\u201d <\/strong>(F. Madrid),por su parte, es una milonga surera inspirada en un paisaje sonoro del cuento \u201cJard\u00edn de los senderos que se bifurcan\u201d de Jorge Luis Borges.<\/p>\n\n\n\n<p class=\"wp-block-paragraph\"><strong>\u201cAyer\u201d<\/strong>, tambi\u00e9n de Madrid, busca recrear un vals t\u00edpico de la d\u00e9cada del 40 pero con una sonoridad actual, en homenaje a su abuelo. Y, finalmente, una fusi\u00f3n entre milonga y candombe que da sustancia a <strong>\u201cMilongardi\u201d<\/strong> (A. Aguilar), con la participaci\u00f3n de Mariano Sayago en tambores.\u00a0<\/p>\n\n\n\n<p class=\"wp-block-paragraph\"><strong>Escuch\u00e1 (y mir\u00e1) \u00abSaliendo 2\u00bb, de Furacero:<\/strong><\/p>\n\n\n\n<iframe loading=\"lazy\" width=\"560\" height=\"315\" src=\"https:\/\/www.youtube.com\/embed\/VgPvQUItNpI\" title=\"YouTube video player\" frameborder=\"0\" allow=\"accelerometer; autoplay; clipboard-write; encrypted-media; gyroscope; picture-in-picture\" allowfullscreen=\"\"><\/iframe>\n\n\n\n<p class=\"wp-block-paragraph\"><\/p>\n\n\n\n<p class=\"has-text-color wp-block-paragraph\" style=\"color:#fe0000;font-size:26px\"><strong>Primer disco solista de Pablo Sensottera<\/strong><\/p>\n\n\n\n<p class=\"wp-block-paragraph\">Pablo Sensottera, guitarrista de <strong>El Port\u00f3n y del Cuarteto La P\u00faa<\/strong>, public\u00f3 en plataformas <em>Milongas descarriadas<\/em>, su debut solista.<\/p>\n\n\n\n<p class=\"wp-block-paragraph\"><strong>Historias barriales, mirada social, paisajes conurbanos y el sendero de la milonga, el tango y la cumbia<\/strong> como fuente r\u00edtmica son las claves de un disco que Sensottera ide\u00f3 durante el aislamiento de la pandemia y que presenta todas obras originales del guitarrista.<\/p>\n\n\n\n<p class=\"wp-block-paragraph\"><em>Milongas Descarriadas<\/em> es tambi\u00e9n<strong> una destacada reuni\u00f3n de voces del tango actual<\/strong>. Alejandro Guyot, Alberto \u201cBeto\u201d Flores, Julieta Laso, Cristian \u201cCholo\u201d Castelo, Luis Sampaoli, \u201cBlack\u201d Rodr\u00edguez M\u00e9ndez y m\u00fasicos de Astillero participan en el \u00e1lbum.<\/p>\n\n\n\n<p class=\"wp-block-paragraph\"><strong>Escuch\u00e1 \u201cLey del and\u00e9n\u201d, de Pablo Sensottera con \u00abBlack\u00bb Rodr\u00edguez M\u00e9ndez:<\/strong><\/p>\n\n\n\n<iframe loading=\"lazy\" width=\"560\" height=\"315\" src=\"https:\/\/www.youtube.com\/embed\/3VHE4HbCY5U\" title=\"YouTube video player\" frameborder=\"0\" allow=\"accelerometer; autoplay; clipboard-write; encrypted-media; gyroscope; picture-in-picture\" allowfullscreen=\"\"><\/iframe>\n\n\n\n<p class=\"wp-block-paragraph\"><\/p>\n\n\n\n<p class=\"has-text-color wp-block-paragraph\" style=\"color:#ff0000;font-size:26px\"><strong>Pura Racha: la historieta y el tango<\/strong><\/p>\n\n\n\n<p class=\"wp-block-paragraph\">Pura Racha present\u00f3 recientemente <em>Historietas<\/em>, su segundo disco. Un trabajo con 6 creaciones propias que unen el universo sonoro del <strong>tango con el imaginario gr\u00e1fico de la historieta<\/strong>.<\/p>\n\n\n\n<p class=\"wp-block-paragraph\">\u201cUn disco conceptual y estramb\u00f3tico\u201d, cuentan desde Pura Racha sobre un material inspirado en la historieta <strong>\u201cBuscavidas\u201d de Alberto Breccia y Carlos Trillo<\/strong>, aparecida en la revista Superhumor en los inicios de la d\u00e9cada del 80.<\/p>\n\n\n\n<p class=\"wp-block-paragraph\">Junto a ese homenaje, las otras canciones que componen el \u00e1lbum fueron \u201cpensadas para que pudieran dar el salto del c\u00f3digo musical y po\u00e9tico tanguero al c\u00f3digo narrativo y gr\u00e1fico de la historieta\u201d. Ese es el caso de \u201cTemblor\u201d, primer corte del nuevo disco.<\/p>\n\n\n\n<p class=\"wp-block-paragraph\"><strong>Escucha \u201cTemblor\u201d, de Pura Racha:<\/strong><\/p>\n\n\n\n<iframe loading=\"lazy\" width=\"560\" height=\"315\" src=\"https:\/\/www.youtube.com\/embed\/1MAj8Z84U-o\" title=\"YouTube video player\" frameborder=\"0\" allow=\"accelerometer; autoplay; clipboard-write; encrypted-media; gyroscope; picture-in-picture\" allowfullscreen=\"\"><\/iframe>\n","protected":false},"excerpt":{"rendered":"<p>Discos de reciente aparici\u00f3n que ampl\u00edan la batea de sonidos del tango. Furacero, Pablo Sensottera y Pura Racha.<\/p>\n","protected":false},"author":1,"featured_media":7085,"comment_status":"open","ping_status":"open","sticky":false,"template":"","format":"standard","meta":{"footnotes":""},"categories":[3],"tags":[471,32,147,470,201,336,111],"class_list":["post-7084","post","type-post","status-publish","format-standard","has-post-thumbnail","hentry","category-noticias","tag-cuarteto-la-pua","tag-featured","tag-furacero","tag-pablo-sensottera","tag-picadito","tag-pura-racha","tag-tango"],"_links":{"self":[{"href":"https:\/\/www.fracturaexpuesta.com.ar\/tango\/wp-json\/wp\/v2\/posts\/7084","targetHints":{"allow":["GET"]}}],"collection":[{"href":"https:\/\/www.fracturaexpuesta.com.ar\/tango\/wp-json\/wp\/v2\/posts"}],"about":[{"href":"https:\/\/www.fracturaexpuesta.com.ar\/tango\/wp-json\/wp\/v2\/types\/post"}],"author":[{"embeddable":true,"href":"https:\/\/www.fracturaexpuesta.com.ar\/tango\/wp-json\/wp\/v2\/users\/1"}],"replies":[{"embeddable":true,"href":"https:\/\/www.fracturaexpuesta.com.ar\/tango\/wp-json\/wp\/v2\/comments?post=7084"}],"version-history":[{"count":7,"href":"https:\/\/www.fracturaexpuesta.com.ar\/tango\/wp-json\/wp\/v2\/posts\/7084\/revisions"}],"predecessor-version":[{"id":7098,"href":"https:\/\/www.fracturaexpuesta.com.ar\/tango\/wp-json\/wp\/v2\/posts\/7084\/revisions\/7098"}],"wp:featuredmedia":[{"embeddable":true,"href":"https:\/\/www.fracturaexpuesta.com.ar\/tango\/wp-json\/wp\/v2\/media\/7085"}],"wp:attachment":[{"href":"https:\/\/www.fracturaexpuesta.com.ar\/tango\/wp-json\/wp\/v2\/media?parent=7084"}],"wp:term":[{"taxonomy":"category","embeddable":true,"href":"https:\/\/www.fracturaexpuesta.com.ar\/tango\/wp-json\/wp\/v2\/categories?post=7084"},{"taxonomy":"post_tag","embeddable":true,"href":"https:\/\/www.fracturaexpuesta.com.ar\/tango\/wp-json\/wp\/v2\/tags?post=7084"}],"curies":[{"name":"wp","href":"https:\/\/api.w.org\/{rel}","templated":true}]}}