{"id":7263,"date":"2022-08-04T20:15:33","date_gmt":"2022-08-04T20:15:33","guid":{"rendered":"https:\/\/www.fracturaexpuesta.com.ar\/tango\/?p=7263"},"modified":"2022-08-05T00:44:15","modified_gmt":"2022-08-05T00:44:15","slug":"martin-sued-a-pesar-del-desastre-estamos-aca-creando-algo-juntos","status":"publish","type":"post","link":"https:\/\/www.fracturaexpuesta.com.ar\/tango\/martin-sued-a-pesar-del-desastre-estamos-aca-creando-algo-juntos\/","title":{"rendered":"Mart\u00edn Sued: \u201cA pesar del desastre estamos ac\u00e1, creando algo juntos\u201d"},"content":{"rendered":"\n<p class=\"wp-block-paragraph\">Junto a la <strong>Orquestra Assintom\u00e1tica<\/strong>, el bandoneonista argentino Mart\u00edn Sued \u2013actualmente radicado en Portugal- acaba de lanzar <em><strong>Igual estamos ac\u00e1<\/strong><\/em>, un disco en donde los sonidos del bandone\u00f3n se reconfiguran sobre una <strong>atm\u00f3sfera musical de amplios colores y esp\u00edritu expansivo<\/strong>.<\/p>\n\n\n\n<p class=\"wp-block-paragraph\">Con un grupo que integra a <strong>m\u00fasicos de pa\u00edses como Ucrania, Brasil o Italia<\/strong>, Sued presenta obras de su autor\u00eda que fueron cobrando cuerpo definitivo gracias al lazo que, a lo largo de la pandemia, el bandoneonista pudo consolidar con los instrumentistas.<\/p>\n\n\n\n<p class=\"wp-block-paragraph\">\u201cDurante la pandemia, a mediados de 2020, cuando en Lisboa hubo un momento de semi-apertura y comenzaron a ser posibles las reuniones, <strong>convoqu\u00e9 a algunos de los m\u00fasicos con los que m\u00e1s afinidad hab\u00eda sentido desde mi llegada a Portugal, para crear un espacio de experimentaci\u00f3n<\/strong> y hacer sonar algunas de las m\u00fasicas que hab\u00eda escrito \u00faltimamente\u201d, cuenta Sued.<\/p>\n\n\n\n<iframe loading=\"lazy\" width=\"560\" height=\"315\" src=\"https:\/\/www.youtube.com\/embed\/clyBuER99lo\" title=\"YouTube video player\" frameborder=\"0\" allow=\"accelerometer; autoplay; clipboard-write; encrypted-media; gyroscope; picture-in-picture\" allowfullscreen=\"\"><\/iframe>\n\n\n\n<p class=\"wp-block-paragraph\"><\/p>\n\n\n\n<p class=\"wp-block-paragraph\">Pero ese impulso y esos tiempos tambi\u00e9n vinieron acompa\u00f1ados de un momento particular del bandoneonista. \u201cLos meses previos tuve la improbable <strong>experiencia de vivir varios meses trabajando en el campo<\/strong> en Algarve, el sur de Portugal. Debido a la cancelaci\u00f3n del ciento por ciento del trabajo relacionado con la m\u00fasica, como much\u00edsimos de nosotros, tuve que buscar alternativas, lo que termin\u00f3 siendo una experiencia bell\u00edsima\u201d, dice.<\/p>\n\n\n\n<blockquote class=\"wp-block-quote is-layout-flow wp-block-quote-is-layout-flow\"><p>\u00abRecuper\u00e9 un tipo de conexi\u00f3n con la m\u00fasica muy hermoso\u00bb<\/p><\/blockquote>\n\n\n\n<p class=\"wp-block-paragraph\">Esa experiencia \u201cbell\u00edsima\u201d, seg\u00fan relata el m\u00fasico, consisti\u00f3 en asumir <strong>un nuevo modo de v\u00ednculo con la m\u00fasica y el trabajo extramusical<\/strong>.<\/p>\n\n\n\n<p class=\"wp-block-paragraph\">\u201cDurante ese tiempo <strong>trabajaba durante las ma\u00f1anas en el campo<\/strong> y realizando diferentes tareas de mantenimiento y durante la tarde me dedicaba a la m\u00fasica, contexto en el que recuper\u00e9 un tipo de conexi\u00f3n con la m\u00fasica muy hermoso, limpio de otros asuntos que a veces trae la vida profesional. Durante ese per\u00edodo comenc\u00e9 a componer parte del material que hoy est\u00e1 en este \u00e1lbum\u201d.<\/p>\n\n\n<div class=\"wp-block-image\">\n<figure class=\"aligncenter size-full\"><img loading=\"lazy\" decoding=\"async\" width=\"700\" height=\"700\" src=\"https:\/\/www.fracturaexpuesta.com.ar\/tango\/wp-content\/uploads\/martin-sued-orquesta-assintomatica.jpg\" alt=\"\" class=\"wp-image-7265\" srcset=\"https:\/\/www.fracturaexpuesta.com.ar\/tango\/wp-content\/uploads\/martin-sued-orquesta-assintomatica.jpg 700w, https:\/\/www.fracturaexpuesta.com.ar\/tango\/wp-content\/uploads\/martin-sued-orquesta-assintomatica-300x300.jpg 300w, https:\/\/www.fracturaexpuesta.com.ar\/tango\/wp-content\/uploads\/martin-sued-orquesta-assintomatica-150x150.jpg 150w, https:\/\/www.fracturaexpuesta.com.ar\/tango\/wp-content\/uploads\/martin-sued-orquesta-assintomatica-100x100.jpg 100w\" sizes=\"auto, (max-width: 700px) 100vw, 700px\" \/><figcaption><sup><em>As\u00ed es la portada del nuevo \u00e1lbum.<\/em><\/sup><\/figcaption><\/figure>\n<\/div>\n\n\n<p class=\"wp-block-paragraph\"><strong><em>Igual estamos ac\u00e1<\/em> presenta 8 canciones que traspasan las fronteras del tango<\/strong> y se sumergen a un juego libre, sensible y aventurero en los usos del bandone\u00f3n. El material, iniciado en pandemia y grabado al comienzo de la guerra en <strong>Ucrania -el violinista Denys Stetsenko es de ese pa\u00eds-<\/strong> recrea y apuesta en su sonido a un horizonte esperanzador.<\/p>\n\n\n\n<p class=\"wp-block-paragraph\">\u201cEn ese <strong>contexto de desastre mundial est\u00e1bamos en nuestro proceso creativo<\/strong>, casi como una necesidad. El nombre del disco tiene que ver con esa sensaci\u00f3n. A pesar del desastre estamos ac\u00e1, creando algo juntos\u201d, resume Sued.<\/p>\n\n\n\n<p class=\"wp-block-paragraph\"><strong><em>Escuch\u00e1 completo \u201cIgual estamos ac\u00e1\u201d:<\/em><\/strong><\/p>\n\n\n\n<iframe style=\"border: 0; width: 350px; height: 720px;\" src=\"https:\/\/bandcamp.com\/EmbeddedPlayer\/album=1533344956\/size=large\/bgcol=ffffff\/linkcol=0687f5\/transparent=true\/\" seamless=\"\"><a href=\"https:\/\/martinsued.bandcamp.com\/album\/mart-n-sued-orquestra-assintom-tica-igual-estamos-ac\">Mart\u00edn Sued &amp; Orquestra Assintom\u00e1tica &#8211; Igual estamos ac\u00e1 by Mart\u00edn Sued &amp; Orquestra Assintom\u00e1tica<\/a><\/iframe>\n\n\n\n<p class=\"has-text-color wp-block-paragraph\" style=\"color:#fe0000;font-size:26px\"><strong>Un modo de hacer arte<\/strong><\/p>\n\n\n\n<p class=\"wp-block-paragraph\"><a href=\"https:\/\/www.instagram.com\/orquestraassintomatica\/\" target=\"_blank\" rel=\"noreferrer noopener\" title=\"Mart\u00edn Sued &amp; Orquestra Assintom\u00e1tica\">Mart\u00edn Sued &amp; Orquestra Assintom\u00e1tica<\/a> desarrolla <strong>su actividad en una antigua embotelladora de soda <\/strong>donde un artista pl\u00e1stico amigo del grupo tiene su taller y trabaja con materiales reciclados -maderas y metales- sobre las paredes, que crean una escenograf\u00eda natural para los conciertos de la orquesta.<\/p>\n\n\n<div class=\"wp-block-image\">\n<figure class=\"aligncenter size-full\"><img loading=\"lazy\" decoding=\"async\" width=\"640\" height=\"640\" src=\"https:\/\/www.fracturaexpuesta.com.ar\/tango\/wp-content\/uploads\/martin-sued-bandoneon-e1659644946942.jpg\" alt=\"\" class=\"wp-image-7273\" srcset=\"https:\/\/www.fracturaexpuesta.com.ar\/tango\/wp-content\/uploads\/martin-sued-bandoneon-e1659644946942.jpg 640w, https:\/\/www.fracturaexpuesta.com.ar\/tango\/wp-content\/uploads\/martin-sued-bandoneon-e1659644946942-300x300.jpg 300w, https:\/\/www.fracturaexpuesta.com.ar\/tango\/wp-content\/uploads\/martin-sued-bandoneon-e1659644946942-150x150.jpg 150w, https:\/\/www.fracturaexpuesta.com.ar\/tango\/wp-content\/uploads\/martin-sued-bandoneon-e1659644946942-100x100.jpg 100w\" sizes=\"auto, (max-width: 640px) 100vw, 640px\" \/><figcaption><em><sup>El bandoneonista y compositor Mart\u00edn Sued.<\/sup><\/em><\/figcaption><\/figure>\n<\/div>\n\n\n<p class=\"wp-block-paragraph\">En ese espacio <strong>realizan un concierto mensual con invitados<\/strong> y donde se crea una atm\u00f3sfera entre el p\u00fablico y el grupo muy especial. Algunos de los invitados que pasaron por los conciertos son Yamand\u00fa Costa, Antonio Zambujo, Bernardo Couto, Delfina Cheb, Juanjo Corbal\u00e1n Cuarteto (Paraguay) y Fawad Murad (Afganist\u00e1n).<\/p>\n\n\n\n<p class=\"wp-block-paragraph\">Esos conciertos tienen una fuerte <strong>impronta perform\u00e1tica, con vestuario y escenograf\u00eda propios<\/strong> y poseen una narrativa guiada por un \u201cpresentador metaf\u00edsico\u201c: Donatello Brida, quien declama como en una especie de presentaci\u00f3n de circo po\u00e9tico.<\/p>\n\n\n\n<p class=\"wp-block-paragraph\">La orquesta <strong>funciona como cooperativa<\/strong> entre m\u00fasicos, t\u00e9cnicos, cocinero, y presentador.<\/p>\n\n\n\n<iframe loading=\"lazy\" width=\"560\" height=\"315\" src=\"https:\/\/www.youtube.com\/embed\/TxQ0DHaPzLQ\" title=\"YouTube video player\" frameborder=\"0\" allow=\"accelerometer; autoplay; clipboard-write; encrypted-media; gyroscope; picture-in-picture\" allowfullscreen=\"\"><\/iframe>\n\n\n\n<iframe loading=\"lazy\" width=\"560\" height=\"315\" src=\"https:\/\/www.youtube.com\/embed\/LikuYeTErbc\" title=\"YouTube video player\" frameborder=\"0\" allow=\"accelerometer; autoplay; clipboard-write; encrypted-media; gyroscope; picture-in-picture\" allowfullscreen=\"\"><\/iframe>\n","protected":false},"excerpt":{"rendered":"<p>El bandoneonista argentino radicado en Portugal presenta el disco \u201cIgual estamos ac\u00e1\u201d. Una aventura esperanzadora en clave sonora de bandone\u00f3n.<\/p>\n","protected":false},"author":1,"featured_media":7264,"comment_status":"open","ping_status":"open","sticky":false,"template":"","format":"standard","meta":{"footnotes":""},"categories":[4,3],"tags":[32,478,479,111],"class_list":["post-7263","post","type-post","status-publish","format-standard","has-post-thumbnail","hentry","category-discos","category-noticias","tag-featured","tag-martin-sued","tag-orquestra-assintomatica","tag-tango"],"_links":{"self":[{"href":"https:\/\/www.fracturaexpuesta.com.ar\/tango\/wp-json\/wp\/v2\/posts\/7263","targetHints":{"allow":["GET"]}}],"collection":[{"href":"https:\/\/www.fracturaexpuesta.com.ar\/tango\/wp-json\/wp\/v2\/posts"}],"about":[{"href":"https:\/\/www.fracturaexpuesta.com.ar\/tango\/wp-json\/wp\/v2\/types\/post"}],"author":[{"embeddable":true,"href":"https:\/\/www.fracturaexpuesta.com.ar\/tango\/wp-json\/wp\/v2\/users\/1"}],"replies":[{"embeddable":true,"href":"https:\/\/www.fracturaexpuesta.com.ar\/tango\/wp-json\/wp\/v2\/comments?post=7263"}],"version-history":[{"count":10,"href":"https:\/\/www.fracturaexpuesta.com.ar\/tango\/wp-json\/wp\/v2\/posts\/7263\/revisions"}],"predecessor-version":[{"id":7278,"href":"https:\/\/www.fracturaexpuesta.com.ar\/tango\/wp-json\/wp\/v2\/posts\/7263\/revisions\/7278"}],"wp:featuredmedia":[{"embeddable":true,"href":"https:\/\/www.fracturaexpuesta.com.ar\/tango\/wp-json\/wp\/v2\/media\/7264"}],"wp:attachment":[{"href":"https:\/\/www.fracturaexpuesta.com.ar\/tango\/wp-json\/wp\/v2\/media?parent=7263"}],"wp:term":[{"taxonomy":"category","embeddable":true,"href":"https:\/\/www.fracturaexpuesta.com.ar\/tango\/wp-json\/wp\/v2\/categories?post=7263"},{"taxonomy":"post_tag","embeddable":true,"href":"https:\/\/www.fracturaexpuesta.com.ar\/tango\/wp-json\/wp\/v2\/tags?post=7263"}],"curies":[{"name":"wp","href":"https:\/\/api.w.org\/{rel}","templated":true}]}}