{"id":7307,"date":"2022-08-15T20:20:06","date_gmt":"2022-08-15T20:20:06","guid":{"rendered":"https:\/\/www.fracturaexpuesta.com.ar\/tango\/?p=7307"},"modified":"2022-08-15T23:29:13","modified_gmt":"2022-08-15T23:29:13","slug":"alfredo-piro-vayan-ver-artistas-en-vivo-paguen-sus-entradas-y-compren-sus-discos","status":"publish","type":"post","link":"https:\/\/www.fracturaexpuesta.com.ar\/tango\/alfredo-piro-vayan-ver-artistas-en-vivo-paguen-sus-entradas-y-compren-sus-discos\/","title":{"rendered":"Alfredo Piro: \u00abVayan a ver artistas en vivo, paguen sus entradas y compren sus discos\u00bb"},"content":{"rendered":"\n<p class=\"wp-block-paragraph\"><strong>Un disco, un libro, una pel\u00edcula?<\/strong><\/p>\n\n\n\n<p class=\"wp-block-paragraph\"><em>Blackstar<\/em>, de David Bowie. Tan inmenso Bowie que hizo con su muerte su \u00faltima gran obra. Elijo el libro <em>Filosof\u00eda y Derechos Humanos<\/em>, de Jos\u00e9 Pablo Feinmann. Siempre vuelvo a Feinmann y hoy m\u00e1s que nunca. Una pel\u00edcula, <em>Par\u00e1sitos<\/em>, de Bong Joon-ho, las miserabilidades humanas pre pand\u00e9micas anunciadas justo antes de la pandemia. Fue la \u00faltima pel\u00edcula que vi en una sala de cine.<\/p>\n\n\n\n<p class=\"wp-block-paragraph\"><strong>\u00bfUn tango imprescindible?<\/strong><\/p>\n\n\n\n<p class=\"wp-block-paragraph\">\u201cFuimos\u201d, de Homero Manzi y Jos\u00e9 Dames. Manzi es para m\u00ed la gran pluma de nuestra m\u00fasica popular. Junto con C\u00e1tulo y con Disc\u00e9polo -Discepol\u00edn, el m\u00e1s corrosivo e ir\u00f3nico de todos, sin perder un \u00e1pice de romanticismo en sus letras- representan el Gran Trian\u00f3n de la historia del tango del siglo XX. A Jos\u00e9 Dames, compositor, bandoneonista santafecino, se le adeuda a\u00fan un enorme reconocimiento.<\/p>\n\n\n\n<blockquote class=\"wp-block-quote is-layout-flow wp-block-quote-is-layout-flow\"><p><strong>\u00abSomos materia de tango antes de tomar conciencia de serlo\u00bb<\/strong><\/p><\/blockquote>\n\n\n\n<p class=\"wp-block-paragraph\"><strong>\u00bfQu\u00e9 artista o disco recomienda para conocer lo que suena hoy en el tango?<\/strong><\/p>\n\n\n\n<p class=\"wp-block-paragraph\">Recomiendo escuchar al que considero uno de los \u00faltimos grandes discos de tango como <em>Martingala<\/em> de Julieta Laso y tambi\u00e9n recomiendo una gran obra como <em>Anda<\/em> de Daniel Melingo. Como no soy amigo de ninguno de los dos, ni tengo una relaci\u00f3n personal, puedo objetivamente recomendar la escucha sin cumplido alguno.<\/p>\n\n\n\n<p class=\"wp-block-paragraph\"><strong>\u00bfUn referente cl\u00e1sico que no hay que dejar de escuchar?<\/strong><\/p>\n\n\n\n<p class=\"wp-block-paragraph\">En la medida de lo posible recomiendo buscar a los referentes cl\u00e1sicos arriba de los escenarios. Ir a verlos. Verlos tocar en vivo antes que buscarlos tard\u00edamente en los obituarios o en alguna <em>playlist<\/em>. Me pas\u00f3 y agradezco hoy haber tenido la posibilidad de ser contempor\u00e1neo a Salg\u00e1n, a Rub\u00e9n Ju\u00e1rez, a Mariano Mores, a Alfredo \u00c1balos y disfrutarlos en vivo. Hoy me pasa lo mismo con el \u201cTata\u201d Cedr\u00f3n y naturalmente con mis viejos (<em>N. de la R.: Osvaldo Piro y Susana Rinaldi<\/em>).<\/p>\n\n\n\n<figure class=\"wp-block-image size-large\"><img loading=\"lazy\" decoding=\"async\" width=\"1024\" height=\"870\" src=\"https:\/\/www.fracturaexpuesta.com.ar\/tango\/wp-content\/uploads\/alfredo-piro-1024x870.jpg\" alt=\"\" class=\"wp-image-7310\" srcset=\"https:\/\/www.fracturaexpuesta.com.ar\/tango\/wp-content\/uploads\/alfredo-piro-1024x870.jpg 1024w, https:\/\/www.fracturaexpuesta.com.ar\/tango\/wp-content\/uploads\/alfredo-piro-300x255.jpg 300w, https:\/\/www.fracturaexpuesta.com.ar\/tango\/wp-content\/uploads\/alfredo-piro-768x653.jpg 768w, https:\/\/www.fracturaexpuesta.com.ar\/tango\/wp-content\/uploads\/alfredo-piro.jpg 1080w\" sizes=\"auto, (max-width: 1024px) 100vw, 1024px\" \/><figcaption><em><sup>Piro: \u00abPrefiero considerar un disco como un criterio art\u00edstico menos ef\u00edmero que un EP o un simple\u00bb<\/sup><\/em>.<\/figcaption><\/figure>\n\n\n\n<p class=\"wp-block-paragraph\"><strong>\u00bfC\u00f3mo y cu\u00e1ndo oye m\u00fasica? \u00bfVinilo, CD, mp3 o plataformas digitales?<\/strong><\/p>\n\n\n\n<p class=\"wp-block-paragraph\">Busco el momento y la oportunidad para poder brindarme a la escucha de un disco, sobre todo de un disco nuevo. El tiempo se hace cada vez m\u00e1s un bien escaso y preciado. Los viajes son buenos momentos para adentrarse en \u201cotro viaje\u201d que es la escucha de alg\u00fan disco. Intento sumergirme en la escucha de una nueva obra. Por lo general, parafraseando a John Lennon, la escucha de la m\u00fasica es como la vida, algo que sucede mientras est\u00e1s ocupado haciendo otra cosa. Trato, en la medida de lo posible, de disponer en alg\u00fan momento del d\u00eda, o particularmente en la noche, del tiempo necesario para escuchar alg\u00fan disco. Sobre todo porque el artista merece ese respeto. Horas y horas dentro de un estudio grabando, editando para dar lo mejor de s\u00ed mismo y que su m\u00fasica quede fijada en alguna plataforma. Me gusta escuchar en todos los formatos posibles. Soy mel\u00f3mano, fetichista, tengo todav\u00eda miles de CD\u2019s y algunos cientos de vinilos. La primera escucha de un disco la hago de corrido, con el criterio que pens\u00f3 ese o esa artista para que escuche su obra. Creo en el concepto de un disco como una obra. Todo bien con el consumo light de los EP, de los simples, pero prefiero considerar un disco como un criterio art\u00edstico menos ef\u00edmero, m\u00e1s sustancioso, sino son como galletitas sueltas que engordan las bolsas de las <em>playlist<\/em>.<\/p>\n\n\n\n<p class=\"wp-block-paragraph\"><strong>\u00bfQu\u00e9 ama del tango?<\/strong><\/p>\n\n\n\n<p class=\"wp-block-paragraph\">Su cultura. Porque trasciende las fronteras de un g\u00e9nero o estilo musical. Est\u00e1 completamente arraigado a nuestras costumbres, a nuestra forma de ser. Se vive en modo tango. La voz del bandone\u00f3n, tan parecida a la voz humana, su interpretaci\u00f3n tan similar a la queja, al rezongo, tan an\u00e1loga a nuestra idiosincrasia argentina. Somos materia de tango antes de tomar conciencia de serlo.<\/p>\n\n\n\n<blockquote class=\"wp-block-quote is-layout-flow wp-block-quote-is-layout-flow\"><p><strong>\u00abDe chico quer\u00eda ser periodista, quiz\u00e1s de ah\u00ed provenga mi curiosidad latente como artista\u00bb<\/strong><\/p><\/blockquote>\n\n\n\n<p class=\"wp-block-paragraph\"><strong>\u00bfQu\u00e9 detesta del tango?<\/strong><\/p>\n\n\n\n<p class=\"wp-block-paragraph\">La a\u00f1oranza perpetua en creer que todo tiempo pasado fue mejor. La competencia injusta de la muerte. Y detesto la burocracia que habita en algunos m\u00fasicos de tango que prescinden de todo tipo de riesgo art\u00edstico.<\/p>\n\n\n\n<p class=\"wp-block-paragraph\"><strong>Si no se dedicara al tango \u00bfser\u00eda\u2026?<\/strong><\/p>\n\n\n\n<p class=\"wp-block-paragraph\">Tengo una colecci\u00f3n de aleda\u00f1os al tango que me har\u00edan, de todas maneras, despuntar mi vicio tanguero. Seguramente escribir\u00eda mucho m\u00e1s de lo que escribo. De chico quer\u00eda ser periodista, quiz\u00e1s de ah\u00ed provenga mi curiosidad latente como artista. Dibujar\u00eda, como dibujaba hace muchos a\u00f1os, tal vez dise\u00f1ando portadas de discos de tango, no como lo hice para mis propios discos sino para los discos de otros artistas.<\/p>\n\n\n\n<iframe loading=\"lazy\" width=\"600\" height=\"355\" src=\"https:\/\/www.youtube.com\/embed\/R4Ohk-oDokQ\" title=\"YouTube video player\" frameborder=\"0\" allow=\"accelerometer; autoplay; clipboard-write; encrypted-media; gyroscope; picture-in-picture\" allowfullscreen=\"\"><\/iframe>\n\n\n\n<p class=\"wp-block-paragraph\"><\/p>\n\n\n\n<p class=\"wp-block-paragraph\"><strong>\u00bfCu\u00e1l fue su \u00faltimo sue\u00f1o?<\/strong><\/p>\n\n\n\n<p class=\"wp-block-paragraph\">Suelo concurrir a sue\u00f1os bastante lis\u00e9rgicos y extravagantes. El que tuve anoche no fue la excepci\u00f3n. Me encontraba en la Avenida de Mayo, cerca del Cabildo, estaba charlando con Francisco Garc\u00eda Jim\u00e9nez, autor de varios cl\u00e1sicos del tango como \u201cMariposita\u201d, \u201cSiga el corso\u201d o \u201cCarnaval\u201d. \u00c9l me explicaba que eso que estaba ocurriendo en mi sue\u00f1o era c\u00f3mo se festejaba el verdadero carnaval, la aut\u00e9ntica fiesta del Rey Momo, cuando en eso pasa caminando Elisa Carri\u00f3 y yo autom\u00e1ticamente la empapo con un Bombero Loco color rojo que ten\u00eda en mi mano derecha, al mejor estilo Nick Cave y su <em>Red Right Hand<\/em>. Mi esp\u00edritu carnavalesco lleg\u00f3 hasta ah\u00ed, \u00fanicamente en este sue\u00f1o. Y mi cercan\u00eda con Carri\u00f3, tambi\u00e9n.<\/p>\n\n\n\n<p class=\"wp-block-paragraph\"><strong>Diga lo que tenga ganas de expresar en este momento\u2026<\/strong><\/p>\n\n\n\n<p class=\"wp-block-paragraph\">Vayan a ver artistas en vivo, paguen sus entradas y compren sus discos, por m\u00e1s que sean sus amigos. Esa es la \u00fanica manera en que un m\u00fasico o artista subsista de su propia m\u00fasica. Y aparte no hay nada m\u00e1s lindo que salir a cantar o a tocar y saber que otros artistas, amigos o simplemente m\u00fasicos conocidos est\u00e1n esperando escucharte en una mesa o en una platea. Nadie nunca se salva solo.<\/p>\n\n\n<div class=\"wp-block-image\">\n<figure class=\"aligncenter size-large\"><img loading=\"lazy\" decoding=\"async\" width=\"1024\" height=\"683\" src=\"https:\/\/www.fracturaexpuesta.com.ar\/tango\/wp-content\/uploads\/alfredo-piro-2-1024x683.jpg\" alt=\"\" class=\"wp-image-7312\" srcset=\"https:\/\/www.fracturaexpuesta.com.ar\/tango\/wp-content\/uploads\/alfredo-piro-2-1024x683.jpg 1024w, https:\/\/www.fracturaexpuesta.com.ar\/tango\/wp-content\/uploads\/alfredo-piro-2-300x200.jpg 300w, https:\/\/www.fracturaexpuesta.com.ar\/tango\/wp-content\/uploads\/alfredo-piro-2-768x512.jpg 768w, https:\/\/www.fracturaexpuesta.com.ar\/tango\/wp-content\/uploads\/alfredo-piro-2.jpg 1080w\" sizes=\"auto, (max-width: 1024px) 100vw, 1024px\" \/><\/figure>\n<\/div>\n\n\n<p class=\"has-background has-small-font-size wp-block-paragraph\" style=\"background-color:#e9e9e9\"><strong><em>Alfredo Piro en vivo<\/em><\/strong><br>\u25ba 01-09 \/ Alfredo Piro y Hern\u00e1n Reinaudo Quinteto en Milonga Federal (CCK), entrada libre y gratuita, 19 hs.<br>\u25ba 08-10 \/ Alfredo Piro en Pista Urbana, 21 hs.<br>\u25ba S\u00e1bados 5, 12 y 19 de noviembre \/ \u00abHomenaje a Alfredo Zitarrosa\u00bb en Pista Urbana: Anal\u00eda Sirio, Alfredo Piro, Emiliano Petrocelli y Vicky Vivanco. Direcci\u00f3n: Emiliano Samar.<br>\u25ba 07-12 \/ Piro en Bebop Club,  21 hs.<\/p>\n","protected":false},"excerpt":{"rendered":"<p>El cantante y compositor responde el Cuestionario Fractura Expuesta. Habla del \u00abconsumo light\u00bb de la m\u00fasica, de la \u00abburocracia\u00bb de los m\u00fasicos de tango y apela al p\u00fablico para que apoye a los artistas.<\/p>\n","protected":false},"author":1,"featured_media":7308,"comment_status":"open","ping_status":"open","sticky":false,"template":"","format":"standard","meta":{"footnotes":""},"categories":[159],"tags":[361,161,32,111],"class_list":["post-7307","post","type-post","status-publish","format-standard","has-post-thumbnail","hentry","category-cuestionario-fractura-expuesta","tag-alfredo-piro","tag-cuestionario-fractura-expuesta","tag-featured","tag-tango"],"_links":{"self":[{"href":"https:\/\/www.fracturaexpuesta.com.ar\/tango\/wp-json\/wp\/v2\/posts\/7307","targetHints":{"allow":["GET"]}}],"collection":[{"href":"https:\/\/www.fracturaexpuesta.com.ar\/tango\/wp-json\/wp\/v2\/posts"}],"about":[{"href":"https:\/\/www.fracturaexpuesta.com.ar\/tango\/wp-json\/wp\/v2\/types\/post"}],"author":[{"embeddable":true,"href":"https:\/\/www.fracturaexpuesta.com.ar\/tango\/wp-json\/wp\/v2\/users\/1"}],"replies":[{"embeddable":true,"href":"https:\/\/www.fracturaexpuesta.com.ar\/tango\/wp-json\/wp\/v2\/comments?post=7307"}],"version-history":[{"count":14,"href":"https:\/\/www.fracturaexpuesta.com.ar\/tango\/wp-json\/wp\/v2\/posts\/7307\/revisions"}],"predecessor-version":[{"id":7326,"href":"https:\/\/www.fracturaexpuesta.com.ar\/tango\/wp-json\/wp\/v2\/posts\/7307\/revisions\/7326"}],"wp:featuredmedia":[{"embeddable":true,"href":"https:\/\/www.fracturaexpuesta.com.ar\/tango\/wp-json\/wp\/v2\/media\/7308"}],"wp:attachment":[{"href":"https:\/\/www.fracturaexpuesta.com.ar\/tango\/wp-json\/wp\/v2\/media?parent=7307"}],"wp:term":[{"taxonomy":"category","embeddable":true,"href":"https:\/\/www.fracturaexpuesta.com.ar\/tango\/wp-json\/wp\/v2\/categories?post=7307"},{"taxonomy":"post_tag","embeddable":true,"href":"https:\/\/www.fracturaexpuesta.com.ar\/tango\/wp-json\/wp\/v2\/tags?post=7307"}],"curies":[{"name":"wp","href":"https:\/\/api.w.org\/{rel}","templated":true}]}}