{"id":7334,"date":"2022-08-23T13:50:37","date_gmt":"2022-08-23T13:50:37","guid":{"rendered":"https:\/\/www.fracturaexpuesta.com.ar\/tango\/?p=7334"},"modified":"2022-09-01T13:04:49","modified_gmt":"2022-09-01T13:04:49","slug":"el-tango-de-hoy-se-reune-en-la-nueva-edicion-del-festival-facaff","status":"publish","type":"post","link":"https:\/\/www.fracturaexpuesta.com.ar\/tango\/el-tango-de-hoy-se-reune-en-la-nueva-edicion-del-festival-facaff\/","title":{"rendered":"El tango de hoy se re\u00fane en la nueva edici\u00f3n del festival FACAFF"},"content":{"rendered":"\n<p class=\"wp-block-paragraph\">Desde el <strong>1 y hasta el 30 de septiembre<\/strong> se pondr\u00e1 en marcha la cuarta edici\u00f3n del festival FACAFF (Familia de Artistas del Club Atl\u00e9tico Fern\u00e1ndez Fierro).<\/p>\n\n\n\n<p class=\"wp-block-paragraph\">La versi\u00f3n 2022 de la iniciativa llega esta vez con una importante grilla que reunir\u00e1 a artistas y grupos del tango de hoy en la base de operaciones de la Fern\u00e1ndez Fierro, el CAFF.<\/p>\n\n\n\n<p class=\"wp-block-paragraph\">\u201cAc\u00e1 nos centramos en la <strong>autogesti\u00f3n musical, art\u00edstica y laboral,<\/strong> apoyando toda manifestaci\u00f3n que se encuentre fuera de los canales tradicionales de comunicaci\u00f3n masiva\u201d, comenta Walter Coccaro, organizador del festival, sobre el encuentro que este a\u00f1o congregar\u00e1 a <strong>m\u00e1s de 60 propuestas musicales<\/strong>.<\/p>\n\n\n\n<p class=\"wp-block-paragraph\">En total ser\u00e1n <strong>18 fechas durante el mes de septiembre<\/strong> -de jueves a domingo- que expondr\u00e1n en el escenario las diversas miradas que circulan dentro del universo de las expresiones contempor\u00e1neas de tango.<\/p>\n\n\n\n<p class=\"wp-block-paragraph\"><strong>Bombay Bs As, Chifladas tango, La Hoguera, Quasimodo, Pampa Trash, Siniestra, Agust\u00edn Guerrero Quinteto, Gisela Magri, Cardenal Dom\u00ednguez, Alfredo Piro y orquestas como Di Pasquale, La Vid\u00fa, Cambio de Frente y Victoria <\/strong>ser\u00e1n algunas de las formaciones y artistas que ofrecer\u00e1n conciertos en el marco del festival.<\/p>\n\n\n<div class=\"wp-block-image\">\n<figure class=\"aligncenter size-large\"><img loading=\"lazy\" decoding=\"async\" width=\"1024\" height=\"707\" src=\"https:\/\/www.fracturaexpuesta.com.ar\/tango\/wp-content\/uploads\/FACAFF-2022-1024x707.jpg\" alt=\"\" class=\"wp-image-7345\" srcset=\"https:\/\/www.fracturaexpuesta.com.ar\/tango\/wp-content\/uploads\/FACAFF-2022-1024x707.jpg 1024w, https:\/\/www.fracturaexpuesta.com.ar\/tango\/wp-content\/uploads\/FACAFF-2022-300x207.jpg 300w, https:\/\/www.fracturaexpuesta.com.ar\/tango\/wp-content\/uploads\/FACAFF-2022-768x530.jpg 768w, https:\/\/www.fracturaexpuesta.com.ar\/tango\/wp-content\/uploads\/FACAFF-2022-1536x1061.jpg 1536w, https:\/\/www.fracturaexpuesta.com.ar\/tango\/wp-content\/uploads\/FACAFF-2022.jpg 2048w\" sizes=\"auto, (max-width: 1024px) 100vw, 1024px\" \/><figcaption><em><sup><mark style=\"background-color:rgba(0, 0, 0, 0)\" class=\"has-inline-color has-cyan-bluish-gray-color\">FACAFF, del 1 y hasta el 30 de septiembre<\/mark><\/sup><\/em><\/figcaption><\/figure>\n<\/div>\n\n\n<p class=\"wp-block-paragraph\">El encuentro ser\u00e1 tambi\u00e9n una nueva apuesta del CAFF luego de un periodo cr\u00edtico para la orquesta Fern\u00e1ndez Fierro que, pandemia mediante, atraves\u00f3 <strong>dificultades en la sostenibilidad del club y sufri\u00f3 cambios en la formaci\u00f3n<\/strong>. \u201cEste es el momento m\u00e1s cr\u00edtico de la banda\u201d, hab\u00eda dicho meses atr\u00e1s el contrabajista y actual cantante, Yuri Venturin, sobre la situaci\u00f3n del espacio y la orquesta.<\/p>\n\n\n\n<p class=\"wp-block-paragraph\">Convertida recientemente en <strong>cooperativa <\/strong>-legalmente constituida- a trav\u00e9s del apoyo del Ministerio de Cultura de la Naci\u00f3n y el INAES, la propuesta cultural que impulsa la Fern\u00e1ndez Fierro, una orquesta con m\u00e1s de 20 a\u00f1os de historia, tendr\u00e1 esta vez un nuevo cap\u00edtulo de acci\u00f3n en cultura tanguera con la cuarta edici\u00f3n del FACAFF.<\/p>\n\n\n\n<p class=\"has-text-color wp-block-paragraph\" style=\"color:#fa0000;font-size:26px\"><strong>La programaci\u00f3n completa del FACAFF 2022<\/strong><\/p>\n\n\n\n<p class=\"wp-block-paragraph\"><strong>&#x1f4cc; Jueves 1 de septiembre<\/strong><\/p>\n\n\n\n<p class=\"wp-block-paragraph\">Barby Aguirre (Dj con vinilos)<br>Orquesta T\u00edpica Caracter\u00edstica Cambio de Frente<\/p>\n\n\n\n<p class=\"wp-block-paragraph\"><strong>&#x1f4cc; Viernes 2 de septiembre<\/strong><\/p>\n\n\n\n<p class=\"wp-block-paragraph\">Tr\u00edo Barbarie<br>Paula D\u00f3rdolo<br>Bombay Bs As<br>Orquesta T\u00edpica Di Pasquale<\/p>\n\n\n\n<p class=\"wp-block-paragraph\"><strong>&#x1f4cc; S\u00e1bado 3 de septiembre<\/strong><\/p>\n\n\n\n<p class=\"wp-block-paragraph\">D\u00fao Aguirre-Lorenzo<br>Patricia Malanca Cuarteto (dirigido por Ale Montaldo)<br>Orquesta T\u00edpica La Modesta<\/p>\n\n\n\n<p class=\"wp-block-paragraph\">&#x1f4cc; <strong>Domingo 4<\/strong> <strong>de septiembre<\/strong><\/p>\n\n\n\n<p class=\"wp-block-paragraph\">Barrag\u00e1n-Maroglio-Vega<br>El Enganche<br>Orquesta Escuela Tango Nuevo<\/p>\n\n\n\n<figure class=\"wp-block-embed is-type-video is-provider-youtube wp-block-embed-youtube wp-embed-aspect-16-9 wp-has-aspect-ratio\"><div class=\"wp-block-embed__wrapper\">\n<iframe loading=\"lazy\" title=\"Orquesta T\u00edpica La Vid\u00fa - Sos Vo  [Videoclip Oficial]\" width=\"640\" height=\"360\" src=\"https:\/\/www.youtube.com\/embed\/mYHd8dVEmuU?feature=oembed\" frameborder=\"0\" allow=\"accelerometer; autoplay; clipboard-write; encrypted-media; gyroscope; picture-in-picture; web-share\" referrerpolicy=\"strict-origin-when-cross-origin\" allowfullscreen><\/iframe>\n<\/div><\/figure>\n\n\n\n<p class=\"wp-block-paragraph\">&#x1f4cc; <strong>Jueves 8 de septiembre<\/strong><\/p>\n\n\n\n<p class=\"wp-block-paragraph\">Gisela Magri<br>Katia Ivandic &#8211; Retrotoptango<br>Euphorbia<br>Homenaje a Horacio Fontova<br>Con el \u201cChino\u201d Laborde, Alfredo Piro, Federico Mizrahi y V\u00edctor Hugo Morales<\/p>\n\n\n\n<p class=\"wp-block-paragraph\">&#x1f4cc; <strong>Viernes 9 de septiembre<\/strong><\/p>\n\n\n\n<p class=\"wp-block-paragraph\">Chifladas Tango<br>Orquesta T\u00edpica La Rantifusa<\/p>\n\n\n\n<p class=\"wp-block-paragraph\">&#x1f4cc; <strong>S\u00e1bado 10 de septiembre<\/strong><\/p>\n\n\n\n<p class=\"wp-block-paragraph\">Marchetti-Varela<br>Dema y El Maestro<br>La Hoguera Tango<br>La Vid\u00fa<\/p>\n\n\n\n<p class=\"wp-block-paragraph\">&#x1f4cc; <strong>Domingo 11 de septiembre<\/strong><\/p>\n\n\n\n<p class=\"wp-block-paragraph\">Claudia Moreno en quinteto<br>Las Guitarras Sensibles De Flores \/ Adri\u00e1n Murga &amp; Les Champs \u00c9lys\u00e9es<br>Nazarena C\u00e1ceres<\/p>\n\n\n\n<p class=\"wp-block-paragraph\">&#x1f4cc; <strong>Jueves 15 de septiembre<\/strong><\/p>\n\n\n\n<p class=\"wp-block-paragraph\">Quasimodo Tr\u00edo<br>Agust\u00edn Guerrero Quinteto<br>Ruggiero Targo<\/p>\n\n\n\n<figure class=\"wp-block-embed is-type-video is-provider-youtube wp-block-embed-youtube wp-embed-aspect-16-9 wp-has-aspect-ratio\"><div class=\"wp-block-embed__wrapper\">\n<iframe loading=\"lazy\" title=\"Agust\u00edn Guerrero Quinteto - Deportes Extremos (V\u00eddeo oficial)\" width=\"640\" height=\"360\" src=\"https:\/\/www.youtube.com\/embed\/Pb5ciqmnXig?feature=oembed\" frameborder=\"0\" allow=\"accelerometer; autoplay; clipboard-write; encrypted-media; gyroscope; picture-in-picture; web-share\" referrerpolicy=\"strict-origin-when-cross-origin\" allowfullscreen><\/iframe>\n<\/div><\/figure>\n\n\n\n<p class=\"wp-block-paragraph\">&#x1f4cc; <strong>Viernes 16 de septiembre<\/strong><\/p>\n\n\n\n<p class=\"wp-block-paragraph\">Hermanos Butaca<br>Toma Negra<br>Yesca<br>Orquesta Escuela Estudio Tango Contempor\u00e1neo<\/p>\n\n\n\n<p class=\"wp-block-paragraph\">&#x1f4cc; <strong>S\u00e1bado 17 de septiembre<\/strong><\/p>\n\n\n\n<p class=\"wp-block-paragraph\">La P\u00faa<br>La Vagabunda<br>Quiero 24<br>Pianeres de R\u00edo<\/p>\n\n\n\n<p class=\"wp-block-paragraph\">&#x1f4cc; <strong>Domingo 18 de septiembre<\/strong><\/p>\n\n\n\n<p class=\"wp-block-paragraph\">Juan Penas<br>Zafarrancho<br>La Rompiente<\/p>\n\n\n\n<p class=\"wp-block-paragraph\">&#x1f4cc; <strong>Jueves 22 de septiembre<\/strong><\/p>\n\n\n\n<p class=\"wp-block-paragraph\">Homenaje A Osvaldo Ruggiero 100 A\u00f1os<br>Con Orquesta T\u00edpica Daniel Ruggiero<\/p>\n\n\n\n<p class=\"wp-block-paragraph\">&#x1f4cc; <strong>Viernes 23 de septiembre<\/strong><\/p>\n\n\n\n<p class=\"wp-block-paragraph\">Sensottera-Castelo<br>Marisa V\u00e1zquez y La Conurbana<br>Rotopercutor con Natalia Baz\u00e1n<\/p>\n\n\n\n<p class=\"wp-block-paragraph\">&#x1f4cc; <strong>S\u00e1bado 24 de septiembre<\/strong><\/p>\n\n\n\n<p class=\"wp-block-paragraph\">Tangorra<br>Cardenal Dom\u00ednguez Quinteto<br>Quinteto Negro La Boca<\/p>\n\n\n\n<p class=\"wp-block-paragraph\">&#x1f4cc; <strong>Domingo 25 de septiembre<\/strong><\/p>\n\n\n\n<p class=\"wp-block-paragraph\">Overo<br>Cuarteto Transversal<br>Umbrales Quinteto<\/p>\n\n\n\n<p class=\"wp-block-paragraph\">&#x1f4cc; <strong>Mi\u00e9rcoles 28 de septiembre<\/strong><\/p>\n\n\n\n<p class=\"wp-block-paragraph\">Alfredo Tape Rub\u00edn<br>Orquesta Fern\u00e1ndez Fierro<\/p>\n\n\n\n<figure class=\"wp-block-embed is-type-video is-provider-youtube wp-block-embed-youtube wp-embed-aspect-16-9 wp-has-aspect-ratio\"><div class=\"wp-block-embed__wrapper\">\n<iframe loading=\"lazy\" title=\"PAMPA TRASH &quot;Temperley&quot; - (Bailan Delfina Pisani &amp; Diego Valero)\" width=\"640\" height=\"360\" src=\"https:\/\/www.youtube.com\/embed\/eZUV6XJEasY?feature=oembed\" frameborder=\"0\" allow=\"accelerometer; autoplay; clipboard-write; encrypted-media; gyroscope; picture-in-picture; web-share\" referrerpolicy=\"strict-origin-when-cross-origin\" allowfullscreen><\/iframe>\n<\/div><\/figure>\n\n\n\n<p class=\"wp-block-paragraph\">&#x1f4cc; <strong>Jueves 29 de septiembre<\/strong><\/p>\n\n\n\n<p class=\"wp-block-paragraph\">Azabache Tango<br>Pura Racha<br>Orquesta Victoria<\/p>\n\n\n\n<p class=\"wp-block-paragraph\">&#x1f4cc; <strong>Viernes 30 de septiembre<\/strong><\/p>\n\n\n\n<p class=\"wp-block-paragraph\">D\u00fao Di Vicenzo-Corach<br>Siniestra<br>Pampa Trash<br>Bordonasnocromo<\/p>\n\n\n\n<p class=\"has-background wp-block-paragraph\" style=\"background-color:#ececed\">&#x2139; <strong>Coordenadas y datos importantes<\/strong><br><br>&#8211; Direcci\u00f3n: CAFF &#8211; S\u00e1nchez de Bustamante 772 (CABA).<br>&#8211; Todos los conciertos ser\u00e1n a las 21 (con acceso a sala desde las 20). La ubicaci\u00f3n es por orden de llegada hasta cubrir la capacidad del club.<br>&#8211; Entrada general $ 1500.- en boleter\u00eda del CAFF y en TicketHoy. Descuentos a estudiantes y jubilados. Solicitan concurrir con un alimento no perecedero para donar a comedores.<br>&#8211; En puerta se venden solo los remanentes, en efectivo. Las anticipadas CAFF se venden a partir de las 18 hs. del mismo d\u00eda del show. La boleter\u00eda del club permanece abierta solo cuando hay conciertos.<\/p>\n","protected":false},"excerpt":{"rendered":"<p>Durante todo septiembre y a lo largo de 18 jornadas se llevar\u00e1 adelante la cuarta edici\u00f3n del encuentro musical FACAFF.<\/p>\n","protected":false},"author":1,"featured_media":7344,"comment_status":"open","ping_status":"open","sticky":false,"template":"","format":"standard","meta":{"footnotes":""},"categories":[3],"tags":[484,223,32,210,111],"class_list":["post-7334","post","type-post","status-publish","format-standard","has-post-thumbnail","hentry","category-noticias","tag-caff","tag-facaff","tag-featured","tag-fernandez-fierro","tag-tango"],"_links":{"self":[{"href":"https:\/\/www.fracturaexpuesta.com.ar\/tango\/wp-json\/wp\/v2\/posts\/7334","targetHints":{"allow":["GET"]}}],"collection":[{"href":"https:\/\/www.fracturaexpuesta.com.ar\/tango\/wp-json\/wp\/v2\/posts"}],"about":[{"href":"https:\/\/www.fracturaexpuesta.com.ar\/tango\/wp-json\/wp\/v2\/types\/post"}],"author":[{"embeddable":true,"href":"https:\/\/www.fracturaexpuesta.com.ar\/tango\/wp-json\/wp\/v2\/users\/1"}],"replies":[{"embeddable":true,"href":"https:\/\/www.fracturaexpuesta.com.ar\/tango\/wp-json\/wp\/v2\/comments?post=7334"}],"version-history":[{"count":15,"href":"https:\/\/www.fracturaexpuesta.com.ar\/tango\/wp-json\/wp\/v2\/posts\/7334\/revisions"}],"predecessor-version":[{"id":7403,"href":"https:\/\/www.fracturaexpuesta.com.ar\/tango\/wp-json\/wp\/v2\/posts\/7334\/revisions\/7403"}],"wp:featuredmedia":[{"embeddable":true,"href":"https:\/\/www.fracturaexpuesta.com.ar\/tango\/wp-json\/wp\/v2\/media\/7344"}],"wp:attachment":[{"href":"https:\/\/www.fracturaexpuesta.com.ar\/tango\/wp-json\/wp\/v2\/media?parent=7334"}],"wp:term":[{"taxonomy":"category","embeddable":true,"href":"https:\/\/www.fracturaexpuesta.com.ar\/tango\/wp-json\/wp\/v2\/categories?post=7334"},{"taxonomy":"post_tag","embeddable":true,"href":"https:\/\/www.fracturaexpuesta.com.ar\/tango\/wp-json\/wp\/v2\/tags?post=7334"}],"curies":[{"name":"wp","href":"https:\/\/api.w.org\/{rel}","templated":true}]}}