{"id":7351,"date":"2022-08-26T19:28:00","date_gmt":"2022-08-26T19:28:00","guid":{"rendered":"https:\/\/www.fracturaexpuesta.com.ar\/tango\/?p=7351"},"modified":"2022-08-27T00:20:48","modified_gmt":"2022-08-27T00:20:48","slug":"el-barrio-de-flores-pone-en-marcha-una-nueva-edicion-de-su-festival-de-tango","status":"publish","type":"post","link":"https:\/\/www.fracturaexpuesta.com.ar\/tango\/el-barrio-de-flores-pone-en-marcha-una-nueva-edicion-de-su-festival-de-tango\/","title":{"rendered":"El barrio de Flores pone en marcha una nueva edici\u00f3n de su festival de tango"},"content":{"rendered":"\n<p class=\"wp-block-paragraph\">Septiembre llega con varios festivales que se desarrollar\u00e1n en la Ciudad de Buenos Aires. Uno de ellos es el <strong>Festival de Tango de Flores<\/strong> que tendr\u00e1 lugar <strong>entre el 1 y el 10 de septiembre <\/strong>en distintas sedes.<\/p>\n\n\n\n<p class=\"wp-block-paragraph\">Creada en 2013, la iniciativa impulsada por artistas presentar\u00e1 <strong>conciertos, talleres, milonga, clases de baile y la inauguraci\u00f3n del espacio Floreal Ruiz<\/strong>, una secci\u00f3n dentro del Museo de Flores dedicado al legendario cantor oriundo de ese barrio porte\u00f1o.<\/p>\n\n\n\n<p class=\"wp-block-paragraph\"><strong>Viviana Scarlassa y Las Guitarras Sensibles de Flores, Lucrecia Merico, La Severa y Tr\u00e9bolnegro<\/strong>, entre otros, son algunos de los grupos y artistas que conforman la grilla musical de la s\u00e9ptima edici\u00f3n del festival.<\/p>\n\n\n\n<iframe loading=\"lazy\" src=\"https:\/\/www.facebook.com\/plugins\/post.php?href=https%3A%2F%2Fwww.facebook.com%2FFestivalTangoFlores%2Fposts%2Fpfbid02TgQEXT55N1ijEGbg7aL8aUBVEXJiERcraNWtrdBn6AbaMt38S3BoEgMK1b5fwdtWl&amp;show_text=true&amp;width=500\" width=\"500\" height=\"488\" style=\"border:none;overflow:hidden\" scrolling=\"no\" frameborder=\"0\" allowfullscreen=\"true\" allow=\"autoplay; clipboard-write; encrypted-media; picture-in-picture; web-share\"><\/iframe>\n\n\n\n<p class=\"has-text-color wp-block-paragraph\" style=\"color:#ff0000;font-size:26px\"><strong>Programaci\u00f3n completa del Festival de Tango de Flores<\/strong><\/p>\n\n\n\n<p class=\"wp-block-paragraph\">&#x1f4cc; <strong>Jueves 1\/9<\/strong> &#8211; 21 hs. Noches de bandone\u00f3n<br>Julio Coviello<br>Tr\u00e9bolnegro D\u00fao (Laura Tagle y Jaime Granda)<br>Francisco Mart\u00ednez<br>La Tierra Invisible \u2013 Del Barco Centenera 1099 \u2013 Entrada $500<\/p>\n\n\n\n<p class=\"wp-block-paragraph\">&#x1f4cc; <strong>Viernes 2\/9<\/strong> &#8211; 20.30 hs. \u2013 Clase de tango con Romina Pernigotte<br>Invitada especial Paula De Ovando (pianista)<br>22 hs. Milonga Ca\u00f1\u00f3n con La Orquesta del 20<br>La Tierra Invisible \u2013 Del Barco Centenera 1099 \/ Entrada clase + milonga $600<\/p>\n\n\n\n<p class=\"wp-block-paragraph\">&#x1f4cc; <strong>S\u00e1bado 3\/9<\/strong> \u2013 17 hs. \u2013 Taller de Interpretaci\u00f3n de Tango<br>Gratis (dictado por Viviana Scarlassa) Presencial<br>Informes e inscripci\u00f3n: festivaltangoflores@gmail.com<\/p>\n\n\n\n<p class=\"wp-block-paragraph\">&#x1f4cc; <strong>Domingo 4\/9<\/strong> \u2013 \u201cLa esquina de Floreal\u201d \u2013 15.30 hs. (Pedernera y Zuvir\u00eda)<br>M\u00fasica en vivo en el mural Floreal Ruiz con la participaci\u00f3n especial de Fernando Miramonte y Gustavo Yanniello. Artistas invitados: Solar Mart\u00ednez y Sergio Veloso<br>Gartis &#8211; Se suspende por lluvia<\/p>\n\n\n\n<iframe loading=\"lazy\" src=\"https:\/\/www.facebook.com\/plugins\/post.php?href=https%3A%2F%2Fwww.facebook.com%2FFestivalTangoFlores%2Fposts%2Fpfbid02GkSFujCGLPvbz7TFKfY3SswdEWiq5GQbMViZC2dR5JJ4oX1s4Sj97jRNBJwhqsTWl&amp;show_text=true&amp;width=500\" width=\"500\" height=\"674\" style=\"border:none;overflow:hidden\" scrolling=\"no\" frameborder=\"0\" allowfullscreen=\"true\" allow=\"autoplay; clipboard-write; encrypted-media; picture-in-picture; web-share\"><\/iframe>\n\n\n\n<p class=\"wp-block-paragraph\"><br>&#x1f4cc; <strong>Martes 6\/9<\/strong> \u2013 18 hs. Clase de tango con Valeria Scheidegger + M\u00fasica en vivo con La Severa<br>Espacio Cultural Arrotea (Arrotea 951)<br>Informes: festivaltangoflores@gmail.com<\/p>\n\n\n\n<p class=\"wp-block-paragraph\">&#x1f4cc; <strong>Martes 6\/9<\/strong> \u2013 19 hs. Taller de Interpretaci\u00f3n de Tango<br>Gratis (dictado por Viviana Scarlassa) Presencial<br>Informes e inscripci\u00f3n: festivaltangoflores@gmail.com<\/p>\n\n\n\n<p class=\"wp-block-paragraph\">&#x1f4cc; <strong>Mi\u00e9rcoles 7\/9<\/strong> \u2013 18 hs. Clase de Tango<br>M\u00fasica en vivo con Lucrecia Merico y Juan Iruzubieta<br>Centro Cultural Roberto Arlt (Avellaneda 2547) &#8211; A la gorra<\/p>\n\n\n\n<p class=\"wp-block-paragraph\">&#x1f4cc; <strong>Viernes 9\/9<\/strong> \u2013 19 hs. Pr\u00e1ctica Milonguera<br>Clase con Mari\u00e1ngeles Rodr\u00edguez ($450) + Milonga a la gorra<br>Asoc. Espa\u00f1ola de Socorros Mutuos (Pedernera 143)<\/p>\n\n\n\n<p class=\"wp-block-paragraph\">&#x1f4cc; <strong>Viernes 9\/9<\/strong> \u2013 21 hs. Viviana Scarlassa y Las Guitarras Sensibles de Flores<br>Espacio Cultural La Turba (Varela 503) &#8211; Entrada libre<\/p>\n\n\n\n<p class=\"wp-block-paragraph\">&#x1f4cc; <strong>S\u00e1bado 10\/9 <\/strong>\u2013 16 hs. Inauguraci\u00f3n del sector Floreal Ruiz en el Museo de Flores. Donaci\u00f3n de sus familiares para la memoria del barrio. Cierre del Festival con invitados especiales. <br>Museo de Flores &#8211; Ram\u00f3n L. Falc\u00f3n 2207<\/p>\n\n\n\n<p class=\"wp-block-paragraph\">El festival incluye las actividades \u00abTango en las escuelas\u00bb en la Escuela N\u00b0 5.<\/p>\n","protected":false},"excerpt":{"rendered":"<p>Del 1 al 10 de septiembre habr\u00e1 conciertos, talleres, clases de baile y la inauguraci\u00f3n del espacio Floreal Ruiz.<\/p>\n","protected":false},"author":1,"featured_media":7352,"comment_status":"open","ping_status":"open","sticky":false,"template":"","format":"standard","meta":{"footnotes":""},"categories":[3],"tags":[32,304,111],"class_list":["post-7351","post","type-post","status-publish","format-standard","has-post-thumbnail","hentry","category-noticias","tag-featured","tag-festival-de-tango-de-flores","tag-tango"],"_links":{"self":[{"href":"https:\/\/www.fracturaexpuesta.com.ar\/tango\/wp-json\/wp\/v2\/posts\/7351","targetHints":{"allow":["GET"]}}],"collection":[{"href":"https:\/\/www.fracturaexpuesta.com.ar\/tango\/wp-json\/wp\/v2\/posts"}],"about":[{"href":"https:\/\/www.fracturaexpuesta.com.ar\/tango\/wp-json\/wp\/v2\/types\/post"}],"author":[{"embeddable":true,"href":"https:\/\/www.fracturaexpuesta.com.ar\/tango\/wp-json\/wp\/v2\/users\/1"}],"replies":[{"embeddable":true,"href":"https:\/\/www.fracturaexpuesta.com.ar\/tango\/wp-json\/wp\/v2\/comments?post=7351"}],"version-history":[{"count":6,"href":"https:\/\/www.fracturaexpuesta.com.ar\/tango\/wp-json\/wp\/v2\/posts\/7351\/revisions"}],"predecessor-version":[{"id":7359,"href":"https:\/\/www.fracturaexpuesta.com.ar\/tango\/wp-json\/wp\/v2\/posts\/7351\/revisions\/7359"}],"wp:featuredmedia":[{"embeddable":true,"href":"https:\/\/www.fracturaexpuesta.com.ar\/tango\/wp-json\/wp\/v2\/media\/7352"}],"wp:attachment":[{"href":"https:\/\/www.fracturaexpuesta.com.ar\/tango\/wp-json\/wp\/v2\/media?parent=7351"}],"wp:term":[{"taxonomy":"category","embeddable":true,"href":"https:\/\/www.fracturaexpuesta.com.ar\/tango\/wp-json\/wp\/v2\/categories?post=7351"},{"taxonomy":"post_tag","embeddable":true,"href":"https:\/\/www.fracturaexpuesta.com.ar\/tango\/wp-json\/wp\/v2\/tags?post=7351"}],"curies":[{"name":"wp","href":"https:\/\/api.w.org\/{rel}","templated":true}]}}