{"id":7418,"date":"2022-09-07T01:24:47","date_gmt":"2022-09-07T01:24:47","guid":{"rendered":"https:\/\/www.fracturaexpuesta.com.ar\/tango\/?p=7418"},"modified":"2022-09-07T02:25:00","modified_gmt":"2022-09-07T02:25:00","slug":"picadito-de-tango-44-lo-que-suena","status":"publish","type":"post","link":"https:\/\/www.fracturaexpuesta.com.ar\/tango\/picadito-de-tango-44-lo-que-suena\/","title":{"rendered":"Picadito de tango #44: lo que suena"},"content":{"rendered":"\n<p class=\"has-text-color wp-block-paragraph\" style=\"color:#ff0000;font-size:26px\"><strong>Rompelo, Tano<\/strong><\/p>\n\n\n\n<p class=\"wp-block-paragraph\">Se cumplen <strong>100 a\u00f1os del nacimiento del recordado bandoneonista Osvaldo Ruggiero<\/strong>, miembro fundador de la Orquesta de Osvaldo Pugliese y fundador junto a sus compa\u00f1eros del Sexteto Tango.<\/p>\n\n\n\n<p class=\"wp-block-paragraph\">Frente a ese acontecimiento, <strong>sus hijos Daniel y Adri\u00e1n -tambi\u00e9n bandoneonistas- <\/strong>crearon <em>Rompelo Tano<\/em>, el <strong>primer material discogr\u00e1fico dedicado \u00edntegramente a las composiciones de su padre<\/strong>.<\/p>\n\n\n\n<p class=\"wp-block-paragraph\">Se trata de <strong>ocho bandoneonistas invitado<\/strong>s como solistas y directores de la orquesta que dirige Daniel Ruggiero, junto a <strong>Ariel Ardit <\/strong>como cantor invitado, que retoman la obra del m\u00fasico argentino. En el disco aparecen <strong>Horacio Romo, Ramiro Boero, Bruno Ludue\u00f1a, Natsuki Nishihara, Rodrigo Avalos, Mariano Gonz\u00e1les Calo <\/strong>y los mencionados Adri\u00e1n y Daniel Ruggiero.<\/p>\n\n\n\n<p class=\"wp-block-paragraph\">\u201cRompelo Tano\u201d es la frase hist\u00f3rica que le repet\u00edan en sus actuaciones a Osvaldo Ruggiero debido a su fuerza interpretativa, a la conocida forma de acentuar y frasear con su bandone\u00f3n.<\/p>\n\n\n\n<p class=\"wp-block-paragraph\">El disco ser\u00e1 presentado <strong>el jueves 22 de septiembre, a las 21<\/strong>,\u00a0 en el marco del festival FACAFF.<\/p>\n\n\n\n<p class=\"wp-block-paragraph\"><strong><em>Escuch\u00e1 Rompelo Tano:<\/em><\/strong><\/p>\n\n\n\n<iframe loading=\"lazy\" width=\"645\" height=\"400\" src=\"https:\/\/www.youtube.com\/embed\/DUDtHOpnGFA\" title=\"YouTube video player\" frameborder=\"0\" allow=\"accelerometer; autoplay; clipboard-write; encrypted-media; gyroscope; picture-in-picture\" allowfullscreen><\/iframe>\n\n\n\n<p class=\"wp-block-paragraph\"><\/p>\n\n\n\n<p class=\"has-text-color wp-block-paragraph\" style=\"color:#fe0000;font-size:26px\"><strong>Nazarena C\u00e1ceres presenta Arcontes<\/strong><\/p>\n\n\n\n<p class=\"wp-block-paragraph\">Luego del adelanto de \u201cNarciso\u201d, la cantante Nazarena C\u00e1ceres presenta finalmente<strong> el EP Arcontes.<\/strong> \u201cLos arcontes <strong>impiden de alguna manera que las personas conecten con su ser esencial y su propia luz<\/strong>\u201d, dice la protagonista de un disco en que no solo experimenta con la forma tango sino tambi\u00e9n con la murga y el candombe.<\/p>\n\n\n\n<p class=\"wp-block-paragraph\">Junto a <strong>Mat\u00edas Palumbo, productor de los temas, C\u00e1ceres se embarca en una narrativa m\u00edstica y en sonoridades del tango de hoy <\/strong>-los samples usados en sus temas son de compositores actuales de tango- para cruzarlas con bases electr\u00f3nicas inspiradas en g\u00e9neros urbanos como el trap.<\/p>\n\n\n\n<p class=\"wp-block-paragraph\">Con \u00e1nimo de atravesar sombras, Nazarena busca adem\u00e1s <strong>la conexi\u00f3n con la naturaleza <\/strong>como gu\u00eda primaria, de all\u00ed que una parte de los temas lleven nombres de \u201cflores y plantas como principales sanadoras del sufrimiento\u201d.<\/p>\n\n\n\n<p class=\"wp-block-paragraph\"><em>Arcontes<\/em> tendr\u00e1 su presentaci\u00f3n en concierto el domingo 11 en el CAFF (S\u00e1nchez de Bustamante 772).<\/p>\n\n\n\n<p class=\"wp-block-paragraph\"><strong><em>Escuch\u00e1 Arcontes, de Nazarena C\u00e1ceres:<\/em><\/strong><\/p>\n\n\n\n<iframe loading=\"lazy\" width=\"645\" height=\"400\" src=\"https:\/\/www.youtube.com\/embed\/RoXQYxBLwuQ\" title=\"YouTube video player\" frameborder=\"0\" allow=\"accelerometer; autoplay; clipboard-write; encrypted-media; gyroscope; picture-in-picture\" allowfullscreen><\/iframe>\n\n\n\n<p class=\"wp-block-paragraph\"><\/p>\n\n\n\n<p class=\"has-text-color wp-block-paragraph\" style=\"color:#ff0000;font-size:26px\"><strong>Desde Italia, un nuevo encuentro entre el tango y el saxof\u00f3n<\/strong><\/p>\n\n\n\n<p class=\"wp-block-paragraph\">El <strong>saxofonista, compositor y arreglador italiano Silvio Zalambani <\/strong>acaba de lanzar su disco <em>Saxof\u00f3n Porte\u00f1o<\/em>. Junto al <strong>Amerindia Ensemble, un cuarteto de saxofones totalmente femenino<\/strong>, Zalambani realiza <strong>un recorrido por la m\u00fasica de Buenos Aires a trav\u00e9s de composiciones de autores contempor\u00e1neos y tradicionales <\/strong>del tango argentino. En esa sinton\u00eda es que aparecen temas de Sonia Possetti, Diego Schissi, Federico Lechner junto a cl\u00e1sicos como Osvaldo Pugliese, Astor Piazzolla, adem\u00e1s del mismo Zalambani.<\/p>\n\n\n\n<p class=\"wp-block-paragraph\">El disco resume el encuentro y la fusi\u00f3n entre el saxof\u00f3n soprano del m\u00fasico italiano y el cuarteto. Ambos se ensamblan con <strong>soltura y buena cadencia tanguera<\/strong>, improvisaciones creativas de inspiraci\u00f3n jazz y una atm\u00f3sfera de evocaci\u00f3n porte\u00f1a en formato de c\u00e1mara.<\/p>\n\n\n\n<p class=\"wp-block-paragraph\"><strong><em>Escuch\u00e1 \u201cBuenos Aires e ritorno\u201d, de Silvio Zalambani &amp; Amerindia Ensemble:<\/em><\/strong><\/p>\n\n\n\n<iframe loading=\"lazy\" width=\"645\" height=\"400\" src=\"https:\/\/www.youtube.com\/embed\/Eh5ypjgYTRc\" title=\"YouTube video player\" frameborder=\"0\" allow=\"accelerometer; autoplay; clipboard-write; encrypted-media; gyroscope; picture-in-picture\" allowfullscreen><\/iframe>\n","protected":false},"excerpt":{"rendered":"<p>Tres nuevos lanzamientos de discos de tango. Un homenaje a Osvaldo Ruggiero, Nazarena C\u00e1ceres y el italiano Silvio Zalambani.<\/p>\n","protected":false},"author":1,"featured_media":7419,"comment_status":"open","ping_status":"open","sticky":false,"template":"","format":"standard","meta":{"footnotes":""},"categories":[3],"tags":[485,226,32,321,486,201,487,111],"class_list":["post-7418","post","type-post","status-publish","format-standard","has-post-thumbnail","hentry","category-noticias","tag-adrian-ruggiero","tag-daniel-ruggiero","tag-featured","tag-nazarena-caceres","tag-osvaldo-ruggiero","tag-picadito","tag-silvio-zalambani","tag-tango"],"_links":{"self":[{"href":"https:\/\/www.fracturaexpuesta.com.ar\/tango\/wp-json\/wp\/v2\/posts\/7418","targetHints":{"allow":["GET"]}}],"collection":[{"href":"https:\/\/www.fracturaexpuesta.com.ar\/tango\/wp-json\/wp\/v2\/posts"}],"about":[{"href":"https:\/\/www.fracturaexpuesta.com.ar\/tango\/wp-json\/wp\/v2\/types\/post"}],"author":[{"embeddable":true,"href":"https:\/\/www.fracturaexpuesta.com.ar\/tango\/wp-json\/wp\/v2\/users\/1"}],"replies":[{"embeddable":true,"href":"https:\/\/www.fracturaexpuesta.com.ar\/tango\/wp-json\/wp\/v2\/comments?post=7418"}],"version-history":[{"count":9,"href":"https:\/\/www.fracturaexpuesta.com.ar\/tango\/wp-json\/wp\/v2\/posts\/7418\/revisions"}],"predecessor-version":[{"id":7430,"href":"https:\/\/www.fracturaexpuesta.com.ar\/tango\/wp-json\/wp\/v2\/posts\/7418\/revisions\/7430"}],"wp:featuredmedia":[{"embeddable":true,"href":"https:\/\/www.fracturaexpuesta.com.ar\/tango\/wp-json\/wp\/v2\/media\/7419"}],"wp:attachment":[{"href":"https:\/\/www.fracturaexpuesta.com.ar\/tango\/wp-json\/wp\/v2\/media?parent=7418"}],"wp:term":[{"taxonomy":"category","embeddable":true,"href":"https:\/\/www.fracturaexpuesta.com.ar\/tango\/wp-json\/wp\/v2\/categories?post=7418"},{"taxonomy":"post_tag","embeddable":true,"href":"https:\/\/www.fracturaexpuesta.com.ar\/tango\/wp-json\/wp\/v2\/tags?post=7418"}],"curies":[{"name":"wp","href":"https:\/\/api.w.org\/{rel}","templated":true}]}}