{"id":7581,"date":"2022-10-11T21:16:39","date_gmt":"2022-10-11T21:16:39","guid":{"rendered":"https:\/\/www.fracturaexpuesta.com.ar\/tango\/?p=7581"},"modified":"2022-10-11T21:31:15","modified_gmt":"2022-10-11T21:31:15","slug":"picadito-de-tango-47-con-alma-de-bandoneon","status":"publish","type":"post","link":"https:\/\/www.fracturaexpuesta.com.ar\/tango\/picadito-de-tango-47-con-alma-de-bandoneon\/","title":{"rendered":"Picadito de tango #46: con alma de bandone\u00f3n"},"content":{"rendered":"\n<p class=\"has-text-color wp-block-paragraph\" style=\"color:#ff0000;font-size:26px\"><strong>Juanjo Mosalini: conexiones \u00edntimas<\/strong><\/p>\n\n\n\n<p class=\"wp-block-paragraph\">\u201cVengo gestando la idea de hacer un disco solo desde hace mucho tiempo.<strong> Ten\u00eda ganas de expresar mis experiencias alrededor del bandone\u00f3n<\/strong>\u201d, cuenta Juanjo Mosalini sobre <strong><em>Entre Pliegues<\/em><\/strong>, su pr\u00f3ximo trabajo discogr\u00e1fico que estar\u00e1 publicado <strong>en plataformas musicales a partir del 14 de octubre<\/strong>.<\/p>\n\n\n\n<p class=\"wp-block-paragraph\">El material del bandoneonista <strong>radicado en Francia -hijo del legendario Juan Jos\u00e9 Mosalini<\/strong> fallecido en mayo de este a\u00f1o- re\u00fane 15 obras que reflejan la conexi\u00f3n \u00edntima del artista con su instrumento.<\/p>\n\n\n\n<p class=\"wp-block-paragraph\">\u201cAdem\u00e1s de composiciones propias, eleg\u00ed interpretar las de tantos compa\u00f1eros con los que tuve el honor de tocar todos estos a\u00f1os en Europa, como Gerardo Le Cam, Leonardo Teruggi, N\u00e9stor D\u00edaz o Tom\u00e1s Gubitsch, cuyas m\u00fasicas me han influenciado notablemente\u201d, cuenta Mosalini sobre el repertorio.<\/p>\n\n\n\n<p class=\"wp-block-paragraph\">Junto a esos artistas mencionados, <em>Entre Pliegues<\/em> cuenta con <strong>la \u00faltima participaci\u00f3n en estudio de Juan Jos\u00e9 Mosalini antes de su partida<\/strong>. Ese encuentro con su hijo qued\u00f3 registrado en el video de \u201cCanci\u00f3n para un hijo\u201d.<\/p>\n\n\n\n<p class=\"wp-block-paragraph\">\u201cEs muy fuerte y conmovedor\u201d, dice Juanjo sobre el material con su padre. Y agrega: \u201cTengo el regalo de tener en mi disco sus \u00faltimos gestos con el bandone\u00f3n\u201d.<\/p>\n\n\n\n<figure class=\"wp-block-embed aligncenter is-type-rich is-provider-gestor-del-servicio wp-block-embed-gestor-del-servicio wp-embed-aspect-16-9 wp-has-aspect-ratio\"><div class=\"wp-block-embed__wrapper\">\n<iframe loading=\"lazy\" title=\"Cancion para un hijo (Juan Jos\u00e9 Mosalini - arr. Juanjo Mosalini)\" width=\"640\" height=\"360\" src=\"https:\/\/www.youtube.com\/embed\/WYuHiO1FnvM?feature=oembed\" frameborder=\"0\" allow=\"accelerometer; autoplay; clipboard-write; encrypted-media; gyroscope; picture-in-picture; web-share\" referrerpolicy=\"strict-origin-when-cross-origin\" allowfullscreen><\/iframe>\n<\/div><figcaption><em><sup><mark style=\"background-color:rgba(0, 0, 0, 0)\" class=\"has-inline-color has-cyan-bluish-gray-color\">\u00abCanci\u00f3n para un hijo\u00bb, con Juan Jos\u00e9 y Juanjo Mosalini.<\/mark><\/sup><\/em><\/figcaption><\/figure>\n\n\n\n<p class=\"wp-block-paragraph\"><\/p>\n\n\n\n<p class=\"has-text-color wp-block-paragraph\" style=\"color:#ff0000;font-size:26px\"><strong>Pablo Bernaba, a solas y al frente<\/strong><\/p>\n\n\n\n<p class=\"wp-block-paragraph\">El bandoneonista Pablo Bernaba lanz\u00f3 finalmente <strong><em>Vozane\u00f3n<\/em><\/strong>. Con su voz y su instrumento, el m\u00fasico presenta un material solista que re\u00fane cl\u00e1sicos como \u201cGar\u00faa\u201d, \u201cLa \u00faltima curda\u201d y \u201cVuelvo al sur\u201d junto a obras contempor\u00e1neas como \u201cGarzas del Riachuelo\u201d y \u201cSeverino\u201d.<\/p>\n\n\n\n<p class=\"wp-block-paragraph\">El creador y director del Quinteto Negro La Boca amplia as\u00ed su desarrollo musical con la puesta en escena de <strong>su costado personal, un enfoque que evidencia un singular modo de interpretaci\u00f3n, de garra y asperezas <\/strong>y con algunas se\u00f1ales a artistas como Rub\u00e9n Ju\u00e1rez, Goyeneche o Tom Waits.<\/p>\n\n\n\n<p class=\"wp-block-paragraph\">\u201cEs un disco minimalista e intimista\u201d, dice Bernaba sobre <em><a href=\"https:\/\/open.spotify.com\/album\/6DOlrIX39N9Odq8HwPj3W2\" target=\"_blank\" rel=\"noopener\">Vozane\u00f3n<\/a><\/em> que cuenta con las participaciones, entre otros, de las cantantes Dolores Sol\u00e1 y Patricia Malanca y el contrabajista Oscar Pittana.<\/p>\n\n\n\n<p class=\"wp-block-paragraph\">El disco tendr\u00e1 su presentaci\u00f3n en vivo el <strong>viernes 11 de noviembre<\/strong>, a las 21, en el CAFF (S\u00e1nchez de Bustamante 772).<\/p>\n\n\n\n<figure class=\"wp-block-embed aligncenter is-type-rich is-provider-gestor-del-servicio wp-block-embed-gestor-del-servicio wp-embed-aspect-16-9 wp-has-aspect-ratio\"><div class=\"wp-block-embed__wrapper\">\n<iframe loading=\"lazy\" title=\"Pablo Bernaba &quot;Vozane\u00f3n&quot; (Full \u00c1lbum)\" width=\"640\" height=\"360\" src=\"https:\/\/www.youtube.com\/embed\/eTYjr-Ay0ec?feature=oembed\" frameborder=\"0\" allow=\"accelerometer; autoplay; clipboard-write; encrypted-media; gyroscope; picture-in-picture; web-share\" referrerpolicy=\"strict-origin-when-cross-origin\" allowfullscreen><\/iframe>\n<\/div><figcaption><sup><em><mark style=\"background-color:rgba(0, 0, 0, 0)\" class=\"has-inline-color has-cyan-bluish-gray-color\">Bernaba y su disco solista.<\/mark><\/em><\/sup><\/figcaption><\/figure>\n\n\n\n<p class=\"wp-block-paragraph\"><\/p>\n\n\n\n<p class=\"has-text-color wp-block-paragraph\" style=\"color:#ff0000;font-size:26px\"><strong>Lucio Arce y los \u00abnuevos trapos\u00bb del tango<\/strong><\/p>\n\n\n\n<p class=\"wp-block-paragraph\">Tangos y canciones propias forman parte de <strong><em>La Nueva Nostalgia<\/em><\/strong>, el quinto disco de Lucio Arce que ya est\u00e1 disponible en todas las plataformas de m\u00fasica.<\/p>\n\n\n\n<p class=\"wp-block-paragraph\">Con sus historias particulares y su modo de narrar personajes y sentimientos, Arce presenta un material con 12 tracks en donde hay -cuenta- \u201chumor, drama, melodrama y por lo menos tres muertos\u201d.<\/p>\n\n\n\n<p class=\"wp-block-paragraph\">Con direcci\u00f3n musical de N\u00e9stor Basurto y la participaci\u00f3n de distintos instrumentistas del panorama contempor\u00e1neo del tango, <em><a href=\"https:\/\/open.spotify.com\/album\/3t2Rs7EnKEyw565hDMZNwq\" target=\"_blank\" rel=\"noopener\">La Nueva Nostalgia<\/a><\/em> es la apuesta de Arce para <strong>dar cuenta de las vivencias y sentires de una renovada bohemia tanguera<\/strong>.<\/p>\n\n\n\n<p class=\"wp-block-paragraph\"><em>\u201cQue pa\u2019 encontrar hay que perder \/ y lo primero que hay que hacer \/ perder el miedo de vivir\u201d<\/em>, canta Lucio en el tango \u201cMe perd\u00ed\u201d.<\/p>\n\n\n\n<figure class=\"wp-block-embed is-type-video is-provider-youtube wp-block-embed-youtube wp-embed-aspect-16-9 wp-has-aspect-ratio\"><div class=\"wp-block-embed__wrapper\">\n<iframe loading=\"lazy\" title=\"Lucio Arce - Me Perd\u00ed (Lucio Arce)\" width=\"640\" height=\"360\" src=\"https:\/\/www.youtube.com\/embed\/s6TkPm2jwJI?feature=oembed\" frameborder=\"0\" allow=\"accelerometer; autoplay; clipboard-write; encrypted-media; gyroscope; picture-in-picture; web-share\" referrerpolicy=\"strict-origin-when-cross-origin\" allowfullscreen><\/iframe>\n<\/div><figcaption><em><sup><mark style=\"background-color:rgba(0, 0, 0, 0)\" class=\"has-inline-color has-cyan-bluish-gray-color\">La Nueva Nostalgia, quinto disco del cantautor Lucio Arce.<\/mark><\/sup><\/em><\/figcaption><\/figure>\n","protected":false},"excerpt":{"rendered":"<p>Los nuevos discos de Juanjo Mosalini, Pablo Bernaba y Lucio Arce.<\/p>\n","protected":false},"author":1,"featured_media":7587,"comment_status":"open","ping_status":"open","sticky":false,"template":"","format":"standard","meta":{"footnotes":""},"categories":[3],"tags":[32,499,254,394,201],"class_list":["post-7581","post","type-post","status-publish","format-standard","has-post-thumbnail","hentry","category-noticias","tag-featured","tag-juan-jose-mosalini","tag-lucio-arce","tag-pablo-bernaba","tag-picadito"],"_links":{"self":[{"href":"https:\/\/www.fracturaexpuesta.com.ar\/tango\/wp-json\/wp\/v2\/posts\/7581","targetHints":{"allow":["GET"]}}],"collection":[{"href":"https:\/\/www.fracturaexpuesta.com.ar\/tango\/wp-json\/wp\/v2\/posts"}],"about":[{"href":"https:\/\/www.fracturaexpuesta.com.ar\/tango\/wp-json\/wp\/v2\/types\/post"}],"author":[{"embeddable":true,"href":"https:\/\/www.fracturaexpuesta.com.ar\/tango\/wp-json\/wp\/v2\/users\/1"}],"replies":[{"embeddable":true,"href":"https:\/\/www.fracturaexpuesta.com.ar\/tango\/wp-json\/wp\/v2\/comments?post=7581"}],"version-history":[{"count":11,"href":"https:\/\/www.fracturaexpuesta.com.ar\/tango\/wp-json\/wp\/v2\/posts\/7581\/revisions"}],"predecessor-version":[{"id":7597,"href":"https:\/\/www.fracturaexpuesta.com.ar\/tango\/wp-json\/wp\/v2\/posts\/7581\/revisions\/7597"}],"wp:featuredmedia":[{"embeddable":true,"href":"https:\/\/www.fracturaexpuesta.com.ar\/tango\/wp-json\/wp\/v2\/media\/7587"}],"wp:attachment":[{"href":"https:\/\/www.fracturaexpuesta.com.ar\/tango\/wp-json\/wp\/v2\/media?parent=7581"}],"wp:term":[{"taxonomy":"category","embeddable":true,"href":"https:\/\/www.fracturaexpuesta.com.ar\/tango\/wp-json\/wp\/v2\/categories?post=7581"},{"taxonomy":"post_tag","embeddable":true,"href":"https:\/\/www.fracturaexpuesta.com.ar\/tango\/wp-json\/wp\/v2\/tags?post=7581"}],"curies":[{"name":"wp","href":"https:\/\/api.w.org\/{rel}","templated":true}]}}