{"id":7620,"date":"2022-10-19T14:27:38","date_gmt":"2022-10-19T14:27:38","guid":{"rendered":"https:\/\/www.fracturaexpuesta.com.ar\/tango\/?p=7620"},"modified":"2022-11-01T01:38:00","modified_gmt":"2022-11-01T01:38:00","slug":"charly-garcia-y-el-tango-un-poquito-de-amor-para-dar","status":"publish","type":"post","link":"https:\/\/www.fracturaexpuesta.com.ar\/tango\/charly-garcia-y-el-tango-un-poquito-de-amor-para-dar\/","title":{"rendered":"Charly Garc\u00eda y el tango, un poquito de amor para dar"},"content":{"rendered":"\n<p class=\"wp-block-paragraph\">El pr\u00f3ximo domingo <a href=\"http:\/\/www.fracturaexpuesta.com.ar\/doblearadio\/\" target=\"_blank\" rel=\"noopener\" title=\"\">Doble A<\/a> pondr\u00e1 al aire <strong>un especial dedicado a Charly Garc\u00eda<\/strong>, en ocasi\u00f3n de la celebraci\u00f3n de su <strong>cumplea\u00f1os 71<\/strong>.<\/p>\n\n\n\n<p class=\"wp-block-paragraph\">Bajo el t\u00edtulo <em><strong>Charly Garc\u00eda y el tango, un poquito de amor para dar<\/strong><\/em>, el programa tendr\u00e1 como consigna repasar <strong>el v\u00ednculo del legendario m\u00fasico argentino con el tango<\/strong> y presentar\u00e1 a diversos artistas y grupos del g\u00e9nero que versionaron sus canciones en clave tanguera.<\/p>\n\n\n\n<blockquote class=\"wp-block-quote is-layout-flow wp-block-quote-is-layout-flow\"><p><em><strong>El especial de Doble A se estrenar\u00e1 el domingo 23 a las 19.<\/strong><\/em> <a href=\"http:\/\/www.fracturaexpuesta.com.ar\/doblearadio\/\" target=\"_blank\" rel=\"noopener\" title=\"\">Escucha ac\u00e1<\/a><\/p><\/blockquote>\n\n\n\n<p class=\"wp-block-paragraph\">Hijo predilecto del 2&#215;4 -junto a Nebbia y Spinetta- Charly Garc\u00eda forj\u00f3 a lo largo de su carrera un modo de acercamiento al tango y elabor\u00f3 una filosof\u00eda que se nutri\u00f3 de diversos elementos de la expresi\u00f3n porte\u00f1a.<\/p>\n\n\n\n<p class=\"wp-block-paragraph\">El especial, <strong>producido por la radio online de Fractura Expuesta y conducido por Maxi Senkiw<\/strong>, se emitir\u00e1 a partir de las 19 (hora argentina) y luego tendr\u00e1 distintas repeticiones en los d\u00edas posteriores.<\/p>\n\n\n\n<p class=\"wp-block-paragraph\">&#x1f4fb; <strong>Estreno:<\/strong><\/p>\n\n\n\n<p class=\"wp-block-paragraph\">Domingo 23\/10 &#8211; 19 hs.<\/p>\n\n\n\n<p class=\"wp-block-paragraph\">&#x1f3a7; <strong>Repite:<\/strong><\/p>\n\n\n\n<p class=\"wp-block-paragraph\">Lunes 24\/10 &#8211; 11 hs.<br>Martes 25\/10 &#8211; 22 hs.<br>Mi\u00e9rcoles 26\/10 &#8211; 18 hs.<\/p>\n\n\n\n<figure class=\"wp-block-image size-large\"><img loading=\"lazy\" decoding=\"async\" width=\"1024\" height=\"683\" src=\"https:\/\/www.fracturaexpuesta.com.ar\/tango\/wp-content\/uploads\/299923702_1426264374507236_7556333217208217874_n-1024x683.jpg\" alt=\"\" class=\"wp-image-7450\" srcset=\"https:\/\/www.fracturaexpuesta.com.ar\/tango\/wp-content\/uploads\/299923702_1426264374507236_7556333217208217874_n-1024x683.jpg 1024w, https:\/\/www.fracturaexpuesta.com.ar\/tango\/wp-content\/uploads\/299923702_1426264374507236_7556333217208217874_n-300x200.jpg 300w, https:\/\/www.fracturaexpuesta.com.ar\/tango\/wp-content\/uploads\/299923702_1426264374507236_7556333217208217874_n-768x512.jpg 768w, https:\/\/www.fracturaexpuesta.com.ar\/tango\/wp-content\/uploads\/299923702_1426264374507236_7556333217208217874_n-1536x1024.jpg 1536w, https:\/\/www.fracturaexpuesta.com.ar\/tango\/wp-content\/uploads\/299923702_1426264374507236_7556333217208217874_n.jpg 2048w\" sizes=\"auto, (max-width: 1024px) 100vw, 1024px\" \/><figcaption><em><sup><mark style=\"background-color:rgba(0, 0, 0, 0)\" class=\"has-inline-color has-cyan-bluish-gray-color\">\u201cEscucho un tango y un rock y presiento que soy yo\u201d, resuena en el parlante de Doble A.<\/mark><\/sup><\/em><\/figcaption><\/figure>\n","protected":false},"excerpt":{"rendered":"<p>Este domingo 23, a las 19, Doble A emite un especial dedicado a Charly Garc\u00eda, en el d\u00eda de su cumplea\u00f1os.<\/p>\n","protected":false},"author":1,"featured_media":7621,"comment_status":"open","ping_status":"open","sticky":false,"template":"","format":"standard","meta":{"footnotes":""},"categories":[298,3],"tags":[140,292,319,32,307],"class_list":["post-7620","post","type-post","status-publish","format-standard","has-post-thumbnail","hentry","category-doble-a","category-noticias","tag-charly-garcia","tag-doble-a","tag-doblearadio","tag-featured","tag-maxi-senkiw"],"_links":{"self":[{"href":"https:\/\/www.fracturaexpuesta.com.ar\/tango\/wp-json\/wp\/v2\/posts\/7620","targetHints":{"allow":["GET"]}}],"collection":[{"href":"https:\/\/www.fracturaexpuesta.com.ar\/tango\/wp-json\/wp\/v2\/posts"}],"about":[{"href":"https:\/\/www.fracturaexpuesta.com.ar\/tango\/wp-json\/wp\/v2\/types\/post"}],"author":[{"embeddable":true,"href":"https:\/\/www.fracturaexpuesta.com.ar\/tango\/wp-json\/wp\/v2\/users\/1"}],"replies":[{"embeddable":true,"href":"https:\/\/www.fracturaexpuesta.com.ar\/tango\/wp-json\/wp\/v2\/comments?post=7620"}],"version-history":[{"count":12,"href":"https:\/\/www.fracturaexpuesta.com.ar\/tango\/wp-json\/wp\/v2\/posts\/7620\/revisions"}],"predecessor-version":[{"id":7633,"href":"https:\/\/www.fracturaexpuesta.com.ar\/tango\/wp-json\/wp\/v2\/posts\/7620\/revisions\/7633"}],"wp:featuredmedia":[{"embeddable":true,"href":"https:\/\/www.fracturaexpuesta.com.ar\/tango\/wp-json\/wp\/v2\/media\/7621"}],"wp:attachment":[{"href":"https:\/\/www.fracturaexpuesta.com.ar\/tango\/wp-json\/wp\/v2\/media?parent=7620"}],"wp:term":[{"taxonomy":"category","embeddable":true,"href":"https:\/\/www.fracturaexpuesta.com.ar\/tango\/wp-json\/wp\/v2\/categories?post=7620"},{"taxonomy":"post_tag","embeddable":true,"href":"https:\/\/www.fracturaexpuesta.com.ar\/tango\/wp-json\/wp\/v2\/tags?post=7620"}],"curies":[{"name":"wp","href":"https:\/\/api.w.org\/{rel}","templated":true}]}}