{"id":7650,"date":"2022-10-30T16:38:13","date_gmt":"2022-10-30T16:38:13","guid":{"rendered":"https:\/\/www.fracturaexpuesta.com.ar\/tango\/?p=7650"},"modified":"2022-10-31T14:10:44","modified_gmt":"2022-10-31T14:10:44","slug":"tango-post-2001-un-libro-que-indaga-en-la-letristrica-tanguera-del-siglo-xxi","status":"publish","type":"post","link":"https:\/\/www.fracturaexpuesta.com.ar\/tango\/tango-post-2001-un-libro-que-indaga-en-la-letristrica-tanguera-del-siglo-xxi\/","title":{"rendered":"Tango post 2001, un libro que indaga en la letr\u00edstrica tanguera del siglo XXI"},"content":{"rendered":"\n<p class=\"wp-block-paragraph\">No es que el tango ya no le escriba al amor, al barrio o a las injusticias. Esos t\u00f3picos universales parecen perdurar a lo largo de las d\u00e9cadas en el universo de la letr\u00edstica tanguera.<\/p>\n\n\n\n<p class=\"wp-block-paragraph\">Sin embargo, las claves bajo las que se perfilan aquellos asuntos no se reproducen de modo mec\u00e1nico, iguales a las de los tiempos \u201cdorados\u201d. Todo se transforma, obviedad que a veces el tango ha resistido en su curso vital.<\/p>\n\n\n\n<p class=\"wp-block-paragraph\">Con esa premisa inicial de reconfiguraci\u00f3n, el escritor y ensayista <strong>Mat\u00edas Mauricio<\/strong> avanza un paso m\u00e1s. En su nuevo libro, titulado <em><strong>Tango post 2001: estallido social y nuevas po\u00e9ticas<\/strong><\/em>, Mauricio <strong>busca rastrear y definir un tono epocal, lo distintivo de la letr\u00edstica construida en el tango <\/strong>luego del estallido que se evidenci\u00f3 en la Argentina tras la crisis de 2001. All\u00ed est\u00e1 su inter\u00e9s, en la emergencia de \u201cotros prismas\u201d bajo los que canta el tango del siglo XXI. Dir\u00e1 Sergio Pujol, en el pr\u00f3logo, una construcci\u00f3n entre rupturas y clivajes.<\/p>\n\n\n\n<p class=\"wp-block-paragraph\">\u201cLas letras que conforman el cancionero de estas dos primeras d\u00e9cadas del siglo XXI muestran una <strong>preferencia por la tem\u00e1tica social y la denuncia cr\u00edtica\u201d<\/strong>, define el autor e investigador del Centro Cultural de la Cooperaci\u00f3n e integrante tambi\u00e9n de la Academia Nacional del Tango. <\/p>\n\n\n\n<p class=\"wp-block-paragraph\">Y agrega sobre los protagonistas: \u201cUna nueva generaci\u00f3n de j\u00f3venes que buscan un modo posible de procesar sus preguntas, su rabia y, a veces, su esperanza\u201d.<\/p>\n\n\n<div class=\"wp-block-image\">\n<figure class=\"aligncenter size-large\"><img loading=\"lazy\" decoding=\"async\" width=\"674\" height=\"1024\" src=\"https:\/\/www.fracturaexpuesta.com.ar\/tango\/wp-content\/uploads\/TANGO-POST-2001-TAPA-DE-LIBRO-674x1024.jpg\" alt=\"\" class=\"wp-image-7652\" srcset=\"https:\/\/www.fracturaexpuesta.com.ar\/tango\/wp-content\/uploads\/TANGO-POST-2001-TAPA-DE-LIBRO-674x1024.jpg 674w, https:\/\/www.fracturaexpuesta.com.ar\/tango\/wp-content\/uploads\/TANGO-POST-2001-TAPA-DE-LIBRO-198x300.jpg 198w, https:\/\/www.fracturaexpuesta.com.ar\/tango\/wp-content\/uploads\/TANGO-POST-2001-TAPA-DE-LIBRO-768x1166.jpg 768w, https:\/\/www.fracturaexpuesta.com.ar\/tango\/wp-content\/uploads\/TANGO-POST-2001-TAPA-DE-LIBRO.jpg 800w\" sizes=\"auto, (max-width: 674px) 100vw, 674px\" \/><figcaption><sup><em><mark style=\"background-color:rgba(0, 0, 0, 0)\" class=\"has-inline-color has-cyan-bluish-gray-color\">La portada del libro de Mat\u00edas Mauricio.<\/mark><\/em><\/sup><\/figcaption><\/figure>\n<\/div>\n\n\n<p class=\"wp-block-paragraph\">A modo de adelanto, se reproduce a continuaci\u00f3n el apartado <strong><em>Ay, la ciudad\u2026 novedad de hoy<\/em> <em>y ruina de pasado ma\u00f1ana<\/em><\/strong>, con el que abre el ensayo de Mat\u00edas Mauricio que, adem\u00e1s, presenta una nutrida antolog\u00eda de letras.<\/p>\n\n\n\n<p class=\"has-text-align-center wp-block-paragraph\">***<\/p>\n\n\n\n<p class=\"has-drop-cap wp-block-paragraph\">Ayer fue la languidez de la nostalgia, las salsas de los domingos, las glicinas que inundaban las tardes del barrio, la silla en la vereda. Hoy es la agitaci\u00f3n adrenal\u00ednica, el puro instante, la dentellada rabiosa de una ciudad fam\u00e9lica, bab\u00e9lica, convulsa, enemiga \u2013aunque tambi\u00e9n compa\u00f1era. \u00bfQu\u00e9 hacen las nuevas letras de tango con este siglo XXI que es su presente? \u00bfC\u00f3mo lo imaginan, lo interpretan, lo discuten, lo reinventan?<\/p>\n\n\n\n<p class=\"wp-block-paragraph\">La letr\u00edstica del tango actual o, dicho de otro modo, ese corpus hecho de objetos verbales-r\u00edtmicos que producen im\u00e1genes, destellos y fulguraciones \u2013letras\u2013, ya no transita la cuesti\u00f3n informativa de las autopistas que invadieron la ciudad, ni tampoco nos hace saber de la piqueta que se llev\u00f3 las \u00faltimas llagas de una casa con historia para darle paso al monstruo de hormig\u00f3n que lo tap\u00f3 todo. Sin dejar de hablar de los temas universales \u2013el amor en todas sus formas, la fugacidad del tiempo, la soledad, la muerte\u2013, lxs letristas llegadxs a la escena del tango post 2001 se animan (nos animamos) a hablarle a esta ciudad, bajo otras claves, otros prismas.<\/p>\n\n\n\n<p class=\"wp-block-paragraph\">En efecto, entendiendo que todo tango (procaz, picaresco, moralista, l\u00edrico o contestatario) posee una dimensi\u00f3n pol\u00edtica, considero que buena parte de las letras que conforman el cancionero de estas dos primeras d\u00e9cadas del siglo XXI muestran una preferencia por la tem\u00e1tica social y la denuncia cr\u00edtica. Este perfil \u2013acaso m\u00e1s oscuro, tal vez m\u00e1s chirriante, quiz\u00e1 m\u00e1s herm\u00e9tico que en d\u00e9cadas anteriores\u2013 se explica, en parte, por las caracter\u00edsticas del territorio socio-econ\u00f3mico y cultural desde el cual emergen y al cual retornan; y, tambi\u00e9n, porque han sido escritas por una nueva generaci\u00f3n de j\u00f3venes que buscan un modo posible de procesar sus preguntas, su rabia y, a veces, su esperanza.<\/p>\n\n\n\n<p class=\"wp-block-paragraph\">Antes que una mirada panor\u00e1mica sobre la letr\u00edstica contempor\u00e1nea \u2013estudiando todas sus vertientes, t\u00f3picos, m\u00faltiples autorxs y procedimientos recurrentes\u2013, este libro se enfoca, m\u00e1s modestamente, en describir y comprender un recorte espec\u00edfico y situado. Soy consciente de que la nostalgia por aquello que se ha perdido y el amor, son temas persistentes en el g\u00e9nero; sin embargo, deliberadamente, he optado por centrarme en un corpus de obra que, a mi criterio, resulta ser \u201cel sonido epocal\u201d, \u201clo distintivo\u201d, \u201cel tono\u201d de la escena tanguera post 2001. Lo hago desde un evidente posicionamiento \u201cmixto\u201d, anfibio, es decir, siendo parte del fen\u00f3meno que estudio, y procurando la distancia cr\u00edtica del analista, lo que conlleva paradojas, tensiones y alertas reflexivas.<\/p>\n\n\n\n<p class=\"wp-block-paragraph\">En este sonido epocal: \u00bfqu\u00e9 detecto?, \u00bfqu\u00e9 im\u00e1genes aparecen (suenan)? Entre otras, los desguaces inoculados desde las arcas de los gobiernos venenosos, el hambre que hunde los brazos en la basura, la impugnaci\u00f3n al patriarcado y el paulatino derrumbe de la m\u00e1scara que invisibiliza sus atropellos, la bala perdida, las plazas enrejadas, los nuevos v\u00ednculos er\u00f3tico-afectivos, y un rostro distinto de la soledad: cada unx en su cueva, cada vez m\u00e1s monitoreadxs, los ojos inyectados en la pantalla de Google, la libido puesta al servicio de la llegada del delivery. As\u00ed la ciudad, tu ciudad, nuestra ciudad, novedad de hoy y ruina de pasado ma\u00f1ana, enterrada y resucitada cada d\u00eda\u2026<\/p>\n\n\n\n<p class=\"has-text-align-center wp-block-paragraph\">***<\/p>\n\n\n\n<p class=\"wp-block-paragraph\" style=\"font-size:15px\"><strong><em>El libro TANGO POST 2001: estallido social y nuevas po\u00e9ticas (Ediciones del CCC) ser\u00e1 presentado el mi\u00e9rcoles 2 de noviembre, a las 19.30, en la Sala Solidaridad del Centro Cultural de la Cooperaci\u00f3n. Con m\u00fasica en vivo de Cucuza Castiello, Leandro Nikitoff, Mariano Heler, Juampy Ram\u00edrez, Cindy Harcha y la exhibici\u00f3n del bandone\u00f3n de An\u00edbal Troilo.<\/em><\/strong><\/p>\n","protected":false},"excerpt":{"rendered":"<p>Un adelanto del nuevo libro del escritor y ensayista Mat\u00edas Mauricio.<\/p>\n","protected":false},"author":1,"featured_media":7651,"comment_status":"open","ping_status":"open","sticky":false,"template":"","format":"standard","meta":{"footnotes":""},"categories":[3],"tags":[32,500,111,501],"class_list":["post-7650","post","type-post","status-publish","format-standard","has-post-thumbnail","hentry","category-noticias","tag-featured","tag-matias-mauricio","tag-tango","tag-tango-siglo-xxi"],"_links":{"self":[{"href":"https:\/\/www.fracturaexpuesta.com.ar\/tango\/wp-json\/wp\/v2\/posts\/7650","targetHints":{"allow":["GET"]}}],"collection":[{"href":"https:\/\/www.fracturaexpuesta.com.ar\/tango\/wp-json\/wp\/v2\/posts"}],"about":[{"href":"https:\/\/www.fracturaexpuesta.com.ar\/tango\/wp-json\/wp\/v2\/types\/post"}],"author":[{"embeddable":true,"href":"https:\/\/www.fracturaexpuesta.com.ar\/tango\/wp-json\/wp\/v2\/users\/1"}],"replies":[{"embeddable":true,"href":"https:\/\/www.fracturaexpuesta.com.ar\/tango\/wp-json\/wp\/v2\/comments?post=7650"}],"version-history":[{"count":8,"href":"https:\/\/www.fracturaexpuesta.com.ar\/tango\/wp-json\/wp\/v2\/posts\/7650\/revisions"}],"predecessor-version":[{"id":7663,"href":"https:\/\/www.fracturaexpuesta.com.ar\/tango\/wp-json\/wp\/v2\/posts\/7650\/revisions\/7663"}],"wp:featuredmedia":[{"embeddable":true,"href":"https:\/\/www.fracturaexpuesta.com.ar\/tango\/wp-json\/wp\/v2\/media\/7651"}],"wp:attachment":[{"href":"https:\/\/www.fracturaexpuesta.com.ar\/tango\/wp-json\/wp\/v2\/media?parent=7650"}],"wp:term":[{"taxonomy":"category","embeddable":true,"href":"https:\/\/www.fracturaexpuesta.com.ar\/tango\/wp-json\/wp\/v2\/categories?post=7650"},{"taxonomy":"post_tag","embeddable":true,"href":"https:\/\/www.fracturaexpuesta.com.ar\/tango\/wp-json\/wp\/v2\/tags?post=7650"}],"curies":[{"name":"wp","href":"https:\/\/api.w.org\/{rel}","templated":true}]}}