{"id":7682,"date":"2022-11-01T21:21:15","date_gmt":"2022-11-01T21:21:15","guid":{"rendered":"https:\/\/www.fracturaexpuesta.com.ar\/tango\/?p=7682"},"modified":"2022-11-01T21:25:43","modified_gmt":"2022-11-01T21:25:43","slug":"deriva-de-cuerdas-del-plata","status":"publish","type":"post","link":"https:\/\/www.fracturaexpuesta.com.ar\/tango\/deriva-de-cuerdas-del-plata\/","title":{"rendered":"\u00abDeriva\u00bb, lo nuevo de Cuerdas del Plata"},"content":{"rendered":"\n<p class=\"wp-block-paragraph\">En sinton\u00eda con la publicaci\u00f3n de su disco <em>Deriva<\/em>, la Orquesta Cuerdas del Plata present\u00f3 el videoclip del tema que da t\u00edtulo al material.<\/p>\n\n\n\n<p class=\"wp-block-paragraph\">Un orquesta enfocada hacia el sonido de las cuerdas en el tango, con repertorio original y una narrativa visual que apela a la din\u00e1mica del movimiento.<\/p>\n\n\n\n<p class=\"wp-block-paragraph\">\u00abDeriva\u00bb es una composici\u00f3n de P\u00e9talo Selser. El video fue realizado por Alejandro Diez y protagonizado por Violeta Campos Eli\u00e7abe.<\/p>\n\n\n\n<figure class=\"wp-block-embed is-type-rich is-provider-gestor-del-servicio wp-block-embed-gestor-del-servicio wp-embed-aspect-16-9 wp-has-aspect-ratio\"><div class=\"wp-block-embed__wrapper\">\n<iframe loading=\"lazy\" title=\"Deriva - Orquesta Cuerdas del Plata\" width=\"640\" height=\"360\" src=\"https:\/\/www.youtube.com\/embed\/g5oLrtZDeSI?feature=oembed\" frameborder=\"0\" allow=\"accelerometer; autoplay; clipboard-write; encrypted-media; gyroscope; picture-in-picture; web-share\" referrerpolicy=\"strict-origin-when-cross-origin\" allowfullscreen><\/iframe>\n<\/div><\/figure>\n","protected":false},"excerpt":{"rendered":"<p>En sinton\u00eda con la publicaci\u00f3n de su disco Deriva, la Orquesta Cuerdas del Plata present\u00f3 el videoclip del tema que da t\u00edtulo al material. Un orquesta enfocada hacia el sonido de las cuerdas en el tango, con repertorio original y una narrativa visual que apela a la din\u00e1mica del movimiento. \u00abDeriva\u00bb es una composici\u00f3n de [&hellip;]<\/p>\n","protected":false},"author":1,"featured_media":7684,"comment_status":"open","ping_status":"open","sticky":false,"template":"","format":"video","meta":{"footnotes":""},"categories":[2],"tags":[269,502,503],"class_list":["post-7682","post","type-post","status-publish","format-video","has-post-thumbnail","hentry","category-videos","tag-alejandro-diez","tag-cuerdas-del-plata","tag-petalo-selser","post_format-post-format-video"],"_links":{"self":[{"href":"https:\/\/www.fracturaexpuesta.com.ar\/tango\/wp-json\/wp\/v2\/posts\/7682","targetHints":{"allow":["GET"]}}],"collection":[{"href":"https:\/\/www.fracturaexpuesta.com.ar\/tango\/wp-json\/wp\/v2\/posts"}],"about":[{"href":"https:\/\/www.fracturaexpuesta.com.ar\/tango\/wp-json\/wp\/v2\/types\/post"}],"author":[{"embeddable":true,"href":"https:\/\/www.fracturaexpuesta.com.ar\/tango\/wp-json\/wp\/v2\/users\/1"}],"replies":[{"embeddable":true,"href":"https:\/\/www.fracturaexpuesta.com.ar\/tango\/wp-json\/wp\/v2\/comments?post=7682"}],"version-history":[{"count":2,"href":"https:\/\/www.fracturaexpuesta.com.ar\/tango\/wp-json\/wp\/v2\/posts\/7682\/revisions"}],"predecessor-version":[{"id":7686,"href":"https:\/\/www.fracturaexpuesta.com.ar\/tango\/wp-json\/wp\/v2\/posts\/7682\/revisions\/7686"}],"wp:featuredmedia":[{"embeddable":true,"href":"https:\/\/www.fracturaexpuesta.com.ar\/tango\/wp-json\/wp\/v2\/media\/7684"}],"wp:attachment":[{"href":"https:\/\/www.fracturaexpuesta.com.ar\/tango\/wp-json\/wp\/v2\/media?parent=7682"}],"wp:term":[{"taxonomy":"category","embeddable":true,"href":"https:\/\/www.fracturaexpuesta.com.ar\/tango\/wp-json\/wp\/v2\/categories?post=7682"},{"taxonomy":"post_tag","embeddable":true,"href":"https:\/\/www.fracturaexpuesta.com.ar\/tango\/wp-json\/wp\/v2\/tags?post=7682"}],"curies":[{"name":"wp","href":"https:\/\/api.w.org\/{rel}","templated":true}]}}