{"id":7752,"date":"2022-11-09T01:17:17","date_gmt":"2022-11-09T01:17:17","guid":{"rendered":"https:\/\/www.fracturaexpuesta.com.ar\/tango\/?p=7752"},"modified":"2022-11-09T01:22:26","modified_gmt":"2022-11-09T01:22:26","slug":"vuelve-el-tango-con-el-sonido-del-bandoneon-de-troilo","status":"publish","type":"post","link":"https:\/\/www.fracturaexpuesta.com.ar\/tango\/vuelve-el-tango-con-el-sonido-del-bandoneon-de-troilo\/","title":{"rendered":"\u00abVuelve el tango\u00bb con el sonido del bandone\u00f3n de Troilo"},"content":{"rendered":"\n<p class=\"wp-block-paragraph\">El escritor y ensayista Mat\u00edas Mauricio recita \u00abVuelve el tango\u00bb, de Jorge \u00abAlorsa\u00bb Pandelucos, el recordado cantautor de La Guardia Hereje.<\/p>\n\n\n\n<p class=\"wp-block-paragraph\">Un texto representativo para los nuevos protagonistas del tango que aparece ahora musicalizado con la ejecuci\u00f3n de uno de los bandoneones que perteneci\u00f3 a An\u00edbal Troilo, a cargo de Cindy Harcha.<\/p>\n\n\n\n<p class=\"has-text-align-center wp-block-paragraph\">***<\/p>\n\n\n\n<p class=\"wp-block-paragraph\" style=\"font-size:26px\"><strong>Vuelve el tango<\/strong><\/p>\n\n\n\n<p class=\"wp-block-paragraph\">Me ley\u00f3 una gitana en la borra del caf\u00e9 que vuelve el tango<\/p>\n\n\n\n<p class=\"wp-block-paragraph\">Una ambulancia prende la sirena de las pizzas y los malabaristas de luz roja apuran el mangazo<br>Una pareja se jura al celular las dos horas de trampa en alg\u00fan telo<br>Y alguien solo en una pieza busca en el diario el delivery de trolas\u2026 vuelve el tango<\/p>\n\n\n\n<p class=\"wp-block-paragraph\">Y que vuelva nom\u00e1s, si est\u00e1 en su casa<br>Bienvenida de mates y gorriones, bienvenida de vinos y de farra<br>Por su primer amor que fue milonga<br>De su primer amor que fue guitarra<\/p>\n\n\n\n<p class=\"wp-block-paragraph\">Lo hab\u00edan apoliyado tenores engolados<br>Lo encerraron en museos repetidos, en telara\u00f1as de sombras de versiones<br>Los que quisieron salvarse con Carlitos, con el Gordo, con el Tano<br>Lo hicieron tan cornudo que aburrieron, lo exportaron, le llenaron de sellos el pasaporte<br>Lo pisotearon atl\u00e9ticos bailarines que saltaban demasiado<br>A \u00e9l, que naci\u00f3 maldito y malparido en pesebres de patios y quilombos,<br>Lo crucificaron en la resurrecci\u00f3n de cumparsitas<\/p>\n\n\n\n<p class=\"wp-block-paragraph\">Se\u00f1ores, vuelve el tango, muzzarella y sin barullo<br>A reclamar de nuevo lo que es suyo<br>En plena juventud de sus 100 a\u00f1os, vestido de bac\u00e1n y en zapatillas<br>Se dej\u00f3 el funyi viejo para que no vayan a creer que da verg\u00fcenza<br>Se arranc\u00f3 el quincho zanahoria, la biy\u00fa de lunfardos oxidados,<br>Se sopl\u00f3 las frituras de la solapa y se vino, en bondi<br>Lo acompa\u00f1an musiqueros a la gorra, un coro de diarieros y de pibes,<br>De choborras, de chorros de autopartes<br>Dicen que se fue del barrio, cuando?\u2026siga, siga!\u2026y la pelota no se mancha<br>Vuelve el tango, y que bufen los eunucos!<\/p>\n\n\n\n<p class=\"wp-block-paragraph\">Me ley\u00f3 una gitana en la borra del caf\u00e9 que vuelve el tango<br>Se escap\u00f3 de enredadas partituras<br>Los que no lo conocen lo ped\u00edan<br>Alguien lo dio por muerto, qu\u00e9 locura!<br>si era siesta, nom\u00e1s,<br>La que dorm\u00eda.<\/p>\n\n\n\n<figure class=\"wp-block-embed is-type-rich is-provider-gestor-del-servicio wp-block-embed-gestor-del-servicio wp-embed-aspect-16-9 wp-has-aspect-ratio\"><div class=\"wp-block-embed__wrapper\">\n<iframe loading=\"lazy\" title=\"&quot;Vuelve el tango&quot; (Alorsa) - Mat\u00edas Mauricio y Cindy Harcha con el bandone\u00f3n de An\u00edbal Troilo\" width=\"640\" height=\"360\" src=\"https:\/\/www.youtube.com\/embed\/LTlg3OxFG2E?feature=oembed\" frameborder=\"0\" allow=\"accelerometer; autoplay; clipboard-write; encrypted-media; gyroscope; picture-in-picture; web-share\" referrerpolicy=\"strict-origin-when-cross-origin\" allowfullscreen><\/iframe>\n<\/div><\/figure>\n","protected":false},"excerpt":{"rendered":"<p>Una versi\u00f3n con Mat\u00edas Mauricio y Cindy Harcha, acompa\u00f1ados por el bandone\u00f3n que perteneci\u00f3 a An\u00edbal Troilo.<\/p>\n","protected":false},"author":1,"featured_media":7754,"comment_status":"open","ping_status":"open","sticky":false,"template":"","format":"video","meta":{"footnotes":""},"categories":[2],"tags":[243,508,507,32,244,500],"class_list":["post-7752","post","type-post","status-publish","format-video","has-post-thumbnail","hentry","category-videos","tag-alorsa","tag-anibal-troilo","tag-cindy-harcha","tag-featured","tag-la-guardia-hereje","tag-matias-mauricio","post_format-post-format-video"],"_links":{"self":[{"href":"https:\/\/www.fracturaexpuesta.com.ar\/tango\/wp-json\/wp\/v2\/posts\/7752","targetHints":{"allow":["GET"]}}],"collection":[{"href":"https:\/\/www.fracturaexpuesta.com.ar\/tango\/wp-json\/wp\/v2\/posts"}],"about":[{"href":"https:\/\/www.fracturaexpuesta.com.ar\/tango\/wp-json\/wp\/v2\/types\/post"}],"author":[{"embeddable":true,"href":"https:\/\/www.fracturaexpuesta.com.ar\/tango\/wp-json\/wp\/v2\/users\/1"}],"replies":[{"embeddable":true,"href":"https:\/\/www.fracturaexpuesta.com.ar\/tango\/wp-json\/wp\/v2\/comments?post=7752"}],"version-history":[{"count":3,"href":"https:\/\/www.fracturaexpuesta.com.ar\/tango\/wp-json\/wp\/v2\/posts\/7752\/revisions"}],"predecessor-version":[{"id":7757,"href":"https:\/\/www.fracturaexpuesta.com.ar\/tango\/wp-json\/wp\/v2\/posts\/7752\/revisions\/7757"}],"wp:featuredmedia":[{"embeddable":true,"href":"https:\/\/www.fracturaexpuesta.com.ar\/tango\/wp-json\/wp\/v2\/media\/7754"}],"wp:attachment":[{"href":"https:\/\/www.fracturaexpuesta.com.ar\/tango\/wp-json\/wp\/v2\/media?parent=7752"}],"wp:term":[{"taxonomy":"category","embeddable":true,"href":"https:\/\/www.fracturaexpuesta.com.ar\/tango\/wp-json\/wp\/v2\/categories?post=7752"},{"taxonomy":"post_tag","embeddable":true,"href":"https:\/\/www.fracturaexpuesta.com.ar\/tango\/wp-json\/wp\/v2\/tags?post=7752"}],"curies":[{"name":"wp","href":"https:\/\/api.w.org\/{rel}","templated":true}]}}