{"id":7770,"date":"2022-11-15T18:40:56","date_gmt":"2022-11-15T18:40:56","guid":{"rendered":"https:\/\/www.fracturaexpuesta.com.ar\/tango\/?p=7770"},"modified":"2022-11-15T18:53:19","modified_gmt":"2022-11-15T18:53:19","slug":"fin-de-ano-a-pleno-tango-15-discos-recientemente-editados","status":"publish","type":"post","link":"https:\/\/www.fracturaexpuesta.com.ar\/tango\/fin-de-ano-a-pleno-tango-15-discos-recientemente-editados\/","title":{"rendered":"Fin de a\u00f1o a pleno tango: 15 discos recientemente editados"},"content":{"rendered":"\n<p class=\"wp-block-paragraph\">Octubre y noviembre se convirtieron en meses que trajeron una gran cantidad de anuncios de lanzamientos de discos de tango.<\/p>\n\n\n\n<p class=\"wp-block-paragraph\">Se trata de <strong>nuevas producciones<\/strong> que presentan la obra de orquestas, grupos, cantantes y solistas que forman parte del panorama actual del g\u00e9nero.<\/p>\n\n\n\n<p class=\"wp-block-paragraph\"><em>Fractura Expuesta <\/em>confeccion\u00f3 una lista con <strong>15 lanzamientos recientes <\/strong>que dan cuenta de las m\u00faltiples miradas que conviven hoy en el tango.<\/p>\n\n\n\n<p class=\"wp-block-paragraph\">Muchas de esas producciones se pueden escuchar tambi\u00e9n en la programaci\u00f3n musical que propone <em><a href=\"http:\/\/www.fracturaexpuesta.com.ar\/doblearadio\/\" target=\"_blank\" rel=\"noopener\" title=\"\">Doble A, la radio online de Fractura Expuesta<\/a>.<\/em><\/p>\n\n\n\n<p class=\"has-text-align-center wp-block-paragraph\">***<\/p>\n\n\n\n<p class=\"has-black-color has-text-color wp-block-paragraph\" style=\"font-size:24px\"><strong>Orquesta T\u00edpica Juli\u00e1n Peralta<br><\/strong><em>\u00abMal Arreado\u00bb<\/em><\/p>\n\n\n\n<figure class=\"wp-block-image size-large\"><img loading=\"lazy\" decoding=\"async\" width=\"1024\" height=\"1024\" src=\"https:\/\/www.fracturaexpuesta.com.ar\/tango\/wp-content\/uploads\/orquesta-julian-peralta-mal-arreado-1024x1024.jpg\" alt=\"\" class=\"wp-image-7771\" srcset=\"https:\/\/www.fracturaexpuesta.com.ar\/tango\/wp-content\/uploads\/orquesta-julian-peralta-mal-arreado-1024x1024.jpg 1024w, https:\/\/www.fracturaexpuesta.com.ar\/tango\/wp-content\/uploads\/orquesta-julian-peralta-mal-arreado-300x300.jpg 300w, https:\/\/www.fracturaexpuesta.com.ar\/tango\/wp-content\/uploads\/orquesta-julian-peralta-mal-arreado-150x150.jpg 150w, https:\/\/www.fracturaexpuesta.com.ar\/tango\/wp-content\/uploads\/orquesta-julian-peralta-mal-arreado-768x768.jpg 768w, https:\/\/www.fracturaexpuesta.com.ar\/tango\/wp-content\/uploads\/orquesta-julian-peralta-mal-arreado-1536x1536.jpg 1536w, https:\/\/www.fracturaexpuesta.com.ar\/tango\/wp-content\/uploads\/orquesta-julian-peralta-mal-arreado-100x100.jpg 100w, https:\/\/www.fracturaexpuesta.com.ar\/tango\/wp-content\/uploads\/orquesta-julian-peralta-mal-arreado.jpg 2000w\" sizes=\"auto, (max-width: 1024px) 100vw, 1024px\" \/><\/figure>\n\n\n\n<p class=\"wp-block-paragraph\">Con el sello de un compositor que ya es caracter\u00edstico del repertorio tanguero de las \u00faltimas dos d\u00e9cadas. Un EP en el que Peralta junto a su orquesta presenta composiciones nuevas y adem\u00e1s reinterpreta parte de su obra, como el tema que da t\u00edtulo al disco.<\/p>\n\n\n\n<div class=\"wp-block-buttons is-layout-flex wp-block-buttons-is-layout-flex\">\n<div class=\"wp-block-button\"><a class=\"wp-block-button__link has-white-color has-text-color has-background\" href=\"https:\/\/www.youtube.com\/watch?v=j3soYXyztTs\" style=\"background-color:#ff0000\" target=\"_blank\" rel=\"noreferrer noopener\">&#x1f3a7; Escuchar \u00abMal arreado\u00bb<\/a><\/div>\n<\/div>\n\n\n\n<div style=\"height:60px\" aria-hidden=\"true\" class=\"wp-block-spacer\"><\/div>\n\n\n\n<p class=\"wp-block-paragraph\" style=\"font-size:24px\"><strong>El Arranque<\/strong><br><em>\u00abCamaradas\u00bb<\/em><\/p>\n\n\n\n<figure class=\"wp-block-image size-full\"><img loading=\"lazy\" decoding=\"async\" width=\"960\" height=\"960\" src=\"https:\/\/www.fracturaexpuesta.com.ar\/tango\/wp-content\/uploads\/el-arranque-camaradas.jpg\" alt=\"\" class=\"wp-image-7788\" srcset=\"https:\/\/www.fracturaexpuesta.com.ar\/tango\/wp-content\/uploads\/el-arranque-camaradas.jpg 960w, https:\/\/www.fracturaexpuesta.com.ar\/tango\/wp-content\/uploads\/el-arranque-camaradas-300x300.jpg 300w, https:\/\/www.fracturaexpuesta.com.ar\/tango\/wp-content\/uploads\/el-arranque-camaradas-150x150.jpg 150w, https:\/\/www.fracturaexpuesta.com.ar\/tango\/wp-content\/uploads\/el-arranque-camaradas-768x768.jpg 768w, https:\/\/www.fracturaexpuesta.com.ar\/tango\/wp-content\/uploads\/el-arranque-camaradas-100x100.jpg 100w\" sizes=\"auto, (max-width: 960px) 100vw, 960px\" \/><\/figure>\n\n\n\n<p class=\"wp-block-paragraph\">Otra agrupaci\u00f3n pionera, de esas que alumbraban cuando el panorama tanguero parec\u00eda desolado a principios del siglo XXI. Noveno disco que re\u00fane al grupo con el bandoneonista V\u00edctor Lavall\u00e9n. Una celebraci\u00f3n de la obra compositiva de Emilio Balcarce y Juli\u00e1n Plaza.<\/p>\n\n\n\n<div class=\"wp-block-buttons is-layout-flex wp-block-buttons-is-layout-flex\">\n<div class=\"wp-block-button\"><a class=\"wp-block-button__link has-white-color has-text-color has-background\" href=\"https:\/\/www.youtube.com\/watch?v=b8rZCbWnCMk&amp;list=OLAK5uy_kINC9ypbhLkj5nnHhG7TzbOp730OefJQ8\" style=\"background-color:#ff0000\" target=\"_blank\" rel=\"noreferrer noopener\">&#x1f3a7; Escuchar \u00abCamaradas\u00bb<\/a><\/div>\n<\/div>\n\n\n\n<div style=\"height:60px\" aria-hidden=\"true\" class=\"wp-block-spacer\"><\/div>\n\n\n\n<p class=\"wp-block-paragraph\" style=\"font-size:24px\"><strong>Bandonegro<\/strong><br><em>\u00abColor Aires\u00bb<\/em><\/p>\n\n\n\n<figure class=\"wp-block-image size-full\"><img loading=\"lazy\" decoding=\"async\" width=\"1000\" height=\"1000\" src=\"https:\/\/www.fracturaexpuesta.com.ar\/tango\/wp-content\/uploads\/bandonegro-color-aires.png\" alt=\"\" class=\"wp-image-7820\" srcset=\"https:\/\/www.fracturaexpuesta.com.ar\/tango\/wp-content\/uploads\/bandonegro-color-aires.png 1000w, https:\/\/www.fracturaexpuesta.com.ar\/tango\/wp-content\/uploads\/bandonegro-color-aires-300x300.png 300w, https:\/\/www.fracturaexpuesta.com.ar\/tango\/wp-content\/uploads\/bandonegro-color-aires-150x150.png 150w, https:\/\/www.fracturaexpuesta.com.ar\/tango\/wp-content\/uploads\/bandonegro-color-aires-768x768.png 768w, https:\/\/www.fracturaexpuesta.com.ar\/tango\/wp-content\/uploads\/bandonegro-color-aires-100x100.png 100w\" sizes=\"auto, (max-width: 1000px) 100vw, 1000px\" \/><\/figure>\n\n\n\n<p class=\"wp-block-paragraph\">El grupo de tango oriundo de Polonia lanz\u00f3 su cuarto disco. Una selecci\u00f3n de reconocidos tangos, milongas y valses argentinos de la \u00e9poca dorada. \u201cUna narraci\u00f3n sobre la libertad, la honestidad y el amor de las personas, para quienes el tango es s\u00edmbolo de vida y camino de expresi\u00f3n creativa\u201d, cuentan los polacos.<\/p>\n\n\n\n<div class=\"wp-block-buttons is-layout-flex wp-block-buttons-is-layout-flex\">\n<div class=\"wp-block-button\"><a class=\"wp-block-button__link has-white-color has-text-color has-background\" href=\"https:\/\/open.spotify.com\/album\/37Lrf06csOpVNT24DEjjHX\" style=\"background-color:#ff0000\" target=\"_blank\" rel=\"noreferrer noopener\">&#x1f3a7; Escuchar \u00abColor Aires\u00bb<\/a><\/div>\n<\/div>\n\n\n\n<div style=\"height:60px\" aria-hidden=\"true\" class=\"wp-block-spacer\"><\/div>\n\n\n\n<p class=\"wp-block-paragraph\" style=\"font-size:24px\"><strong>Tang\u00f3tico<br><\/strong><em>\u00abVol. 2\u00bb<\/em><\/p>\n\n\n\n<figure class=\"wp-block-image size-large\"><img loading=\"lazy\" decoding=\"async\" width=\"1024\" height=\"1024\" src=\"https:\/\/www.fracturaexpuesta.com.ar\/tango\/wp-content\/uploads\/tangotico-vol-2-1024x1024.jpg\" alt=\"\" class=\"wp-image-7827\" srcset=\"https:\/\/www.fracturaexpuesta.com.ar\/tango\/wp-content\/uploads\/tangotico-vol-2-1024x1024.jpg 1024w, https:\/\/www.fracturaexpuesta.com.ar\/tango\/wp-content\/uploads\/tangotico-vol-2-300x300.jpg 300w, https:\/\/www.fracturaexpuesta.com.ar\/tango\/wp-content\/uploads\/tangotico-vol-2-150x150.jpg 150w, https:\/\/www.fracturaexpuesta.com.ar\/tango\/wp-content\/uploads\/tangotico-vol-2-768x768.jpg 768w, https:\/\/www.fracturaexpuesta.com.ar\/tango\/wp-content\/uploads\/tangotico-vol-2-100x100.jpg 100w, https:\/\/www.fracturaexpuesta.com.ar\/tango\/wp-content\/uploads\/tangotico-vol-2.jpg 1080w\" sizes=\"auto, (max-width: 1024px) 100vw, 1024px\" \/><\/figure>\n\n\n\n<p class=\"wp-block-paragraph\">El cantautor Alfredo Piro y el pianista Pablo Montanelli reconfirman su lazo musical con la segunda entrega del d\u00fao. \u201cTang\u00f3tico es rock hecho por m\u00fasicos de tango\u201d, explican. Con la participaci\u00f3n de distintos artistas invitados.<\/p>\n\n\n\n<div class=\"wp-block-buttons is-layout-flex wp-block-buttons-is-layout-flex\">\n<div class=\"wp-block-button\"><a class=\"wp-block-button__link has-white-color has-text-color has-background\" href=\"https:\/\/open.spotify.com\/album\/5LexiD5z2VHj7Leo94fS22?si=yI3OL6BcTLmuLPKQ9kOtYw\" style=\"background-color:#ff0000\" target=\"_blank\" rel=\"noreferrer noopener\">&#x1f3a7; Escuchar \u00abVol.2\u00bb<\/a><\/div>\n<\/div>\n\n\n\n<div style=\"height:60px\" aria-hidden=\"true\" class=\"wp-block-spacer\"><\/div>\n\n\n\n<p class=\"wp-block-paragraph\" style=\"font-size:24px\"><strong>Maga Lalo<br><\/strong><em>\u00abRota de tango\u00bb<\/em><\/p>\n\n\n\n<figure class=\"wp-block-image size-full\"><img loading=\"lazy\" decoding=\"async\" width=\"800\" height=\"800\" src=\"https:\/\/www.fracturaexpuesta.com.ar\/tango\/wp-content\/uploads\/Maga-lalo-ROTA-DE-TANGO.jpg\" alt=\"\" class=\"wp-image-7831\" srcset=\"https:\/\/www.fracturaexpuesta.com.ar\/tango\/wp-content\/uploads\/Maga-lalo-ROTA-DE-TANGO.jpg 800w, https:\/\/www.fracturaexpuesta.com.ar\/tango\/wp-content\/uploads\/Maga-lalo-ROTA-DE-TANGO-300x300.jpg 300w, https:\/\/www.fracturaexpuesta.com.ar\/tango\/wp-content\/uploads\/Maga-lalo-ROTA-DE-TANGO-150x150.jpg 150w, https:\/\/www.fracturaexpuesta.com.ar\/tango\/wp-content\/uploads\/Maga-lalo-ROTA-DE-TANGO-768x768.jpg 768w, https:\/\/www.fracturaexpuesta.com.ar\/tango\/wp-content\/uploads\/Maga-lalo-ROTA-DE-TANGO-100x100.jpg 100w\" sizes=\"auto, (max-width: 800px) 100vw, 800px\" \/><\/figure>\n\n\n\n<p class=\"wp-block-paragraph\">La int\u00e9rprete retoma un repertorio de los a\u00f1os 20, 30 y 40, recuperando figuras como Azucena Maizani y Maruja Pacheco Huergo. \u201cEl tango es donde mi mundo sensible despliega sus m\u00faltiples formas. Intensidad, delicadeza, profundidad, pasi\u00f3n y vulnerabilidad, todo se enlaza de un modo casi perfecto\u201d, cuenta Maga Lalo.<\/p>\n\n\n\n<div class=\"wp-block-buttons is-layout-flex wp-block-buttons-is-layout-flex\">\n<div class=\"wp-block-button\"><a class=\"wp-block-button__link has-white-color has-text-color has-background\" href=\"https:\/\/www.youtube.com\/watch?v=CT7xjn5PA9I\" style=\"background-color:#ff0000\" target=\"_blank\" rel=\"noreferrer noopener\">&#x1f3a7; Escuchar \u00abRota de tango\u00bb<\/a><\/div>\n<\/div>\n\n\n\n<div style=\"height:60px\" aria-hidden=\"true\" class=\"wp-block-spacer\"><\/div>\n\n\n\n<p class=\"wp-block-paragraph\" style=\"font-size:24px\"><strong>Cuerdas del Plata<br><\/strong><em>\u00abDeriva\u00bb<\/em><\/p>\n\n\n\n<figure class=\"wp-block-image size-large\"><img loading=\"lazy\" decoding=\"async\" width=\"1024\" height=\"1024\" src=\"https:\/\/www.fracturaexpuesta.com.ar\/tango\/wp-content\/uploads\/cuerdas-del-plata-deriva-1024x1024.jpg\" alt=\"\" class=\"wp-image-7840\" srcset=\"https:\/\/www.fracturaexpuesta.com.ar\/tango\/wp-content\/uploads\/cuerdas-del-plata-deriva-1024x1024.jpg 1024w, https:\/\/www.fracturaexpuesta.com.ar\/tango\/wp-content\/uploads\/cuerdas-del-plata-deriva-300x300.jpg 300w, https:\/\/www.fracturaexpuesta.com.ar\/tango\/wp-content\/uploads\/cuerdas-del-plata-deriva-150x150.jpg 150w, https:\/\/www.fracturaexpuesta.com.ar\/tango\/wp-content\/uploads\/cuerdas-del-plata-deriva-768x768.jpg 768w, https:\/\/www.fracturaexpuesta.com.ar\/tango\/wp-content\/uploads\/cuerdas-del-plata-deriva-100x100.jpg 100w, https:\/\/www.fracturaexpuesta.com.ar\/tango\/wp-content\/uploads\/cuerdas-del-plata-deriva.jpg 1080w\" sizes=\"auto, (max-width: 1024px) 100vw, 1024px\" \/><\/figure>\n\n\n\n<p class=\"wp-block-paragraph\">Tangos nuevos para orquesta de cuerdas. Obras de diferentes compositores del presente. Una est\u00e9tica que cruza las particularidades de esa formaci\u00f3n acad\u00e9mica con la gestualidad tanguera.<\/p>\n\n\n\n<div class=\"wp-block-buttons is-layout-flex wp-block-buttons-is-layout-flex\">\n<div class=\"wp-block-button\"><a class=\"wp-block-button__link has-white-color has-text-color has-background\" href=\"https:\/\/www.youtube.com\/watch?v=GIv2W-Nuyf0&amp;list=PLmotOQukpdET4K9PJKuM8BW4MUheaBZC3\" style=\"background-color:#ff0000\" target=\"_blank\" rel=\"noreferrer noopener\">&#x1f3a7; Escuchar \u00abDeriva\u00bb<\/a><\/div>\n<\/div>\n\n\n\n<div style=\"height:60px\" aria-hidden=\"true\" class=\"wp-block-spacer\"><\/div>\n\n\n\n<p class=\"wp-block-paragraph\" style=\"font-size:24px\"><strong>Tango Chino<br><\/strong><em>\u00abOtra vez de nuevo again\u00bb<\/em><\/p>\n\n\n\n<figure class=\"wp-block-image size-full\"><img loading=\"lazy\" decoding=\"async\" width=\"640\" height=\"640\" src=\"https:\/\/www.fracturaexpuesta.com.ar\/tango\/wp-content\/uploads\/tango-chino-otra-vez-de-nuevo-again.jpg\" alt=\"\" class=\"wp-image-7843\" srcset=\"https:\/\/www.fracturaexpuesta.com.ar\/tango\/wp-content\/uploads\/tango-chino-otra-vez-de-nuevo-again.jpg 640w, https:\/\/www.fracturaexpuesta.com.ar\/tango\/wp-content\/uploads\/tango-chino-otra-vez-de-nuevo-again-300x300.jpg 300w, https:\/\/www.fracturaexpuesta.com.ar\/tango\/wp-content\/uploads\/tango-chino-otra-vez-de-nuevo-again-150x150.jpg 150w, https:\/\/www.fracturaexpuesta.com.ar\/tango\/wp-content\/uploads\/tango-chino-otra-vez-de-nuevo-again-100x100.jpg 100w\" sizes=\"auto, (max-width: 640px) 100vw, 640px\" \/><\/figure>\n\n\n\n<p class=\"wp-block-paragraph\">Cuarteto que comanda el guitarrista y compositor Edgardo \u00abChino\u00bb Rodr\u00edguez. Un disco que re\u00fane los trabajos pertenecientes a los \u00faltimos cuatro a\u00f1os de la agrupaci\u00f3n, m\u00e1s nuevos temas y arreglos de piezas tradicionales.<\/p>\n\n\n\n<div class=\"wp-block-buttons is-layout-flex wp-block-buttons-is-layout-flex\">\n<div class=\"wp-block-button\"><a class=\"wp-block-button__link has-white-color has-text-color has-background\" href=\"https:\/\/open.spotify.com\/album\/2Ba5jt0msbDQqGKpGLwmB1?si=jTvRuG7KQ9asIVUoBLO1KA&amp;nd=1\" style=\"background-color:#ff0000\" target=\"_blank\" rel=\"noreferrer noopener\">&#x1f3a7; Escuchar \u00abOtra vez de nuevo again\u00bb<\/a><\/div>\n<\/div>\n\n\n\n<div style=\"height:60px\" aria-hidden=\"true\" class=\"wp-block-spacer\"><\/div>\n\n\n\n<p class=\"wp-block-paragraph\" style=\"font-size:24px\"><strong>Placenti &#8211; Brundo<br><\/strong><em>\u00abTangos del 900\u00bb<\/em><\/p>\n\n\n<div class=\"wp-block-image\">\n<figure class=\"aligncenter size-full\"><img loading=\"lazy\" decoding=\"async\" width=\"636\" height=\"636\" src=\"https:\/\/www.fracturaexpuesta.com.ar\/tango\/wp-content\/uploads\/placenti-brundo-tangos-del-900.jpg\" alt=\"\" class=\"wp-image-7849\" srcset=\"https:\/\/www.fracturaexpuesta.com.ar\/tango\/wp-content\/uploads\/placenti-brundo-tangos-del-900.jpg 636w, https:\/\/www.fracturaexpuesta.com.ar\/tango\/wp-content\/uploads\/placenti-brundo-tangos-del-900-300x300.jpg 300w, https:\/\/www.fracturaexpuesta.com.ar\/tango\/wp-content\/uploads\/placenti-brundo-tangos-del-900-150x150.jpg 150w, https:\/\/www.fracturaexpuesta.com.ar\/tango\/wp-content\/uploads\/placenti-brundo-tangos-del-900-100x100.jpg 100w\" sizes=\"auto, (max-width: 636px) 100vw, 636px\" \/><\/figure>\n<\/div>\n\n\n<p class=\"wp-block-paragraph\">D\u00fao integrado por Adri\u00e1n Placenti en piano y Johana Brundo en flauta travesera. Tangos de 1880-1900 compuestos por m\u00fasicos con formaci\u00f3n acad\u00e9mica \u201ca los que el relato oficializado omite y olvida\u201d, seg\u00fan cuenta Placenti. Joaqu\u00edn Cort\u00e9s L\u00f3pez, Pedro Sof\u00eda o Elo\u00edsa D&#8217;Herbil de Silva son algunos de los autores que aborda el disco.<\/p>\n\n\n\n<div class=\"wp-block-buttons is-layout-flex wp-block-buttons-is-layout-flex\">\n<div class=\"wp-block-button\"><a class=\"wp-block-button__link has-white-color has-text-color has-background\" href=\"https:\/\/www.youtube.com\/watch?v=2gr7qYqDioI&amp;list=OLAK5uy_nsyIYfgTKG1oYr0rAcFBJYdmMJNujd8gU\" style=\"background-color:#ff0000\" target=\"_blank\" rel=\"noreferrer noopener\">&#x1f3a7; Escuchar \u00abTangos del 900\u00bb<\/a><\/div>\n<\/div>\n\n\n\n<div style=\"height:60px\" aria-hidden=\"true\" class=\"wp-block-spacer\"><\/div>\n\n\n\n<p class=\"wp-block-paragraph\" style=\"font-size:24px\"><strong>Pablo Jaurena<br><\/strong><em>\u00abRetrato del aire\u00bb<\/em><\/p>\n\n\n<div class=\"wp-block-image\">\n<figure class=\"aligncenter size-full\"><img loading=\"lazy\" decoding=\"async\" width=\"800\" height=\"800\" src=\"https:\/\/www.fracturaexpuesta.com.ar\/tango\/wp-content\/uploads\/PABLO-JAURENA-Retrato-del-Aire-Portada-Plataformas-digitales.jpg\" alt=\"\" class=\"wp-image-7850\" srcset=\"https:\/\/www.fracturaexpuesta.com.ar\/tango\/wp-content\/uploads\/PABLO-JAURENA-Retrato-del-Aire-Portada-Plataformas-digitales.jpg 800w, https:\/\/www.fracturaexpuesta.com.ar\/tango\/wp-content\/uploads\/PABLO-JAURENA-Retrato-del-Aire-Portada-Plataformas-digitales-300x300.jpg 300w, https:\/\/www.fracturaexpuesta.com.ar\/tango\/wp-content\/uploads\/PABLO-JAURENA-Retrato-del-Aire-Portada-Plataformas-digitales-150x150.jpg 150w, https:\/\/www.fracturaexpuesta.com.ar\/tango\/wp-content\/uploads\/PABLO-JAURENA-Retrato-del-Aire-Portada-Plataformas-digitales-768x768.jpg 768w, https:\/\/www.fracturaexpuesta.com.ar\/tango\/wp-content\/uploads\/PABLO-JAURENA-Retrato-del-Aire-Portada-Plataformas-digitales-100x100.jpg 100w\" sizes=\"auto, (max-width: 800px) 100vw, 800px\" \/><\/figure>\n<\/div>\n\n\n<p class=\"wp-block-paragraph\">Esta nueva producci\u00f3n discogr\u00e1fica del compositor y bandoneonista Pablo Jaurena re\u00fane 13 obras instrumentales para bandone\u00f3n solista, algunas de ellas son propias y otras son piezas musicales elegidas especialmente por el artista con arreglos originales y un nuevo abordaje.<\/p>\n\n\n\n<div class=\"wp-block-buttons is-layout-flex wp-block-buttons-is-layout-flex\">\n<div class=\"wp-block-button\"><a class=\"wp-block-button__link has-white-color has-text-color has-background\" href=\"https:\/\/www.youtube.com\/watch?v=kwzeE3pEQI4\" style=\"background-color:#ff0000\" target=\"_blank\" rel=\"noreferrer noopener\">&#x1f3a7; Escuchar \u00abRetrato del aire\u00bb<\/a><\/div>\n<\/div>\n\n\n\n<div style=\"height:60px\" aria-hidden=\"true\" class=\"wp-block-spacer\"><\/div>\n\n\n\n<p class=\"wp-block-paragraph\" style=\"font-size:24px\"><strong>David Sotelo<br><\/strong><em>\u00abEn nombre propio\u00bb<\/em><\/p>\n\n\n\n<figure class=\"wp-block-image size-large\"><img loading=\"lazy\" decoding=\"async\" width=\"1024\" height=\"1024\" src=\"https:\/\/www.fracturaexpuesta.com.ar\/tango\/wp-content\/uploads\/david-sotelo-En-nombre-propio-1024x1024.jpeg\" alt=\"\" class=\"wp-image-7852\" srcset=\"https:\/\/www.fracturaexpuesta.com.ar\/tango\/wp-content\/uploads\/david-sotelo-En-nombre-propio-1024x1024.jpeg 1024w, https:\/\/www.fracturaexpuesta.com.ar\/tango\/wp-content\/uploads\/david-sotelo-En-nombre-propio-300x300.jpeg 300w, https:\/\/www.fracturaexpuesta.com.ar\/tango\/wp-content\/uploads\/david-sotelo-En-nombre-propio-150x150.jpeg 150w, https:\/\/www.fracturaexpuesta.com.ar\/tango\/wp-content\/uploads\/david-sotelo-En-nombre-propio-768x768.jpeg 768w, https:\/\/www.fracturaexpuesta.com.ar\/tango\/wp-content\/uploads\/david-sotelo-En-nombre-propio-1536x1536.jpeg 1536w, https:\/\/www.fracturaexpuesta.com.ar\/tango\/wp-content\/uploads\/david-sotelo-En-nombre-propio-100x100.jpeg 100w, https:\/\/www.fracturaexpuesta.com.ar\/tango\/wp-content\/uploads\/david-sotelo-En-nombre-propio.jpeg 1600w\" sizes=\"auto, (max-width: 1024px) 100vw, 1024px\" \/><\/figure>\n\n\n\n<p class=\"wp-block-paragraph\">Cantante, compositor y guitarrista, Sotelo convoca al paisaje sonoro de la milonga. Mezcla de llanuras y rascacielos a trav\u00e9s de diez canciones originales en letra y m\u00fasica. Nuevas armon\u00edas y giros para la forma tradicional en el quinto disco del artista.<\/p>\n\n\n\n<div class=\"wp-block-buttons is-layout-flex wp-block-buttons-is-layout-flex\">\n<div class=\"wp-block-button\"><a class=\"wp-block-button__link has-white-color has-text-color has-background\" href=\"https:\/\/youtu.be\/G56MNNl-HVE\" style=\"background-color:#ff0000\" target=\"_blank\" rel=\"noreferrer noopener\">&#x1f3a7; Escuchar \u00abEn nombre propio\u00bb<\/a><\/div>\n<\/div>\n\n\n\n<div style=\"height:60px\" aria-hidden=\"true\" class=\"wp-block-spacer\"><\/div>\n\n\n\n<p class=\"wp-block-paragraph\" style=\"font-size:24px\"><strong>Gabriela Novaro<br><\/strong><em>\u00abSomos lo que nos emociona\u00bb<\/em><\/p>\n\n\n\n<figure class=\"wp-block-image size-full is-resized\"><img loading=\"lazy\" decoding=\"async\" src=\"https:\/\/www.fracturaexpuesta.com.ar\/tango\/wp-content\/uploads\/gabriela-novaro-somos-lo-que-nos-emociona.jpg\" alt=\"\" class=\"wp-image-7854\" width=\"650\" height=\"650\" srcset=\"https:\/\/www.fracturaexpuesta.com.ar\/tango\/wp-content\/uploads\/gabriela-novaro-somos-lo-que-nos-emociona.jpg 359w, https:\/\/www.fracturaexpuesta.com.ar\/tango\/wp-content\/uploads\/gabriela-novaro-somos-lo-que-nos-emociona-300x300.jpg 300w, https:\/\/www.fracturaexpuesta.com.ar\/tango\/wp-content\/uploads\/gabriela-novaro-somos-lo-que-nos-emociona-150x150.jpg 150w, https:\/\/www.fracturaexpuesta.com.ar\/tango\/wp-content\/uploads\/gabriela-novaro-somos-lo-que-nos-emociona-100x100.jpg 100w\" sizes=\"auto, (max-width: 650px) 100vw, 650px\" \/><\/figure>\n\n\n\n<p class=\"wp-block-paragraph\">La cantora Gabriela Novaro presenta su cuarto trabajo discogr\u00e1fico. El repertorio est\u00e1 integrado por obras de \u201cautorxs contempor\u00e1nexs\u201d como Marisa V\u00e1zquez, Ana Sof\u00eda Stamponi, Malena Muyala, Alberto Favero, Alfredo Tape Rub\u00edn, entre otros, sin dejar de lado a Manzi, Piazzolla o Disc\u00e9polo.<\/p>\n\n\n\n<div class=\"wp-block-buttons is-layout-flex wp-block-buttons-is-layout-flex\">\n<div class=\"wp-block-button\"><a class=\"wp-block-button__link has-white-color has-text-color has-background\" href=\"https:\/\/www.youtube.com\/watch?v=a14lHmGIZHc&amp;list=OLAK5uy_lELdxrnJKNj5dioqF68r5yvRV811cz0u0\" style=\"background-color:#ff0000\" target=\"_blank\" rel=\"noreferrer noopener\">&#x1f3a7; Escuchar \u00abSomos lo que nos emociona\u00bb<\/a><\/div>\n<\/div>\n\n\n\n<div style=\"height:60px\" aria-hidden=\"true\" class=\"wp-block-spacer\"><\/div>\n\n\n\n<p class=\"wp-block-paragraph\" style=\"font-size:24px\"><strong>Romo-Agri-Messiez<br><\/strong><em>\u00abAhora\u00bb<\/em><\/p>\n\n\n\n<figure class=\"wp-block-image size-full\"><img loading=\"lazy\" decoding=\"async\" width=\"960\" height=\"860\" src=\"https:\/\/www.fracturaexpuesta.com.ar\/tango\/wp-content\/uploads\/romo-agri-messiez-ahora.jpg\" alt=\"\" class=\"wp-image-7857\" srcset=\"https:\/\/www.fracturaexpuesta.com.ar\/tango\/wp-content\/uploads\/romo-agri-messiez-ahora.jpg 960w, https:\/\/www.fracturaexpuesta.com.ar\/tango\/wp-content\/uploads\/romo-agri-messiez-ahora-300x269.jpg 300w, https:\/\/www.fracturaexpuesta.com.ar\/tango\/wp-content\/uploads\/romo-agri-messiez-ahora-768x688.jpg 768w\" sizes=\"auto, (max-width: 960px) 100vw, 960px\" \/><\/figure>\n\n\n\n<p class=\"wp-block-paragraph\">Disco debut del tr\u00edo que formaron el bandoneonista Horacio Romo, el violinista Pablo Agri y el pianista Emiliano Messiez. Un encuentro musical con composiciones de cada uno de los integrantes y que se completa con nuevos arreglos de piezas reconocidas.<\/p>\n\n\n\n<div class=\"wp-block-buttons is-layout-flex wp-block-buttons-is-layout-flex\">\n<div class=\"wp-block-button\"><a class=\"wp-block-button__link has-white-color has-text-color has-background\" href=\"https:\/\/www.youtube.com\/watch?v=cETwK5HUtQk\" style=\"background-color:#ff0000\" target=\"_blank\" rel=\"noreferrer noopener\">&#x1f3a7; Escuchar \u00abAhora\u00bb<\/a><\/div>\n<\/div>\n\n\n\n<div style=\"height:60px\" aria-hidden=\"true\" class=\"wp-block-spacer\"><\/div>\n\n\n\n<p class=\"wp-block-paragraph\" style=\"font-size:24px\"><strong>Amores Tangos<br><\/strong><em>\u00abMilonga universal\u00bb<\/em><\/p>\n\n\n\n<figure class=\"wp-block-image size-full is-resized\"><img loading=\"lazy\" decoding=\"async\" src=\"https:\/\/www.fracturaexpuesta.com.ar\/tango\/wp-content\/uploads\/amores-tangos-milonga-universal.png\" alt=\"\" class=\"wp-image-7858\" width=\"626\" height=\"626\" srcset=\"https:\/\/www.fracturaexpuesta.com.ar\/tango\/wp-content\/uploads\/amores-tangos-milonga-universal.png 486w, https:\/\/www.fracturaexpuesta.com.ar\/tango\/wp-content\/uploads\/amores-tangos-milonga-universal-300x300.png 300w, https:\/\/www.fracturaexpuesta.com.ar\/tango\/wp-content\/uploads\/amores-tangos-milonga-universal-150x150.png 150w, https:\/\/www.fracturaexpuesta.com.ar\/tango\/wp-content\/uploads\/amores-tangos-milonga-universal-100x100.png 100w\" sizes=\"auto, (max-width: 626px) 100vw, 626px\" \/><\/figure>\n\n\n\n<p class=\"wp-block-paragraph\">Tango, milonga, vals, bossa nova y canci\u00f3n son parte del quinto disco de esta agrupaci\u00f3n de esp\u00edritu festivo y de amplio espectro estil\u00edstico. Con invitados como Sandra Mihanovich, Ligia Piro, Pepo San Mart\u00edn (Cient\u00edficos del Palo), Negro Fal\u00f3tico y Cucuza Castiello.<\/p>\n\n\n\n<div class=\"wp-block-buttons is-layout-flex wp-block-buttons-is-layout-flex\">\n<div class=\"wp-block-button\"><a class=\"wp-block-button__link has-white-color has-text-color has-background\" href=\"https:\/\/open.spotify.com\/album\/2LRDhI83PZVLARpZzDOWjB\" style=\"background-color:#ff0000\" target=\"_blank\" rel=\"noreferrer noopener\">&#x1f3a7; Escuchar \u00abMilonga universal\u00bb<\/a><\/div>\n<\/div>\n\n\n\n<div style=\"height:60px\" aria-hidden=\"true\" class=\"wp-block-spacer\"><\/div>\n\n\n\n<p class=\"wp-block-paragraph\" style=\"font-size:24px\"><strong>Varias artistas<br><\/strong><em>\u00abVen\u00ed que te cuento\u00bb<\/em><\/p>\n\n\n\n<figure class=\"wp-block-image size-large\"><img loading=\"lazy\" decoding=\"async\" width=\"1024\" height=\"1024\" src=\"https:\/\/www.fracturaexpuesta.com.ar\/tango\/wp-content\/uploads\/veni-que-te-cuento-1024x1024.jpg\" alt=\"\" class=\"wp-image-7861\" srcset=\"https:\/\/www.fracturaexpuesta.com.ar\/tango\/wp-content\/uploads\/veni-que-te-cuento-1024x1024.jpg 1024w, https:\/\/www.fracturaexpuesta.com.ar\/tango\/wp-content\/uploads\/veni-que-te-cuento-300x300.jpg 300w, https:\/\/www.fracturaexpuesta.com.ar\/tango\/wp-content\/uploads\/veni-que-te-cuento-150x150.jpg 150w, https:\/\/www.fracturaexpuesta.com.ar\/tango\/wp-content\/uploads\/veni-que-te-cuento-768x768.jpg 768w, https:\/\/www.fracturaexpuesta.com.ar\/tango\/wp-content\/uploads\/veni-que-te-cuento-100x100.jpg 100w, https:\/\/www.fracturaexpuesta.com.ar\/tango\/wp-content\/uploads\/veni-que-te-cuento.jpg 1080w\" sizes=\"auto, (max-width: 1024px) 100vw, 1024px\" \/><\/figure>\n\n\n\n<p class=\"wp-block-paragraph\">Se cumplen 20 a\u00f1os de la muerte de Tita Merello y Ada Falc\u00f3n y nueve cantoras tomaron la iniciativa de homenajearlas con m\u00fasica nueva. Con la participaci\u00f3n de Floru Ubertalli, Natalia Bril, Natalia Mart\u00ednez, Nati Mancini, Dani L\u00e9st\u00e9 (Rosario), Eli Fern\u00e1ndez (C\u00f3rdoba), Sof\u00eda Tosello (C\u00f3rdoba-New York), Estefan\u00eda Melonio (Uruguay) y Megan Yvonne (Portland, Estados Unidos).<\/p>\n\n\n\n<div class=\"wp-block-buttons is-layout-flex wp-block-buttons-is-layout-flex\">\n<div class=\"wp-block-button\"><a class=\"wp-block-button__link has-white-color has-text-color has-background\" href=\"https:\/\/open.spotify.com\/album\/45H7iwfeBeP4D1a3qqKRML\" style=\"background-color:#ff0000\" target=\"_blank\" rel=\"noreferrer noopener\">&#x1f3a7; Escuchar \u00abVen\u00ed que te cuento\u00bb<\/a><\/div>\n<\/div>\n\n\n\n<div style=\"height:60px\" aria-hidden=\"true\" class=\"wp-block-spacer\"><\/div>\n\n\n\n<p class=\"wp-block-paragraph\" style=\"font-size:24px\"><strong>Ballena Blanca<br><\/strong><em>\u00abEl hambre\u00bb<\/em><\/p>\n\n\n\n<figure class=\"wp-block-image size-full is-resized\"><img loading=\"lazy\" decoding=\"async\" src=\"https:\/\/www.fracturaexpuesta.com.ar\/tango\/wp-content\/uploads\/ballena-blanca-el-hambre.jpg\" alt=\"\" class=\"wp-image-7863\" width=\"610\" height=\"605\" srcset=\"https:\/\/www.fracturaexpuesta.com.ar\/tango\/wp-content\/uploads\/ballena-blanca-el-hambre.jpg 480w, https:\/\/www.fracturaexpuesta.com.ar\/tango\/wp-content\/uploads\/ballena-blanca-el-hambre-300x298.jpg 300w, https:\/\/www.fracturaexpuesta.com.ar\/tango\/wp-content\/uploads\/ballena-blanca-el-hambre-150x150.jpg 150w, https:\/\/www.fracturaexpuesta.com.ar\/tango\/wp-content\/uploads\/ballena-blanca-el-hambre-100x100.jpg 100w\" sizes=\"auto, (max-width: 610px) 100vw, 610px\" \/><\/figure>\n\n\n\n<p class=\"wp-block-paragraph\">El EP es el primer trabajo discogr\u00e1fico del octeto -creado en 2019- que dirige el bandoneonista Pablo Ciliberto. \u00abEnerg\u00eda, autenticidad y sustancia\u00bb, as\u00ed define el grupo a su m\u00fasica. Nuevas formas, nuevos tangos que pretenden \u00abrehuir a los artificios vanos y la superficialidad que caracterizan a esta \u00e9poca\u00bb, cuentan.<\/p>\n\n\n\n<div class=\"wp-block-buttons is-layout-flex wp-block-buttons-is-layout-flex\">\n<div class=\"wp-block-button\"><a class=\"wp-block-button__link has-white-color has-text-color has-background\" href=\"https:\/\/www.youtube.com\/watch?v=EvdgjJ3YuhY\" style=\"background-color:#ff0000\" target=\"_blank\" rel=\"noreferrer noopener\">&#x1f3a7; Escuchar \u00abEl hambre\u00bb<\/a><\/div>\n<\/div>\n\n\n\n<div style=\"height:60px\" aria-hidden=\"true\" class=\"wp-block-spacer\"><\/div>\n\n\n\n<p class=\"has-background wp-block-paragraph\" style=\"background-color:#dedede\"><em><strong>Bonus track: los que vendr\u00e1n<\/strong><br><\/em>Algunos discos que llegar\u00e1n en las pr\u00f3ximas semanas y meses y que ya est\u00e1n anunciados:<br><br>\u00abContempor\u00e1nea\u00bb, de Viviana Scarlassa.<br>\u00abEncuentro Am\u00e1lia Gardel\u00bb, de Karina Beorlegui.<br>\u00abPara compartir\u00bb, del grupo estadounidense de tango Athens Tango Project.<\/p>\n\n\n\n<p class=\"wp-block-paragraph\"><\/p>\n\n\n\n<p class=\"wp-block-paragraph\"><\/p>\n\n\n\n<p class=\"wp-block-paragraph\"><\/p>\n","protected":false},"excerpt":{"rendered":"<p>Fractura Expuesta confeccion\u00f3 una lista con 15 lanzamientos recientes que dan cuenta de las m\u00faltiples miradas que conviven hoy en el tango.<\/p>\n","protected":false},"author":1,"featured_media":7868,"comment_status":"open","ping_status":"open","sticky":false,"template":"","format":"standard","meta":{"footnotes":""},"categories":[3],"tags":[126,520,518,286,502,515,511,32,516,177,519,512,510,514,513,517,162,363,121],"class_list":["post-7770","post","type-post","status-publish","format-standard","has-post-thumbnail","hentry","category-noticias","tag-amores-tangos","tag-athens-tango-project","tag-ballena-blanca","tag-bandonegro","tag-cuerdas-del-plata","tag-david-sotelo","tag-el-arranque","tag-featured","tag-gabriela-novaro","tag-julian-peralta","tag-karina-beorlegui","tag-maga-lalo","tag-orquesta-tipica-julian-peralta","tag-pablo-jaurena","tag-placenti-brundo","tag-romo-agri-messiez","tag-tango-chino","tag-tangotico","tag-viviana-scarlassa"],"_links":{"self":[{"href":"https:\/\/www.fracturaexpuesta.com.ar\/tango\/wp-json\/wp\/v2\/posts\/7770","targetHints":{"allow":["GET"]}}],"collection":[{"href":"https:\/\/www.fracturaexpuesta.com.ar\/tango\/wp-json\/wp\/v2\/posts"}],"about":[{"href":"https:\/\/www.fracturaexpuesta.com.ar\/tango\/wp-json\/wp\/v2\/types\/post"}],"author":[{"embeddable":true,"href":"https:\/\/www.fracturaexpuesta.com.ar\/tango\/wp-json\/wp\/v2\/users\/1"}],"replies":[{"embeddable":true,"href":"https:\/\/www.fracturaexpuesta.com.ar\/tango\/wp-json\/wp\/v2\/comments?post=7770"}],"version-history":[{"count":86,"href":"https:\/\/www.fracturaexpuesta.com.ar\/tango\/wp-json\/wp\/v2\/posts\/7770\/revisions"}],"predecessor-version":[{"id":7873,"href":"https:\/\/www.fracturaexpuesta.com.ar\/tango\/wp-json\/wp\/v2\/posts\/7770\/revisions\/7873"}],"wp:featuredmedia":[{"embeddable":true,"href":"https:\/\/www.fracturaexpuesta.com.ar\/tango\/wp-json\/wp\/v2\/media\/7868"}],"wp:attachment":[{"href":"https:\/\/www.fracturaexpuesta.com.ar\/tango\/wp-json\/wp\/v2\/media?parent=7770"}],"wp:term":[{"taxonomy":"category","embeddable":true,"href":"https:\/\/www.fracturaexpuesta.com.ar\/tango\/wp-json\/wp\/v2\/categories?post=7770"},{"taxonomy":"post_tag","embeddable":true,"href":"https:\/\/www.fracturaexpuesta.com.ar\/tango\/wp-json\/wp\/v2\/tags?post=7770"}],"curies":[{"name":"wp","href":"https:\/\/api.w.org\/{rel}","templated":true}]}}