{"id":7896,"date":"2022-11-28T19:58:20","date_gmt":"2022-11-28T19:58:20","guid":{"rendered":"https:\/\/www.fracturaexpuesta.com.ar\/tango\/?p=7896"},"modified":"2022-11-28T20:41:52","modified_gmt":"2022-11-28T20:41:52","slug":"picadito-de-tango-47","status":"publish","type":"post","link":"https:\/\/www.fracturaexpuesta.com.ar\/tango\/picadito-de-tango-47\/","title":{"rendered":"Picadito de tango #47: discos y conciertos"},"content":{"rendered":"\n<p class=\"has-text-color wp-block-paragraph\" style=\"color:#ff0101;font-size:26px\"><strong>Contempor\u00e1nea, nuevo disco de Viviana Scarlassa<\/strong><\/p>\n\n\n\n<p class=\"wp-block-paragraph\">Publicado recientemente en plataformas musicales, <em>Contempor\u00e1nea<\/em> es el nuevo disco de la cantante Viviana Scarlassa. Un material creado con la obra de autores y autoras que \u201cest\u00e1n vivos\u201d, dice Scarlassa sobre la selecci\u00f3n del repertorio.<\/p>\n\n\n\n<p class=\"wp-block-paragraph\">\u201cEn la mayor\u00eda de los casos<strong> son mujeres quienes han escrito las letras o bien son obras que tienen a la mujer como protagonista<\/strong>\u201d, agrega la cantante acerca de un disco dedicado \u201ca cada una de las mujeres que nos dieron vida e historia\u201d.<\/p>\n\n\n\n<p class=\"wp-block-paragraph\">Alejandro Szwarcman, Dora Ch\u00e1vez, Marta Pizzo, Ana Sof\u00eda Stamponi o Claudia Levy son parte de las plumas a las que recurre Scarlassa para dar sustancia de letra a su disco.<\/p>\n\n\n\n<p class=\"wp-block-paragraph\"><strong><em>Escuch\u00e1 Contempor\u00e1nea, de Viviana Scarlassa:<\/em><\/strong><\/p>\n\n\n\n<figure class=\"wp-block-embed is-type-rich is-provider-spotify wp-block-embed-spotify wp-embed-aspect-21-9 wp-has-aspect-ratio\"><div class=\"wp-block-embed__wrapper\">\n<iframe title=\"Spotify Embed: Contemporanea\" style=\"border-radius: 12px\" width=\"100%\" height=\"352\" frameborder=\"0\" allowfullscreen allow=\"autoplay; clipboard-write; encrypted-media; fullscreen; picture-in-picture\" loading=\"lazy\" src=\"https:\/\/open.spotify.com\/embed\/album\/3eWS7gAwBq14djP6Bgi29H?si=abrRtrfUSRukFfIBm2WWug&amp;utm_source=oembed\"><\/iframe>\n<\/div><\/figure>\n\n\n\n<p class=\"has-text-color wp-block-paragraph\" style=\"color:#ff0000;font-size:26px\"><strong>Conciertos a lo Grande<\/strong><\/p>\n\n\n\n<p class=\"wp-block-paragraph\">El <strong>Quinteto Grande<\/strong>, creado en 2015 por iniciativa del violinista Mat\u00edas Grande, cerrar\u00e1 el a\u00f1o con dos conciertos especiales. El primero ser\u00e1 en<strong> Caf\u00e9 Vinilo, el viernes 2 diciembre <\/strong>y el segundo tendr\u00e1 lugar en <strong>el CCK, el mi\u00e9rcoles 7<\/strong>, junto a la Orquesta Nacional de M\u00fasica Argentina Juan de Dios Filiberto.<\/p>\n\n\n\n<p class=\"wp-block-paragraph\">Con la intenci\u00f3n de \u201cagregar bocanadas de aire fresco al tango porte\u00f1o\u201d, en su etapa actual la formaci\u00f3n apela a conjugar \u201critmos jazzeros\u201d desde una mirada que contempla adem\u00e1s lo tradicional y lo contempor\u00e1neo de la m\u00fasica de Buenos Aires.<\/p>\n\n\n\n<p class=\"wp-block-paragraph\">Junto a Grande en el viol\u00edn, completan el quinteto Nicol\u00e1s Enrich (bandone\u00f3n), Karmen Rencar (cello), Fulvio Giraudo (piano) y Manuel \u201cPopo\u201d Gomez (contrabajo).<\/p>\n\n\n\n<iframe loading=\"lazy\" width=\"560\" height=\"315\" src=\"https:\/\/www.youtube.com\/embed\/Lql6nIeyjBg\" title=\"YouTube video player\" frameborder=\"0\" allow=\"accelerometer; autoplay; clipboard-write; encrypted-media; gyroscope; picture-in-picture\" allowfullscreen><\/iframe>\n\n\n\n<p class=\"wp-block-paragraph\"><\/p>\n\n\n\n<p class=\"has-text-color wp-block-paragraph\" style=\"color:#ff0000;font-size:26px\"><strong>Cucuza cierra el a\u00f1o con tango y rock<\/strong><\/p>\n\n\n\n<p class=\"wp-block-paragraph\">La Tangolencia Menesunda Tanguera tendr\u00e1 un nuevo cap\u00edtulo en lo que queda de 2022. El espect\u00e1culo comandado por el cantor Hern\u00e1n \u201cCucuza\u201d Castiello, que cruza al tango con el rock, llegar\u00e1 de nuevo a La Trastienda<strong> el viernes 2 de diciembre<\/strong>, a las 23.<\/p>\n\n\n\n<p class=\"wp-block-paragraph\">\u201cPorque el tango y el rock nuestro no est\u00e1n lejanos ni mucho menos, ni est\u00e1n lejanas sus letras, sus armon\u00edas, ni sus esencias\u201d, aclara Cucuza sobre el esp\u00edritu del concierto que contar\u00e1 con invitados como <strong>Maxi Prietto, Alfredo Piro, Yacar\u00e9 Manso y Acho Estol<\/strong>. Las <a href=\"https:\/\/www.tuentrada.com\/eventos\/detalle\/Cucuza\/357629534260\" target=\"_blank\" rel=\"noopener\" title=\"\">entradas ya est\u00e1n disponibles<\/a> para venta anticipada.<\/p>\n\n\n\n<p class=\"wp-block-paragraph\">Habr\u00e1, seg\u00fan adelanta el cantor, tangos de Soda Stereo, Calamaro, Spinetta, Redonditos, P\u00e1ez, Babas\u00f3nicos, de Conociendo Rusia, Virus, valses de Sui Generis mientras conviven en armon\u00eda Charly con Pugliese o Luca Prodan con Gardel y Lepera.<\/p>\n\n\n\n<iframe loading=\"lazy\" width=\"560\" height=\"315\" src=\"https:\/\/www.youtube.com\/embed\/z0mP6oID6rM\" title=\"YouTube video player\" frameborder=\"0\" allow=\"accelerometer; autoplay; clipboard-write; encrypted-media; gyroscope; picture-in-picture\" allowfullscreen><\/iframe>\n","protected":false},"excerpt":{"rendered":"<p>Con Viviana Scarlassa, el Quinteto Grande y Cucuza Castiello<\/p>\n","protected":false},"author":1,"featured_media":7897,"comment_status":"open","ping_status":"open","sticky":false,"template":"","format":"standard","meta":{"footnotes":""},"categories":[3],"tags":[119,32,521,201,522,121],"class_list":["post-7896","post","type-post","status-publish","format-standard","has-post-thumbnail","hentry","category-noticias","tag-cucuza-castiello","tag-featured","tag-matias-grande","tag-picadito","tag-quinteto-grande","tag-viviana-scarlassa"],"_links":{"self":[{"href":"https:\/\/www.fracturaexpuesta.com.ar\/tango\/wp-json\/wp\/v2\/posts\/7896","targetHints":{"allow":["GET"]}}],"collection":[{"href":"https:\/\/www.fracturaexpuesta.com.ar\/tango\/wp-json\/wp\/v2\/posts"}],"about":[{"href":"https:\/\/www.fracturaexpuesta.com.ar\/tango\/wp-json\/wp\/v2\/types\/post"}],"author":[{"embeddable":true,"href":"https:\/\/www.fracturaexpuesta.com.ar\/tango\/wp-json\/wp\/v2\/users\/1"}],"replies":[{"embeddable":true,"href":"https:\/\/www.fracturaexpuesta.com.ar\/tango\/wp-json\/wp\/v2\/comments?post=7896"}],"version-history":[{"count":7,"href":"https:\/\/www.fracturaexpuesta.com.ar\/tango\/wp-json\/wp\/v2\/posts\/7896\/revisions"}],"predecessor-version":[{"id":7904,"href":"https:\/\/www.fracturaexpuesta.com.ar\/tango\/wp-json\/wp\/v2\/posts\/7896\/revisions\/7904"}],"wp:featuredmedia":[{"embeddable":true,"href":"https:\/\/www.fracturaexpuesta.com.ar\/tango\/wp-json\/wp\/v2\/media\/7897"}],"wp:attachment":[{"href":"https:\/\/www.fracturaexpuesta.com.ar\/tango\/wp-json\/wp\/v2\/media?parent=7896"}],"wp:term":[{"taxonomy":"category","embeddable":true,"href":"https:\/\/www.fracturaexpuesta.com.ar\/tango\/wp-json\/wp\/v2\/categories?post=7896"},{"taxonomy":"post_tag","embeddable":true,"href":"https:\/\/www.fracturaexpuesta.com.ar\/tango\/wp-json\/wp\/v2\/tags?post=7896"}],"curies":[{"name":"wp","href":"https:\/\/api.w.org\/{rel}","templated":true}]}}